{"id":99417,"date":"2024-04-09T11:51:19","date_gmt":"2024-04-09T14:51:19","guid":{"rendered":"https:\/\/100xd.com.ar\/?p=99417"},"modified":"2024-04-09T11:51:19","modified_gmt":"2024-04-09T14:51:19","slug":"que-es-la-tasa-vial-que-pagan-miles-de-bonaerenses-sin-saberlo-y-por-que-podria-terminar-en-la-justicia","status":"publish","type":"post","link":"https:\/\/100xd.com.ar\/es\/que-es-la-tasa-vial-que-pagan-miles-de-bonaerenses-sin-saberlo-y-por-que-podria-terminar-en-la-justicia\/","title":{"rendered":"Qu\u00e9 es la tasa vial que pagan miles de bonaerenses sin saberlo y por qu\u00e9 podr\u00eda terminar en la Justicia"},"content":{"rendered":"<p class=\"wp-block-paragraph\">La aplicaci\u00f3n de la&nbsp;<strong>tasa vial<\/strong>, en una treintena de municipios bonaerenses, no es otra cosa que un \u201cpseudo\u201d&nbsp;<strong><a href=\"https:\/\/www.mdzol.com\/politica\/2024\/4\/4\/diputado-libertario-acuso-intendentes-bonaerenses-de-ser-degenerados-fiscales-417912.html\">impuesto cobrado por los intendentes<\/a><\/strong>&nbsp;en sus cuentas. No s\u00f3lo perjudica&nbsp;a los vecinos sino a los propietarios de las<strong>&nbsp;estaciones de servicios<\/strong>, que tras la aplicaci\u00f3n de esta<strong>&nbsp;tasa<\/strong>&nbsp;ven c\u00f3mo se desmoronan sus ventas poniendo en peligro la continuidad del servicio que prestan.<\/p>\n\n\n\n<figure data-spectra-id=\"spectra-ed18a687-c773-41c7-90d2-676de40265aa\" class=\"wp-block-image\"><img decoding=\"async\" src=\"https:\/\/www.mdzol.com\/u\/fotografias\/m\/2024\/1\/30\/f768x1-1543176_1543303_4836.jpg\" alt=\"F768x1 1543176 1543303 4836\" title=\"Qu\u00e9 es la tasa vial que pagan miles de bonaerenses sin saberlo y por qu\u00e9 podr\u00eda terminar en la Justicia\" \/><figcaption>Los estacioneros reclaman la eliminaci\u00f3n de la tasa vial.<\/figcaption><\/figure>\n\n\n\n<p class=\"wp-block-paragraph\">Es por eso que desde la&nbsp;<a href=\"http:\/\/cecha.org.ar\/site\/\"><strong>Confederaci\u00f3n de Entidades del Comercio de Hidrocarburos y Afines de la Rep\u00fablica Argentina (CECHA)<\/strong><\/a>&nbsp;se manifestaron en contra del cobro de esta doble imposici\u00f3n tributaria, alertando que si la Justicia no lo frena, la tasa vial podr\u00eda replicarse en municipios de otras provincias.<\/p>\n\n\n\n<p class=\"wp-block-paragraph\">En tanto desde<strong>&nbsp;CECHA<\/strong>&nbsp;emitieron un comunicado celebrando que en tres municipios del conurbano (Tres de Febrero, Esteban Echeverr\u00eda y Mor\u00f3n) sus intendentes est\u00e9n en contra del cobro de la&nbsp;<strong>Tasa Vial<\/strong>, por lo que esperan que m\u00e1s jefes comunales sigan ese ejemplo. A su vez,&nbsp;informaron que trabajan con ONG de los distritos afectados por la doble imposici\u00f3n al expendio de combustible, para accionar judicialmente contra los municipios que la apliquen.<\/p>\n\n\n\n<p class=\"wp-block-paragraph\">En di\u00e1logo con&nbsp;<a href=\"https:\/\/www.mdzol.com\/\"><strong>MDZ<\/strong><\/a><strong>,&nbsp;<\/strong>Vicente Impieri, vicepresidente Primero de<strong>&nbsp;CECHA<\/strong>, afirm\u00f3&nbsp;que lo que hacen algunos intendentes de la provincia de Buenos Aires es inconstitucional, y explic\u00f3&nbsp;que \u201cla Ley de coparticipaci\u00f3n&nbsp;en ese sentido es clara, dice que no se pueden generar nuevos impuestos a los que ya coparticipa&nbsp;Naci\u00f3n a las provincias. Y esto es un nuevo impuesto, porque la t<strong>asa vial&nbsp;<\/strong>no ofrece ninguna contraprestaci\u00f3n a los vecinos, por lo que es una doble imposici\u00f3n\u201d.<\/p>\n\n\n\n<p class=\"wp-block-paragraph\">\u201cDesde el punto de vista judicial, hay elementos como para rebatir esto, que lleva ya algunos a\u00f1os.&nbsp;<a href=\"https:\/\/www.mdzol.com\/dinero\/2020\/1\/10\/estacioneros-van-la-justicia-contra-los-municipios-que-cobren-tasa-vial-59090.html\">Ya tenemos jurisprudencia en el tema, cuando llevamos al municipio de Jun\u00edn a la justicia<\/a>, ganando en primera instancia y despu\u00e9s la Corte durmi\u00f3 el tema. Sabemos que esto es pol\u00edtico y la Justicia corre en ese sentido, por lo que esperamos que nos acompa\u00f1en\u201d, agreg\u00f3&nbsp;el vicepresidente primero de&nbsp;<strong>CECHA<\/strong><strong>TE PODR\u00cdA INTERESAR<\/strong><\/p>\n\n\n\n<ul class=\"wp-block-list\"><li><a href=\"https:\/\/www.mdzol.com\/dinero\/2024\/4\/3\/por-que-cae-hasta-un-60-la-demanda-de-combustible-en-ciudades-fronterizas-417327.html\">Por qu\u00e9 cae hasta un 60% la demanda de combustible en ciudades fronterizas<\/a><\/li><li><a href=\"https:\/\/www.mdzol.com\/dinero\/2024\/4\/1\/tras-el-aumento-de-las-naftas-como-se-puede-ahorrar-en-la-carga-de-combustible-417031.html\">Tras el aumento de las naftas, c\u00f3mo se puede ahorrar en la carga de combustible<\/a><\/li><\/ul>\n\n\n\n<figure data-spectra-id=\"spectra-139d410a-a751-4bc9-9780-6ab1de0a389b\" class=\"wp-block-image\"><img decoding=\"async\" src=\"https:\/\/www.mdzol.com\/u\/fotografias\/m\/2024\/4\/8\/f768x1-1577422_1577549_0.png\" alt=\"F768x1 1577422 1577549 0\" title=\"Qu\u00e9 es la tasa vial que pagan miles de bonaerenses sin saberlo y por qu\u00e9 podr\u00eda terminar en la Justicia\" \/><figcaption>Vicente Impieri, vicepresidente Primero de CECHA y presidente de FECRA.<\/figcaption><\/figure>\n\n\n\n<p class=\"wp-block-paragraph\">En tanto, sostuvo que al grabar porcentajes a la carga de combustible y no un monto fijo como era cuando crearon la tasa vial, agravaron la dif\u00edcil situaci\u00f3n que atraviesan las&nbsp;<strong>estaciones de servicio&nbsp;<\/strong>por la ca\u00edda de las ventas: \u201cEn t\u00e9rminos porcentuales, en los municipios que aplican la doble imposici\u00f3n las ventas cayeron cerca de un 40%, y en los municipios del conurbano que aplican la t<strong>asa vial<\/strong>, por cercan\u00eda a la Capital Federal donde el combustible es m\u00e1s barato, la ca\u00edda puede acercarse al 50%\u201d.<\/p>\n\n\n\n<p class=\"wp-block-paragraph\">\u201cCobrar una<strong>&nbsp;<\/strong>tasa<strong>&nbsp;<\/strong>a la carga de&nbsp;combustibles, que dependiendo del municipio, va del 1% al 4,5%, no es el camino para recuperar el rojo que tienen en las cuentas los intendentes. El camino es bajar la presi\u00f3n impositiva al comercio, la industria y que el contribuyente no se sienta agobiado por la suba de impuestos\u201d, remarc\u00f3&nbsp;Vicente Impieri.<\/p>\n\n\n\n<p class=\"wp-block-paragraph\">En cuanto a la cantidad de municipios bonaerenses que cobran la<strong>&nbsp;<\/strong>tasa, el representante de&nbsp;<strong>CECHA<\/strong>, remarc\u00f3&nbsp;que son cerca de 30, y agreg\u00f3:&nbsp;\u201cEs algo que se increment\u00f3 en los \u00faltimos meses. Por suerte son muchos los intendentes que est\u00e1n en contra de aplicar este pseudo impuestoque perjudica al bolsillo de sus vecinos\u201d.<\/p>\n\n\n\n<p class=\"wp-block-paragraph\">En este contexto, remarc\u00f3:&nbsp;\u201cNos trae problemas a nosotros, genera una asimetr\u00eda de precios entre las&nbsp;<strong>estaciones de servicio<\/strong>. Imaginate que entre un municipio que cobra este pseudo impuesto y otro que no, llenar el tanque puede representar una diferencia de $2.000 y la distancia entre una&nbsp;<strong>estaci\u00f3n de servicio<\/strong>&nbsp;puede ser cruzar una avenida o hacer dos cuadras. Es m\u00e1s que l\u00f3gico que la gente cuide el bolsillo y vaya a cargar combustible al municipio vecino\u201d.<\/p>\n\n\n\n<p class=\"wp-block-paragraph\">Finalmente, el vicepresidente Primero de<strong>\u00a0CECHA,<\/strong>\u00a0Vicente Impieri, expres\u00f3\u00a0que el cobro del gravamen puede llevar al cierre de\u00a0<strong>estaciones de servicios<\/strong>, por lo que apel\u00f3\u00a0a la sensatez de los intendentes para que revean la medida, alertando que desde la entidad\u00a0<strong>\u201cse eval\u00faa iniciar acciones legales contra todos los distritos que cobren la tasa vial\u201d.<\/strong><\/p>\n\n\n\n<p class=\"wp-block-paragraph\">Fuente:<a href=\"https:\/\/www.mdzol.com\/\"> Mendoza online<\/a><\/p>","protected":false},"excerpt":{"rendered":"<p>La aplicaci\u00f3n de la&nbsp;tasa vial, en una treintena de municipios bonaerenses, no es otra cosa que un \u201cpseudo\u201d&nbsp;impuesto cobrado por los intendentes&nbsp;en sus cuentas. No s\u00f3lo perjudica&nbsp;a los vecinos sino a los propietarios de las&nbsp;estaciones de servicios, que tras la aplicaci\u00f3n de esta&nbsp;tasa&nbsp;ven c\u00f3mo se desmoronan sus ventas poniendo en peligro la continuidad del servicio [&hellip;]<\/p>\n","protected":false},"author":9,"featured_media":0,"comment_status":"open","ping_status":"open","sticky":false,"template":"","format":"standard","meta":{"site-sidebar-layout":"default","site-content-layout":"","ast-site-content-layout":"default","site-content-style":"default","site-sidebar-style":"default","ast-global-header-display":"","ast-banner-title-visibility":"","ast-main-header-display":"","ast-hfb-above-header-display":"","ast-hfb-below-header-display":"","ast-hfb-mobile-header-display":"","site-post-title":"","ast-breadcrumbs-content":"","ast-featured-img":"","footer-sml-layout":"","ast-disable-related-posts":"","theme-transparent-header-meta":"","adv-header-id-meta":"","stick-header-meta":"","header-above-stick-meta":"","header-main-stick-meta":"","header-below-stick-meta":"","astra-migrate-meta-layouts":"default","ast-page-background-enabled":"default","ast-page-background-meta":{"desktop":{"background-color":"","background-image":"","background-repeat":"repeat","background-position":"center center","background-size":"auto","background-attachment":"scroll","background-type":"","background-media":"","overlay-type":"","overlay-color":"","overlay-opacity":"","overlay-gradient":""},"tablet":{"background-color":"","background-image":"","background-repeat":"repeat","background-position":"center center","background-size":"auto","background-attachment":"scroll","background-type":"","background-media":"","overlay-type":"","overlay-color":"","overlay-opacity":"","overlay-gradient":""},"mobile":{"background-color":"","background-image":"","background-repeat":"repeat","background-position":"center center","background-size":"auto","background-attachment":"scroll","background-type":"","background-media":"","overlay-type":"","overlay-color":"","overlay-opacity":"","overlay-gradient":""}},"ast-content-background-meta":{"desktop":{"background-color":"var(--ast-global-color-5)","background-image":"","background-repeat":"repeat","background-position":"center center","background-size":"auto","background-attachment":"scroll","background-type":"","background-media":"","overlay-type":"","overlay-color":"","overlay-opacity":"","overlay-gradient":""},"tablet":{"background-color":"var(--ast-global-color-5)","background-image":"","background-repeat":"repeat","background-position":"center center","background-size":"auto","background-attachment":"scroll","background-type":"","background-media":"","overlay-type":"","overlay-color":"","overlay-opacity":"","overlay-gradient":""},"mobile":{"background-color":"var(--ast-global-color-5)","background-image":"","background-repeat":"repeat","background-position":"center center","background-size":"auto","background-attachment":"scroll","background-type":"","background-media":"","overlay-type":"","overlay-color":"","overlay-opacity":"","overlay-gradient":""}},"footnotes":""},"categories":[2],"tags":[],"class_list":["post-99417","post","type-post","status-publish","format-standard","hentry","category-politica"],"spectra_blocks_featured_image_url":null,"spectra_blocks_author_info":{"display_name":"Jorge Alfredo Baret","avatar_url":"https:\/\/secure.gravatar.com\/avatar\/31696f5ca83439b642450ec7d3f82f98451a5efacb414343d5478c982b337f26?s=96&d=mm&r=g","author_link":"https:\/\/100xd.com.ar\/es\/author\/jorge\/","description":"Ingeniero Qu\u00edmico UTN - Director Apoderado de Comunicaciones Auditadas SA. Editor Responsable 100xd.com.ar."},"_links":{"self":[{"href":"https:\/\/100xd.com.ar\/es\/wp-json\/wp\/v2\/posts\/99417","targetHints":{"allow":["GET"]}}],"collection":[{"href":"https:\/\/100xd.com.ar\/es\/wp-json\/wp\/v2\/posts"}],"about":[{"href":"https:\/\/100xd.com.ar\/es\/wp-json\/wp\/v2\/types\/post"}],"author":[{"embeddable":true,"href":"https:\/\/100xd.com.ar\/es\/wp-json\/wp\/v2\/users\/9"}],"replies":[{"embeddable":true,"href":"https:\/\/100xd.com.ar\/es\/wp-json\/wp\/v2\/comments?post=99417"}],"version-history":[{"count":1,"href":"https:\/\/100xd.com.ar\/es\/wp-json\/wp\/v2\/posts\/99417\/revisions"}],"predecessor-version":[{"id":99419,"href":"https:\/\/100xd.com.ar\/es\/wp-json\/wp\/v2\/posts\/99417\/revisions\/99419"}],"wp:attachment":[{"href":"https:\/\/100xd.com.ar\/es\/wp-json\/wp\/v2\/media?parent=99417"}],"wp:term":[{"taxonomy":"category","embeddable":true,"href":"https:\/\/100xd.com.ar\/es\/wp-json\/wp\/v2\/categories?post=99417"},{"taxonomy":"post_tag","embeddable":true,"href":"https:\/\/100xd.com.ar\/es\/wp-json\/wp\/v2\/tags?post=99417"}],"curies":[{"name":"wp","href":"https:\/\/api.w.org\/{rel}","templated":true}]}}