{"id":98748,"date":"2024-03-27T12:53:34","date_gmt":"2024-03-27T15:53:34","guid":{"rendered":"https:\/\/100xd.com.ar\/?p=98748"},"modified":"2024-03-27T12:53:34","modified_gmt":"2024-03-27T15:53:34","slug":"lionel-scaloni-y-un-lindo-problema-para-armar-la-lista-de-la-copa-america-ya-confirmo-a-dos-jugadores-y-el-resto-pico-y-pala","status":"publish","type":"post","link":"https:\/\/100xd.com.ar\/es\/lionel-scaloni-y-un-lindo-problema-para-armar-la-lista-de-la-copa-america-ya-confirmo-a-dos-jugadores-y-el-resto-pico-y-pala\/","title":{"rendered":"Lionel Scaloni y un \u201clindo problema\u201d para armar la lista de la Copa Am\u00e9rica: ya confirm\u00f3 a dos jugadores y \u201cel resto pico y pala\u201d"},"content":{"rendered":"<p class=\"wp-block-paragraph\">De un lado, los campeones del mundo. Del otro, aparecen nuevos nombres de talentosos juveniles que empiezan a pedir pista. En el medio,&nbsp;<strong>Lionel Scaloni<\/strong>&nbsp;y &#8220;<strong>el problema lindo&#8221; de armar la lista de convocados para la Copa Am\u00e9rica<\/strong>. Solo 23 lugares para varios nombres que empiezan a competir entre s\u00ed. Es as\u00ed como&nbsp;<strong>para el DT es momento de subir la vara y bajar un mensaje para todos sus dirigidos<\/strong>, advirtiendo que nadie tiene su lugar asegurado, a excepci\u00f3n de sus dos m\u00e1ximas debilidades.<\/p>\n\n\n\n<p class=\"wp-block-paragraph\">&#8220;<strong>Garantizar, a ninguno de los que ha venido ac\u00e1, s\u00f3lo al que no vino y ya saben<\/strong>&nbsp;(por Lionel Messi).&nbsp;<strong>El resto, pico y pala<\/strong>.&nbsp;<strong>Bueno, a Fideo tambi\u00e9n lo vamos a meter<\/strong>, tambi\u00e9n tiene garantizado&#8221;, sentenci\u00f3 Scaloni, cortito al pie,<a href=\"https:\/\/www.clarin.com\/deportes\/lionel-scaloni-lindo-problema-armar-lista-copa-america-confirmo-jugadores-resto-pico-pala_0_94qRtPkmax.html\">&nbsp;en la conferencia de prensa posterior a la victoria frente a Costa Rica.<\/a><\/p>\n\n\n\n<p class=\"wp-block-paragraph\"><strong>Resulta inevitable que para el intento de revalidar el t\u00edtulo continental algunos nombres se quedar\u00e1n fuera de la convocatoria<\/strong>. De entrada, habr\u00e1 tres campeones del mundo menos. Es que&nbsp;<strong>al Mundial viajaron 26 jugadores, ahora la lista permite como m\u00e1ximo 23<\/strong>.<\/p>\n\n\n\n<p class=\"wp-block-paragraph\">Las chances de posibles cambios se dan en todas las l\u00edneas, desde los arqueros hasta delanteros. En esta convocatoria, los nombres de<strong>&nbsp;Walter Ben\u00edtez, Alejandro Garnacho, Valent\u00edn Carboni, Facundo Buonanotte, Valent\u00edn Barco y Nicol\u00e1s Valentini&nbsp;<\/strong>fueron aquellos que resonaron con fuerzas y se hicieron un lugar gracias a la ausencia de varios tradicionales.<\/p>\n\n\n\n<p class=\"wp-block-paragraph\">Todo parece indicar que de aquellos juveniles salen los principales casos que cuentan con chances de quedarse con un lugar para la Copa Am\u00e9rica, a celebrarse en Estados Unidos. Mientras, gran parte del plantel campe\u00f3n del mundo se mantiene firme a buen nivel. El dolor de cabeza para el cuerpo t\u00e9cnico es inexcusable.<\/p>\n\n\n\n<p class=\"wp-block-paragraph\">Pero Scaloni tampoco sale de la neutralidad al hablar sobre el rendimiento de los pibes. &#8220;<strong>Son chicos que nos pueden aportar y se ver\u00e1 en un futuro si estar\u00e1n con nosotros<\/strong>. Pero estoy contento, no es f\u00e1cil jugar con esta camiseta ni con estos rivales que te la ponen dif\u00edcil.<strong>&nbsp;<\/strong>Estamos bien\u201d, explic\u00f3. &#8220;<strong>En el mundo del f\u00fatbol nada se sabe<\/strong>&#8220;, agreg\u00f3.<\/p>\n\n\n\n<p class=\"wp-block-paragraph\">Tambi\u00e9n profundiz\u00f3 en el exceso de variantes que tiene a disposici\u00f3n en el mediocampo, usando este sector del campo como una excusa para volver a bajar su mensaje. &#8220;El equipo siempre tuvo muchos volantes de buen pie. En esta gira no vino Exequiel (Palacios), Guido (Rodr\u00edguez) tambi\u00e9n est\u00e1 afuera, Thiago (Almada) est\u00e1 en la Sub 23.&nbsp;<strong>Estamos bien cubiertos y, si alguno baja el rendimiento, hay otra para jugar<\/strong>.&nbsp;<strong>Que nadie se regale porque juega el que mejor est\u00e1<\/strong>\u201d, alert\u00f3 otra vez el entrenador.https:\/\/b6bdbac0cd058e3fd50c293b29bef118.safeframe.googlesyndication.com\/safeframe\/1-0-40\/html\/container.html<\/p>\n\n\n\n<p class=\"wp-block-paragraph\">Igualmente, no resulta novedoso que Scaloni opte por utilizar a los jugadores que se encuentren en mejor nivel. Ya lo dej\u00f3 en claro cuando en los d\u00edas previos al Mundial de Qatar desafect\u00f3 a aquellos que no se encontraban en \u00f3ptimas condiciones f\u00edsicas. Ahora, parece que regresa al mismo juego.<\/p>\n\n\n\n<p class=\"wp-block-paragraph\">&#8220;Hoy hay 25 aqu\u00ed convocados, 24 se fue Lisandro, y otros tantos que no vinieron por lesi\u00f3n as\u00ed que el cupo est\u00e1 pasado dir\u00edamos.&nbsp;<strong>A\u00fan as\u00ed, alguno puede entrar porque ha hecho un buen final de temporada estar\u00e1. No tenemos problema<\/strong>&#8220;, cont\u00f3 en los \u00faltimos d\u00edas.<img loading=\"lazy\" decoding=\"async\" alt=\"Scaloni, su cuerpo t\u00e9cnico y una lista de por medio: los protagonistas de los meses v\u00edsperos a la Copa Am\u00e9ricaFoto: Kevork Djansezian\/ Getty Images v\u00eda AFP.\" src=\"https:\/\/www.clarin.com\/img\/2024\/03\/27\/YmZEFOLdC_720x0__1.jpg\" width=\"720\" height=\"480\" title=\"Lionel Scaloni y un \u201clindo problema\u201d para armar la lista de la Copa Am\u00e9rica: ya confirm\u00f3 a dos jugadores y \u201cel resto pico y pala\u201d\">Scaloni, su cuerpo t\u00e9cnico y una lista de por medio: los protagonistas de los meses v\u00edsperos a la Copa Am\u00e9ricaFoto: Kevork Djansezian\/ Getty Images v\u00eda AFP.<\/p>\n\n\n\n<p class=\"wp-block-paragraph\"><strong>La Copa Am\u00e9rica inicia el 20 de junio<\/strong>, aunque la ventana FIFA dar\u00e1 inicio con dos amistosos de calentamiento a principios del mes. Por lo tanto,<strong>\u00a0todas las se\u00f1ales parecen apuntar a que ser\u00e1 a mediados de mayo cuando el dilema actual de la Selecci\u00f3n campeona del mundo se revele<\/strong>. Mientras tanto, los protagonistas intentar\u00e1n seducir al mandam\u00e1s desde sus respectivos clubes.<\/p>\n\n\n\n<p class=\"wp-block-paragraph\">Fuente:<a href=\"https:\/\/www.clarin.com\/\"> Clar\u00edn.com<\/a><\/p>","protected":false},"excerpt":{"rendered":"<p>De un lado, los campeones del mundo. Del otro, aparecen nuevos nombres de talentosos juveniles que empiezan a pedir pista. En el medio,&nbsp;Lionel Scaloni&nbsp;y &#8220;el problema lindo&#8221; de armar la lista de convocados para la Copa Am\u00e9rica. Solo 23 lugares para varios nombres que empiezan a competir entre s\u00ed. Es as\u00ed como&nbsp;para el DT es [&hellip;]<\/p>\n","protected":false},"author":9,"featured_media":0,"comment_status":"open","ping_status":"open","sticky":false,"template":"","format":"standard","meta":{"site-sidebar-layout":"default","site-content-layout":"","ast-site-content-layout":"default","site-content-style":"default","site-sidebar-style":"default","ast-global-header-display":"","ast-banner-title-visibility":"","ast-main-header-display":"","ast-hfb-above-header-display":"","ast-hfb-below-header-display":"","ast-hfb-mobile-header-display":"","site-post-title":"","ast-breadcrumbs-content":"","ast-featured-img":"","footer-sml-layout":"","ast-disable-related-posts":"","theme-transparent-header-meta":"","adv-header-id-meta":"","stick-header-meta":"","header-above-stick-meta":"","header-main-stick-meta":"","header-below-stick-meta":"","astra-migrate-meta-layouts":"default","ast-page-background-enabled":"default","ast-page-background-meta":{"desktop":{"background-color":"","background-image":"","background-repeat":"repeat","background-position":"center center","background-size":"auto","background-attachment":"scroll","background-type":"","background-media":"","overlay-type":"","overlay-color":"","overlay-opacity":"","overlay-gradient":""},"tablet":{"background-color":"","background-image":"","background-repeat":"repeat","background-position":"center center","background-size":"auto","background-attachment":"scroll","background-type":"","background-media":"","overlay-type":"","overlay-color":"","overlay-opacity":"","overlay-gradient":""},"mobile":{"background-color":"","background-image":"","background-repeat":"repeat","background-position":"center center","background-size":"auto","background-attachment":"scroll","background-type":"","background-media":"","overlay-type":"","overlay-color":"","overlay-opacity":"","overlay-gradient":""}},"ast-content-background-meta":{"desktop":{"background-color":"var(--ast-global-color-5)","background-image":"","background-repeat":"repeat","background-position":"center center","background-size":"auto","background-attachment":"scroll","background-type":"","background-media":"","overlay-type":"","overlay-color":"","overlay-opacity":"","overlay-gradient":""},"tablet":{"background-color":"var(--ast-global-color-5)","background-image":"","background-repeat":"repeat","background-position":"center center","background-size":"auto","background-attachment":"scroll","background-type":"","background-media":"","overlay-type":"","overlay-color":"","overlay-opacity":"","overlay-gradient":""},"mobile":{"background-color":"var(--ast-global-color-5)","background-image":"","background-repeat":"repeat","background-position":"center center","background-size":"auto","background-attachment":"scroll","background-type":"","background-media":"","overlay-type":"","overlay-color":"","overlay-opacity":"","overlay-gradient":""}},"footnotes":""},"categories":[11],"tags":[],"class_list":["post-98748","post","type-post","status-publish","format-standard","hentry","category-deportes"],"spectra_blocks_featured_image_url":null,"spectra_blocks_author_info":{"display_name":"Jorge Alfredo Baret","avatar_url":"https:\/\/secure.gravatar.com\/avatar\/31696f5ca83439b642450ec7d3f82f98451a5efacb414343d5478c982b337f26?s=96&d=mm&r=g","author_link":"https:\/\/100xd.com.ar\/es\/author\/jorge\/","description":"Ingeniero Qu\u00edmico UTN - Director Apoderado de Comunicaciones Auditadas SA. Editor Responsable 100xd.com.ar."},"_links":{"self":[{"href":"https:\/\/100xd.com.ar\/es\/wp-json\/wp\/v2\/posts\/98748","targetHints":{"allow":["GET"]}}],"collection":[{"href":"https:\/\/100xd.com.ar\/es\/wp-json\/wp\/v2\/posts"}],"about":[{"href":"https:\/\/100xd.com.ar\/es\/wp-json\/wp\/v2\/types\/post"}],"author":[{"embeddable":true,"href":"https:\/\/100xd.com.ar\/es\/wp-json\/wp\/v2\/users\/9"}],"replies":[{"embeddable":true,"href":"https:\/\/100xd.com.ar\/es\/wp-json\/wp\/v2\/comments?post=98748"}],"version-history":[{"count":1,"href":"https:\/\/100xd.com.ar\/es\/wp-json\/wp\/v2\/posts\/98748\/revisions"}],"predecessor-version":[{"id":98750,"href":"https:\/\/100xd.com.ar\/es\/wp-json\/wp\/v2\/posts\/98748\/revisions\/98750"}],"wp:attachment":[{"href":"https:\/\/100xd.com.ar\/es\/wp-json\/wp\/v2\/media?parent=98748"}],"wp:term":[{"taxonomy":"category","embeddable":true,"href":"https:\/\/100xd.com.ar\/es\/wp-json\/wp\/v2\/categories?post=98748"},{"taxonomy":"post_tag","embeddable":true,"href":"https:\/\/100xd.com.ar\/es\/wp-json\/wp\/v2\/tags?post=98748"}],"curies":[{"name":"wp","href":"https:\/\/api.w.org\/{rel}","templated":true}]}}