{"id":98240,"date":"2024-03-18T13:00:00","date_gmt":"2024-03-18T16:00:00","guid":{"rendered":"https:\/\/100xd.com.ar\/?p=98240"},"modified":"2024-03-18T13:00:00","modified_gmt":"2024-03-18T16:00:00","slug":"una-afa-que-sigue-oliendo-muy-mal","status":"publish","type":"post","link":"https:\/\/100xd.com.ar\/es\/una-afa-que-sigue-oliendo-muy-mal\/","title":{"rendered":"Una AFA que sigue oliendo muy mal"},"content":{"rendered":"<p class=\"wp-block-paragraph\"><mark>Muchas cosas huelen mal en la AFA.<\/mark>&nbsp;Desde hace tiempo, los \u00e9xitos deportivos obtenidos por la calidad, el esfuerzo y el trabajo de jugadores y t\u00e9cnicos, permiten a la dirigencia escudarse en ellos para disimular u ocultar sus desmanejos y las sospechas de corrupci\u00f3n. Acaba de trascender que el titular de la entidad rectora del f\u00fatbol argentino ha sugerido a los dirigentes que la integran que no hagan declaraciones y reclamos en p\u00fablico. El pez por la boca muere, afirma un viejo dicho, por cuanto todo indicar\u00eda que&nbsp;<strong>Claudio Tapia<\/strong>, que mucho puede haber aprendido como familiar del&nbsp;<mark>clan Moyano<\/mark>, est\u00e1 proponiendo&nbsp;<mark>una suerte de ley de silencio u omert\u00e1, el c\u00f3digo de la mafia siciliana<\/mark>.<\/p>\n\n\n\n<p class=\"wp-block-paragraph\">Ya hubo otros esc\u00e1ndalos en el \u00e1mbito del f\u00fatbol profesional, como el que estall\u00f3 hace pocos a\u00f1os y afect\u00f3 a la propia FIFA y a la memoria del fallecido presidente de la AFA&nbsp;<strong>Julio Grondona<\/strong>. Las sospechas de manejos oscuros y&nbsp;<mark>la utilizaci\u00f3n de este deporte que convoca a centenares de millones de espectadores, para posibilitar el lavado de dinero de or\u00edgenes poco claros, es una preocupaci\u00f3n creciente<\/mark>.<\/p>\n\n\n\n<p class=\"wp-block-paragraph\">La&nbsp;<mark>relaci\u00f3n de la pol\u00edtica con el f\u00fatbol<\/mark>&nbsp;no es nueva en la Argentina, pero desde hace un tiempo la diferencia radica en que personajes surgidos desde los bordes de la marginalidad logran ascenso econ\u00f3mico usando como escalera el f\u00fatbol y la pol\u00edtica, en vez del camino del esfuerzo que requieren el estudio, el trabajo y la vocaci\u00f3n por emprender.<\/p>\n\n\n\n<figure data-spectra-id=\"spectra-a6171ca8-0e66-4311-9ed3-fca38ece5b14\" class=\"wp-block-image\"><img decoding=\"async\" src=\"https:\/\/resizer.glanacion.com\/resizer\/v2\/claudio-tapia-y-pablo-toviggino-son-los-dos-KFHA3MU7OZCM5OFTZOQS7SBN6Q.jpg?auth=c01c593fabbe33647ee43d952e5bce3061ae4e7cdd4dc1e08e5284a19357d32d&amp;width=420&amp;height=280&amp;quality=70&amp;smart=true\" alt=\"Claudio Tapia y su mano derecha, Pablo Toviggino\" title=\"Una AFA que sigue oliendo muy mal\" \/><figcaption>Claudio Tapia y su mano derecha, Pablo Toviggino@tapiachiqui<\/figcaption><\/figure>\n\n\n\n<p class=\"wp-block-paragraph\">Hoy lo vemos en figuras propias de una Argentina degradada, como ciertos dirigentes de la&nbsp;<strong>AFA<\/strong>&nbsp;como su presidente o quien aparece como su mano derecha o el poder en las sombras, el tesorero&nbsp;<strong>Pablo Toviggino<\/strong>, que en parte debe su ascenso a sus vinculaciones con el controvertido gobernador de Santiago del Estero,&nbsp;<strong>Gerardo Zamora<\/strong>, que ha implementado en esa provincia un r\u00e9gimen patrimonialista, como que se turna con su esposa en el gobierno, y que con un grupo de genuflexos ha convertido a la legislatura y a la Justicia en simples oficinas burocr\u00e1ticas al servicio de su voluntad caudillesca.<\/p>\n\n\n\n<p class=\"wp-block-paragraph\">Toviggino viene de tener un duro cruce en las redes sociales con el director t\u00e9cnico de Independiente,&nbsp;<strong>Carlos T\u00e9vez<\/strong>, quien ha cuestionado fallos arbitrales que habr\u00edan perjudicado a su equipo. En esos mensajes, T\u00e9vez sugiri\u00f3 la presunta existencia de actos de corrupci\u00f3n que involucrar\u00edan a Toviggino por&nbsp;<mark>supuestos retornos indebidos<\/mark>&nbsp;a partir de la participaci\u00f3n de la selecci\u00f3n argentina en el Mundial de Qatar y en una de sus \u00faltimas giras por China.<\/p>\n\n\n\n<p class=\"wp-block-paragraph\">El abogado&nbsp;<strong>Edgardo Taboada<\/strong>&nbsp;ha acusado a Toviggino de integrar junto a otro dirigente de la AFA y del f\u00fatbol santiague\u00f1o,&nbsp;<strong>Guillermo Raed<\/strong>, una&nbsp;<mark>asociaci\u00f3n il\u00edcita<\/mark>&nbsp;dedicada a la usurpaci\u00f3n de campos y de ser testaferro de&nbsp;<strong>Daniel Zamora<\/strong>, hermano del gobernador. Se trata de otro revelador dato de una provincia donde incluso el presidente de su Superior Tribunal,&nbsp;<strong>Federico L\u00f3pez Alzogaray<\/strong>, ha sido denunciado en organismos internacionales por haber usurpado una propiedad rural en el departamento Robles,<\/p>\n\n\n\n<p class=\"wp-block-paragraph\">En pocos a\u00f1os, desde un club ignoto, incluso en la propia provincia de&nbsp;<strong>Santiago del Estero<\/strong>, Toviggino, ha sumado un extraordinario poder en la AFA merced a su vinculaci\u00f3n con el gobernador Zamora, mostrando un crecimiento patrimonial en campos, cr\u00eda de caballos de equitaci\u00f3n, un hotel cercano al estadio de f\u00fatbol que propuso construir con fondos p\u00fablicos, y hasta un cementerio privado. Una carrera mete\u00f3rica para este rosarino que hace un tiempo se radic\u00f3 en la provincia norte\u00f1a y que, curiosamente, hasta fue vicepresidente del club&nbsp;<strong>Barracas Central<\/strong>, cuando lo presid\u00eda Tapia.<\/p>\n\n\n\n<figure data-spectra-id=\"spectra-d77e0b22-a886-42fe-a2ef-621308b2b514\" class=\"wp-block-image\"><img decoding=\"async\" src=\"https:\/\/resizer.glanacion.com\/resizer\/v2\/el-faraonico-estadio-santiagueno-madre-de-6QLXJDMGFBDZJMQT25OC5X7YMY.jpg?auth=f7f4caa1e0dc4f6b7b4129a668d6caef07d0a24c85c8621007fb181518d9907c&amp;width=420&amp;height=315&amp;quality=70&amp;smart=true\" alt=\"El fara\u00f3nico estadio santiague\u00f1o Madre de Ciudades, en todo su esplendor\" title=\"Una AFA que sigue oliendo muy mal\" \/><figcaption>El fara\u00f3nico estadio santiague\u00f1o Madre de Ciudades, en todo su esplendorTelam<\/figcaption><\/figure>\n\n\n\n<p class=\"wp-block-paragraph\">Adem\u00e1s de sus v\u00ednculos con el gobierno de Santiago del Estero tambi\u00e9n los estableci\u00f3 con el ex ministro de Econom\u00eda y frustrado candidato presidencial&nbsp;<strong>Sergio Massa<\/strong>, lo cual le vali\u00f3&nbsp;<mark>un contrato en el Congreso de la Naci\u00f3n<\/mark>, mostrando la insaciabilidad de estos exponentes de la peor faceta de la Argentina.<\/p>\n\n\n\n<p class=\"wp-block-paragraph\">El uso y abuso de la red social X (antes Twitter) muestra rasgos de su personalidad, como su lenguaje propio de orillero, sin respeto a trayectorias, y palabras con mensajes extorsivos. Muy propio de un pa\u00eds que ha degradado la convivencia civilizada, desde\u00f1ado la cultura y la educaci\u00f3n, y exaltado como modelos de \u00e9xitos a personajes que suelen pulular en las cercan\u00edas del poder, donde campean la mediocridad y la indecencia propia de las&nbsp;<mark>oligarqu\u00edas prebendarias<\/mark>.<\/p>\n\n\n\n<p class=\"wp-block-paragraph\">Nada de esto puede extra\u00f1ar en torno de una entidad como la AFA en la que, parafraseando una expresi\u00f3n del Hamlet, podr\u00eda afirmarse que\u00a0<mark>algo est\u00e1 podrido<\/mark>. Negocios turbios, conexiones irregulares con el mundo de la pol\u00edtica, el sindicalismo y las barras bravas, designaciones sospechosas de jueces, fallos escandalosos y manejos arbitrarios de ascensos y descensos en todas las categor\u00edas del f\u00fatbol profesional son algunos de los temas que sustentan esta afirmaci\u00f3n.<\/p>\n\n\n\n<p class=\"wp-block-paragraph\">Fuente:<a href=\"https:\/\/www.lanacion.com.ar\/\"> La Naci\u00f3n<\/a><\/p>","protected":false},"excerpt":{"rendered":"<p>Muchas cosas huelen mal en la AFA.&nbsp;Desde hace tiempo, los \u00e9xitos deportivos obtenidos por la calidad, el esfuerzo y el trabajo de jugadores y t\u00e9cnicos, permiten a la dirigencia escudarse en ellos para disimular u ocultar sus desmanejos y las sospechas de corrupci\u00f3n. Acaba de trascender que el titular de la entidad rectora del f\u00fatbol [&hellip;]<\/p>\n","protected":false},"author":9,"featured_media":0,"comment_status":"open","ping_status":"open","sticky":false,"template":"","format":"standard","meta":{"site-sidebar-layout":"default","site-content-layout":"","ast-site-content-layout":"default","site-content-style":"default","site-sidebar-style":"default","ast-global-header-display":"","ast-banner-title-visibility":"","ast-main-header-display":"","ast-hfb-above-header-display":"","ast-hfb-below-header-display":"","ast-hfb-mobile-header-display":"","site-post-title":"","ast-breadcrumbs-content":"","ast-featured-img":"","footer-sml-layout":"","ast-disable-related-posts":"","theme-transparent-header-meta":"","adv-header-id-meta":"","stick-header-meta":"","header-above-stick-meta":"","header-main-stick-meta":"","header-below-stick-meta":"","astra-migrate-meta-layouts":"default","ast-page-background-enabled":"default","ast-page-background-meta":{"desktop":{"background-color":"","background-image":"","background-repeat":"repeat","background-position":"center center","background-size":"auto","background-attachment":"scroll","background-type":"","background-media":"","overlay-type":"","overlay-color":"","overlay-opacity":"","overlay-gradient":""},"tablet":{"background-color":"","background-image":"","background-repeat":"repeat","background-position":"center center","background-size":"auto","background-attachment":"scroll","background-type":"","background-media":"","overlay-type":"","overlay-color":"","overlay-opacity":"","overlay-gradient":""},"mobile":{"background-color":"","background-image":"","background-repeat":"repeat","background-position":"center center","background-size":"auto","background-attachment":"scroll","background-type":"","background-media":"","overlay-type":"","overlay-color":"","overlay-opacity":"","overlay-gradient":""}},"ast-content-background-meta":{"desktop":{"background-color":"var(--ast-global-color-5)","background-image":"","background-repeat":"repeat","background-position":"center center","background-size":"auto","background-attachment":"scroll","background-type":"","background-media":"","overlay-type":"","overlay-color":"","overlay-opacity":"","overlay-gradient":""},"tablet":{"background-color":"var(--ast-global-color-5)","background-image":"","background-repeat":"repeat","background-position":"center center","background-size":"auto","background-attachment":"scroll","background-type":"","background-media":"","overlay-type":"","overlay-color":"","overlay-opacity":"","overlay-gradient":""},"mobile":{"background-color":"var(--ast-global-color-5)","background-image":"","background-repeat":"repeat","background-position":"center center","background-size":"auto","background-attachment":"scroll","background-type":"","background-media":"","overlay-type":"","overlay-color":"","overlay-opacity":"","overlay-gradient":""}},"footnotes":""},"categories":[149],"tags":[],"class_list":["post-98240","post","type-post","status-publish","format-standard","hentry","category-entrevistas"],"spectra_blocks_featured_image_url":null,"spectra_blocks_author_info":{"display_name":"Jorge Alfredo Baret","avatar_url":"https:\/\/secure.gravatar.com\/avatar\/31696f5ca83439b642450ec7d3f82f98451a5efacb414343d5478c982b337f26?s=96&d=mm&r=g","author_link":"https:\/\/100xd.com.ar\/es\/author\/jorge\/","description":"Ingeniero Qu\u00edmico UTN - Director Apoderado de Comunicaciones Auditadas SA. Editor Responsable 100xd.com.ar."},"_links":{"self":[{"href":"https:\/\/100xd.com.ar\/es\/wp-json\/wp\/v2\/posts\/98240","targetHints":{"allow":["GET"]}}],"collection":[{"href":"https:\/\/100xd.com.ar\/es\/wp-json\/wp\/v2\/posts"}],"about":[{"href":"https:\/\/100xd.com.ar\/es\/wp-json\/wp\/v2\/types\/post"}],"author":[{"embeddable":true,"href":"https:\/\/100xd.com.ar\/es\/wp-json\/wp\/v2\/users\/9"}],"replies":[{"embeddable":true,"href":"https:\/\/100xd.com.ar\/es\/wp-json\/wp\/v2\/comments?post=98240"}],"version-history":[{"count":1,"href":"https:\/\/100xd.com.ar\/es\/wp-json\/wp\/v2\/posts\/98240\/revisions"}],"predecessor-version":[{"id":98242,"href":"https:\/\/100xd.com.ar\/es\/wp-json\/wp\/v2\/posts\/98240\/revisions\/98242"}],"wp:attachment":[{"href":"https:\/\/100xd.com.ar\/es\/wp-json\/wp\/v2\/media?parent=98240"}],"wp:term":[{"taxonomy":"category","embeddable":true,"href":"https:\/\/100xd.com.ar\/es\/wp-json\/wp\/v2\/categories?post=98240"},{"taxonomy":"post_tag","embeddable":true,"href":"https:\/\/100xd.com.ar\/es\/wp-json\/wp\/v2\/tags?post=98240"}],"curies":[{"name":"wp","href":"https:\/\/api.w.org\/{rel}","templated":true}]}}