{"id":97119,"date":"2024-02-27T11:31:21","date_gmt":"2024-02-27T14:31:21","guid":{"rendered":"https:\/\/100xd.com.ar\/?p=97119"},"modified":"2024-02-27T11:31:21","modified_gmt":"2024-02-27T14:31:21","slug":"luz-y-gas-el-gobierno-dejara-sin-subsidios-a-quienes-compraron-dolares-viajaron-al-exterior-o-tienen-prepaga","status":"publish","type":"post","link":"https:\/\/100xd.com.ar\/es\/luz-y-gas-el-gobierno-dejara-sin-subsidios-a-quienes-compraron-dolares-viajaron-al-exterior-o-tienen-prepaga\/","title":{"rendered":"Luz y gas: el Gobierno dejar\u00e1 sin subsidios a quienes compraron d\u00f3lares, viajaron al exterior o tienen prepaga"},"content":{"rendered":"<p class=\"wp-block-paragraph\">El Gobierno avanza en un nuevo esquema de asignaci\u00f3n de&nbsp;<strong>subsidios para la luz y el gas<\/strong>&nbsp;que espera aplicar a partir de mayo pero que ser\u00e1 m\u00e1s restrictivo que el actual, en medio del ajuste con el que busca alcanzar el super\u00e1vit fiscal en 2024. Tal es as\u00ed que quienes hayan&nbsp;<strong>comprado d\u00f3lares<\/strong>&nbsp;en al menos uno de los \u00faltimos tres meses quedar\u00e1n excluidos de la asistencia. Lo mismo suceder\u00e1 con quienes<strong>&nbsp;hayan viajado a pa\u00edses no lim\u00edtrofes en los \u00faltimos cinco a\u00f1os y para aquellos que tengan una prepaga<\/strong>&nbsp;no vinculada a su empleo en relaci\u00f3n de dependencia.<a href=\"https:\/\/www.infobae.com\/economia\/2024\/02\/27\/cambios-en-asignaciones-familiares-quienes-van-a-cobrarlas-a-partir-de-este-mes\/\" target=\"_blank\" rel=\"noreferrer noopener\">Te puede interesar:<strong>Cambios en asignaciones familiares: qui\u00e9nes van a cobrarlas a partir de este mes<\/strong><\/a><\/p>\n\n\n\n<p class=\"wp-block-paragraph\">En la misma situaci\u00f3n quedar\u00e1n los usuarios con facturas de<strong>&nbsp;telefon\u00eda m\u00f3vil<\/strong>&nbsp;superiores al 25% del Salario M\u00ednimo Vital y Movil ($39.000 en diciembre y $50.700 en marzo). Para la asignaci\u00f3n tambi\u00e9n se analizar\u00e1n los consumos en<strong>&nbsp;billeteras virtuales<\/strong>&nbsp;equivalentes a cinco salarios m\u00ednimos, m\u00e1s de $1 mill\u00f3n desde marzo, algo similar al tope para gastos con<strong>&nbsp;tarjeta de cr\u00e9dito<\/strong>.<\/p>\n\n\n\n<p class=\"wp-block-paragraph\">La informaci\u00f3n se desprende de un documento publicado por la Secretar\u00eda de Energ\u00eda, conducida por&nbsp;<strong>Eduardo Rodr\u00edguez Chirillo<\/strong>, en el que dieron los detalles de c\u00f3mo ser\u00e1 el nuevo esquema de subsidios que reemplazar\u00e1 a la segmentaci\u00f3n actual. El texto ser\u00e1 presentado este jueves en una audiencia p\u00fablica, como paso previo a la puesta en marcha del nuevo sistema en el que se contemplar\u00e1 una<strong>&nbsp;Canasta B\u00e1sica Energ\u00e9tica&nbsp;<\/strong>que determinar\u00e1 el consumos b\u00e1sicos de electricidad y gas natural en base a la zona bioambiental y la cantidad de integrantes del \u201chogar conviviente\u201d. Aunque a\u00fan faltan algunos detalles, como por ejemplo, el monto subsidiable en porcentaje.<a href=\"https:\/\/www.infobae.com\/economia\/2024\/02\/27\/cambios-en-asignaciones-familiares-quienes-van-a-cobrarlas-a-partir-de-este-mes\/\" target=\"_blank\" rel=\"noreferrer noopener\">Te puede interesar:<strong>Cambios en asignaciones familiares: qui\u00e9nes van a cobrarlas a partir de este mes<\/strong><\/a><img loading=\"lazy\" decoding=\"async\" alt=\"La Secretar\u00eda de Energ\u00eda presentar\u00e1 este jueves el nuevo esquema de subsidios en Audiencia P\u00fablica.\" height=\"900\" width=\"1600\" src=\"https:\/\/www.infobae.com\/new-resizer\/0vFDlwKnyYzoOUDB50ZTo8qCbww=\/420x236\/filters:format(webp):quality(85)\/cloudfront-us-east-1.images.arcpublishing.com\/infobae\/VPHGXYMZXVHRFIKR3AF5GG7UNE.jpeg%20420w\" srcset=\"https:\/\/www.infobae.com\/new-resizer\/0vFDlwKnyYzoOUDB50ZTo8qCbww=\/420x236\/filters:format(webp):quality(85)\/cloudfront-us-east-1.images.arcpublishing.com\/infobae\/VPHGXYMZXVHRFIKR3AF5GG7UNE.jpeg 420w,https:\/\/www.infobae.com\/new-resizer\/bxMIn7lj9sAE0-AAzIUhlU-MgOs=\/768x432\/filters:format(webp):quality(85)\/cloudfront-us-east-1.images.arcpublishing.com\/infobae\/VPHGXYMZXVHRFIKR3AF5GG7UNE.jpeg 768w,https:\/\/www.infobae.com\/new-resizer\/Tc_xMA4bHZDYIPp0bL6jaGouANQ=\/992x558\/filters:format(webp):quality(85)\/cloudfront-us-east-1.images.arcpublishing.com\/infobae\/VPHGXYMZXVHRFIKR3AF5GG7UNE.jpeg 992w,https:\/\/www.infobae.com\/new-resizer\/Bhue4QQR4Nnnt75tMNc5gchzclI=\/1200x675\/filters:format(webp):quality(85)\/cloudfront-us-east-1.images.arcpublishing.com\/infobae\/VPHGXYMZXVHRFIKR3AF5GG7UNE.jpeg 1200w,https:\/\/www.infobae.com\/new-resizer\/VaBLtwWwnHa9y9-QKPip7C4QNP0=\/1440x810\/filters:format(webp):quality(85)\/cloudfront-us-east-1.images.arcpublishing.com\/infobae\/VPHGXYMZXVHRFIKR3AF5GG7UNE.jpeg 1440w\" title=\"Luz y gas: el Gobierno dejar\u00e1 sin subsidios a quienes compraron d\u00f3lares, viajaron al exterior o tienen prepaga\">La Secretar\u00eda de Energ\u00eda presentar\u00e1 este jueves el nuevo esquema de subsidios en Audiencia P\u00fablica.<\/p>\n\n\n\n<h2 class=\"wp-block-heading\">\u00bfQui\u00e9nes quedan excluidos del subsidio?<\/h2>\n\n\n\n<p class=\"wp-block-paragraph\">En tanto, Energ\u00eda public\u00f3 una lista de los criterios que podr\u00edan tomarse en consideraci\u00f3n para el rechazo o exclusi\u00f3n de la asistencia. Para ello se tomar\u00e1n distintas bases de datos a las que tiene acceso el Gobierno y la informaci\u00f3n que qued\u00f3 del anterior Registro de Acceso a los Subsidios a la Energ\u00eda (RASE).<\/p>\n\n\n\n<ul class=\"wp-block-list\"><li>A. Titularidad de una aeronave.<\/li><li>b. Titularidad de embarcaci\u00f3n de lujo o con fines recreativos.<\/li><li>c. Titularidad total de dos o m\u00e1s inmuebles.<\/li><li>d. Titularidad de al menos un autom\u00f3vil con una antig\u00fcedad inferior a 5 a\u00f1os o dos autom\u00f3viles con una antig\u00fcedad menor a 10 a\u00f1os.<\/li><li>e. Titularidad de al menos un autom\u00f3vil de lujo o colecci\u00f3n independientemente de la antig\u00fcedad que registra.<\/li><li>f. Titularidad de medicina prepaga no vinculada a empleo en relaci\u00f3n de dependencia (total o por derivaci\u00f3n).<\/li><li>g. M\u00e1s de una salida a pa\u00edses no lim\u00edtrofes en los \u00faltimos 5 a\u00f1os.<\/li><li>h. Pertenencia al directorio o ser propietario de una empresa privada (IGJ).<\/li><li>i. Consumos en tarjeta de cr\u00e9dito superiores a cinco Salarios M\u00ednimos Vitales y M\u00f3viles (SMVM), lo que equivale a $1 mill\u00f3n.<\/li><li>j. Compra de moneda extranjera en al menos uno de los \u00faltimos tres meses.<\/li><li>k. Consumos en billeteras virtuales superiores a cinco Salarios M\u00ednimos Vitales y M\u00f3viles (SMVM), lo que equivale a $1 mill\u00f3n.<\/li><li>l. Consumos en telefon\u00eda m\u00f3vil superiores al 25% del Salario M\u00ednimo Vital y M\u00f3vil (SMVM), lo que equivale a $50,700 desde marzo. El valor del Salario M\u00ednimo Vital y M\u00f3vil para marzo ser\u00e1 de 202.000 pesos.<\/li><\/ul>\n\n\n\n<p class=\"wp-block-paragraph\">El esquema de segmentaci\u00f3n de subsidios que aplic\u00f3 el Gobierno anterior desde finales de 2022 contemplaba tres niveles: N1 altos ingresos, N2 bajos ingresos y N3 ingresos medios. Los usuarios cuyos ingresos superaran 3,5 veces la Canasta B\u00e1sica Total del Indec ($2.088.880,5 en enero), que mide la l\u00ednea de pobreza para una familia tipo de cuatro integrantes, son catalogados como N1 y no reciben subvenci\u00f3n.<a href=\"https:\/\/www.infobae.com\/economia\/2024\/02\/27\/el-gobierno-quiere-que-el-colectivo-el-tren-y-el-subte-puedan-pagarse-con-tarjetas-de-debito-de-credito-y-hasta-con-qr\/\" target=\"_blank\" rel=\"noreferrer noopener\">Te puede interesar:<strong>El Gobierno quiere que el colectivo, el tren y el subte puedan pagarse con tarjetas de d\u00e9bito, de cr\u00e9dito y hasta con QR<\/strong><\/a><img loading=\"lazy\" decoding=\"async\" alt=\"En febrero se aplic\u00f3 el aumento de la luz y en marzo comenzar\u00e1 a regir el del gas. (T\u00e9lam)\" height=\"253\" width=\"450\" src=\"https:\/\/www.infobae.com\/new-resizer\/hDPF7Zo6qteskOuGFJjNCvbl6Lo=\/420x236\/filters:format(webp):quality(85)\/cloudfront-us-east-1.images.arcpublishing.com\/infobae\/7DWXM6KHJRHKRLOB5F4FX5FGRE.jpg%20420w\" srcset=\"https:\/\/www.infobae.com\/new-resizer\/hDPF7Zo6qteskOuGFJjNCvbl6Lo=\/420x236\/filters:format(webp):quality(85)\/cloudfront-us-east-1.images.arcpublishing.com\/infobae\/7DWXM6KHJRHKRLOB5F4FX5FGRE.jpg 420w,https:\/\/www.infobae.com\/new-resizer\/7Km-m6lZxqpWV_bY-XZ7SoPgLbk=\/768x432\/filters:format(webp):quality(85)\/cloudfront-us-east-1.images.arcpublishing.com\/infobae\/7DWXM6KHJRHKRLOB5F4FX5FGRE.jpg 768w,https:\/\/www.infobae.com\/new-resizer\/CfUdYSFu0E0eymR8F9WYRGXVRIg=\/992x558\/filters:format(webp):quality(85)\/cloudfront-us-east-1.images.arcpublishing.com\/infobae\/7DWXM6KHJRHKRLOB5F4FX5FGRE.jpg 992w,https:\/\/www.infobae.com\/new-resizer\/6x8UG9jg1bOJkQKl02V4YfZ0SWQ=\/1200x675\/filters:format(webp):quality(85)\/cloudfront-us-east-1.images.arcpublishing.com\/infobae\/7DWXM6KHJRHKRLOB5F4FX5FGRE.jpg 1200w,https:\/\/www.infobae.com\/new-resizer\/45UKqhtvWFeKOcDckdgnyvW-7bQ=\/1440x810\/filters:format(webp):quality(85)\/cloudfront-us-east-1.images.arcpublishing.com\/infobae\/7DWXM6KHJRHKRLOB5F4FX5FGRE.jpg 1440w\" title=\"Luz y gas: el Gobierno dejar\u00e1 sin subsidios a quienes compraron d\u00f3lares, viajaron al exterior o tienen prepaga\">En febrero se aplic\u00f3 el aumento de la luz y en marzo comenzar\u00e1 a regir el del gas. (T\u00e9lam)<\/p>\n\n\n\n<p class=\"wp-block-paragraph\">Tambi\u00e9n est\u00e1n excluidos los hogares ubicados en el partido de Patagones (Buenos Aires), Chubut, La Pampa, Neuqu\u00e9n, R\u00edo Negro, Santa Cruz o Tierra del Fuego, A. e IAS, que superen los $2.548.434,89 mensuales en ingresos. A eso se suman quienes posean tres o m\u00e1s veh\u00edculos con una antig\u00fcedad menor a cinco a\u00f1os, tres o m\u00e1s inmuebles, una embarcaci\u00f3n, una aeronave de lujo o sean titulares de activos societarios que demuestren una capacidad econ\u00f3mica plena. Tampoco tienen la posibilidad de acceder al Mercado \u00danico Libre de Cambios para comprar d\u00f3lares.<\/p>\n\n\n\n<p class=\"wp-block-paragraph\"><em>Noticia en desarrollo<\/em><\/p>\n\n\n\n<p class=\"wp-block-paragraph\">Fuente:<a href=\"https:\/\/www.infobae.com\/\"> Infobae.com<\/a><\/p>","protected":false},"excerpt":{"rendered":"<p>El Gobierno avanza en un nuevo esquema de asignaci\u00f3n de&nbsp;subsidios para la luz y el gas&nbsp;que espera aplicar a partir de mayo pero que ser\u00e1 m\u00e1s restrictivo que el actual, en medio del ajuste con el que busca alcanzar el super\u00e1vit fiscal en 2024. Tal es as\u00ed que quienes hayan&nbsp;comprado d\u00f3lares&nbsp;en al menos uno de [&hellip;]<\/p>\n","protected":false},"author":9,"featured_media":0,"comment_status":"open","ping_status":"open","sticky":false,"template":"","format":"standard","meta":{"site-sidebar-layout":"default","site-content-layout":"","ast-site-content-layout":"default","site-content-style":"default","site-sidebar-style":"default","ast-global-header-display":"","ast-banner-title-visibility":"","ast-main-header-display":"","ast-hfb-above-header-display":"","ast-hfb-below-header-display":"","ast-hfb-mobile-header-display":"","site-post-title":"","ast-breadcrumbs-content":"","ast-featured-img":"","footer-sml-layout":"","ast-disable-related-posts":"","theme-transparent-header-meta":"","adv-header-id-meta":"","stick-header-meta":"","header-above-stick-meta":"","header-main-stick-meta":"","header-below-stick-meta":"","astra-migrate-meta-layouts":"default","ast-page-background-enabled":"default","ast-page-background-meta":{"desktop":{"background-color":"","background-image":"","background-repeat":"repeat","background-position":"center center","background-size":"auto","background-attachment":"scroll","background-type":"","background-media":"","overlay-type":"","overlay-color":"","overlay-opacity":"","overlay-gradient":""},"tablet":{"background-color":"","background-image":"","background-repeat":"repeat","background-position":"center center","background-size":"auto","background-attachment":"scroll","background-type":"","background-media":"","overlay-type":"","overlay-color":"","overlay-opacity":"","overlay-gradient":""},"mobile":{"background-color":"","background-image":"","background-repeat":"repeat","background-position":"center center","background-size":"auto","background-attachment":"scroll","background-type":"","background-media":"","overlay-type":"","overlay-color":"","overlay-opacity":"","overlay-gradient":""}},"ast-content-background-meta":{"desktop":{"background-color":"var(--ast-global-color-5)","background-image":"","background-repeat":"repeat","background-position":"center center","background-size":"auto","background-attachment":"scroll","background-type":"","background-media":"","overlay-type":"","overlay-color":"","overlay-opacity":"","overlay-gradient":""},"tablet":{"background-color":"var(--ast-global-color-5)","background-image":"","background-repeat":"repeat","background-position":"center center","background-size":"auto","background-attachment":"scroll","background-type":"","background-media":"","overlay-type":"","overlay-color":"","overlay-opacity":"","overlay-gradient":""},"mobile":{"background-color":"var(--ast-global-color-5)","background-image":"","background-repeat":"repeat","background-position":"center center","background-size":"auto","background-attachment":"scroll","background-type":"","background-media":"","overlay-type":"","overlay-color":"","overlay-opacity":"","overlay-gradient":""}},"footnotes":""},"categories":[2],"tags":[],"class_list":["post-97119","post","type-post","status-publish","format-standard","hentry","category-politica"],"spectra_blocks_featured_image_url":null,"spectra_blocks_author_info":{"display_name":"Jorge Alfredo Baret","avatar_url":"https:\/\/secure.gravatar.com\/avatar\/31696f5ca83439b642450ec7d3f82f98451a5efacb414343d5478c982b337f26?s=96&d=mm&r=g","author_link":"https:\/\/100xd.com.ar\/es\/author\/jorge\/","description":"Ingeniero Qu\u00edmico UTN - Director Apoderado de Comunicaciones Auditadas SA. Editor Responsable 100xd.com.ar."},"_links":{"self":[{"href":"https:\/\/100xd.com.ar\/es\/wp-json\/wp\/v2\/posts\/97119","targetHints":{"allow":["GET"]}}],"collection":[{"href":"https:\/\/100xd.com.ar\/es\/wp-json\/wp\/v2\/posts"}],"about":[{"href":"https:\/\/100xd.com.ar\/es\/wp-json\/wp\/v2\/types\/post"}],"author":[{"embeddable":true,"href":"https:\/\/100xd.com.ar\/es\/wp-json\/wp\/v2\/users\/9"}],"replies":[{"embeddable":true,"href":"https:\/\/100xd.com.ar\/es\/wp-json\/wp\/v2\/comments?post=97119"}],"version-history":[{"count":1,"href":"https:\/\/100xd.com.ar\/es\/wp-json\/wp\/v2\/posts\/97119\/revisions"}],"predecessor-version":[{"id":97121,"href":"https:\/\/100xd.com.ar\/es\/wp-json\/wp\/v2\/posts\/97119\/revisions\/97121"}],"wp:attachment":[{"href":"https:\/\/100xd.com.ar\/es\/wp-json\/wp\/v2\/media?parent=97119"}],"wp:term":[{"taxonomy":"category","embeddable":true,"href":"https:\/\/100xd.com.ar\/es\/wp-json\/wp\/v2\/categories?post=97119"},{"taxonomy":"post_tag","embeddable":true,"href":"https:\/\/100xd.com.ar\/es\/wp-json\/wp\/v2\/tags?post=97119"}],"curies":[{"name":"wp","href":"https:\/\/api.w.org\/{rel}","templated":true}]}}