{"id":96570,"date":"2024-02-17T13:09:42","date_gmt":"2024-02-17T16:09:42","guid":{"rendered":"https:\/\/100xd.com.ar\/?p=96570"},"modified":"2024-02-17T13:09:42","modified_gmt":"2024-02-17T16:09:42","slug":"hector-daer-tambien-cree-que-el-gobierno-esta-creando-todas-la-condiciones-para-un-nuevo-paro","status":"publish","type":"post","link":"https:\/\/100xd.com.ar\/es\/hector-daer-tambien-cree-que-el-gobierno-esta-creando-todas-la-condiciones-para-un-nuevo-paro\/","title":{"rendered":"H\u00e9ctor Daer tambi\u00e9n cree que el Gobierno &#8220;est\u00e1 creando todas la condiciones para un nuevo paro&#8221;"},"content":{"rendered":"<p class=\"wp-block-paragraph\">Hoy 10:18<\/p>\n\n\n\n<p class=\"wp-block-paragraph\"><a target=\"_blank\" href=\"https:\/\/www.perfil.com\/noticias\/actualidad\/pablo-moyano-se-cagaron-en-todo.phtml\" rel=\"noreferrer noopener\">El viernes fue&nbsp;<strong>Pablo Moyano&nbsp;<\/strong>el que adelant\u00f3 que la CGT eval\u00faa hacer un nuevo paro nacional.&nbsp;<\/a>Y este s\u00e1bado se sum\u00f3&nbsp;el secretario general&nbsp;<a target=\"_blank\" href=\"https:\/\/www.perfil.com\/tag\/h%C3%A9ctor-daer\" rel=\"noreferrer noopener\"><strong>H\u00e9ctor Daer<\/strong><\/a>, quien dijo que el gobierno de&nbsp;<strong>Javier Milei<\/strong>&nbsp;&#8220;est\u00e1 generando todas las condiciones para que haya una&nbsp;nueva medida de fuerza&#8221;.<\/p>\n\n\n\n<p class=\"wp-block-paragraph\"><strong>&#8220;Viene una acumulaci\u00f3n de conflictividad social importante&#8221;,<\/strong>&nbsp;advirti\u00f3&nbsp;el l\u00edder sindical en una entrevista con&nbsp;<em>Radio Mitre<\/em>.<\/p>\n\n\n\n<p class=\"wp-block-paragraph\">Las declaraciones de los referentes cegetistas llegan despu\u00e9s del&nbsp;<a target=\"_blank\" href=\"http:\/\/https\/\/www.perfil.com\/noticias\/economia\/salario-minimo-fracaso-la-reunion-entre-empresarios-y-sindicalistas-y-el-gobierno-podria-fijarlo-por-decreto.phtml\" rel=\"noreferrer noopener\">fracaso de la de la reuni\u00f3n del Consejo del Salario<\/a>&nbsp;M\u00ednimo que se realiz\u00f3 en forma virtual el jueves.&nbsp; En esa reuni\u00f3n participaron autoridades del Ministerio de Trabajo, con el titular&nbsp;<strong>Omar Yas\u00edn&nbsp;<\/strong>y representantes de c\u00e1maras empresariales como la Uni\u00f3n Industrial Argentina (UIA), la Confederaci\u00f3n Argentina de la Mediana Empresa (CAME), adem\u00e1s de los dirigentes gremiales.<\/p>\n\n\n\n<p class=\"wp-block-paragraph\"><a target=\"_blank\" href=\"http:\/\/https\/\/www.perfil.com\/noticias\/politica\/milei-aseguro-que-la-inflacion-de-febrero-rondara-en-el-10-pero-aclaro-que-lo-peor-llegara-en-marzo-y-abril.phtml\" rel=\"noreferrer noopener\">Milei anunci\u00f3 que no habr\u00e1 aumento del salario m\u00ednimo por decreto ni paritaria nacional docente<\/a><\/p>\n\n\n\n<p class=\"wp-block-paragraph\">Los sindicalistas, que llevaban un reclamo para aumentar el salario m\u00ednimo de $156.000 a $288.600, y calificaron a la reuni\u00f3n como &#8220;una parodia&#8221;.<\/p>\n\n\n\n<p class=\"wp-block-paragraph\">&#8220;Lo del Consejo del Salario, de hacer una parodia, no dejar que podamos discutir con los empresarios, y la connivencia, por supuesto, de los sectores de la UIA y de CAME que estuvieron en la comisi\u00f3n de no hacer ninguna propuesta, y de plantear que les desfinancia a las empresas si suben el salario de 156 mil pesos actual, m\u00e1s el ajuste que est\u00e1 dado sobre los jubilados, va a generar las condiciones de una acci\u00f3n sindical,&nbsp;<strong>no tengan dudas<\/strong>&#8220;, dijo este s\u00e1bado&nbsp;Daer.<\/p>\n\n\n\n<p class=\"wp-block-paragraph\"><a target=\"_blank\" href=\"http:\/\/https\/\/www.perfil.com\/noticias\/politica\/hugo-yaskitiene-que-haber-una-convocatoria-mas-fuerte-que-la-del-paro-del-24-de-enero.phtml\" rel=\"noreferrer noopener\">Tras el fracaso del Consejo del Salario, Hugo Yasky pidi\u00f3 &#8220;una convocatoria m\u00e1s fuerte&#8221; que la del paro de la CGT<\/a><\/p>\n\n\n\n<p class=\"wp-block-paragraph\">Vaticin\u00f3 que &#8220;lo que s\u00ed va a pasar es que va a haber una cantidad de conflictos sectoriales por aumento de salario&#8221;.&nbsp;Contabiliz\u00f3 en un 30% las actividades &#8220;que han recompuesto salario y ninguna en forma satisfactoria, salvo alguna que tenga que ver con la exportaci\u00f3n o con el sistema financiero&#8221;.<\/p>\n\n\n\n<p class=\"wp-block-paragraph\">En consecuencia, cree que &#8220;ahora viene&nbsp;<strong>una acumulaci\u00f3n de conflictividad social importante<\/strong>, viene una conflictividad por actividades, una de ellas es la del sector salud, que estamos en un momento cr\u00edtico en la negociaci\u00f3n de paritarias, que no hemos avanzado, as\u00ed que todo esto es muy probable que se vaya generando&#8221;.<\/p>\n\n\n\n<h2 class=\"wp-block-heading\">&nbsp;<\/h2>\n\n\n\n<h2 class=\"wp-block-heading\">Pablo Moyano: &#8220;Se cagaron en todo&#8221;<\/h2>\n\n\n\n<p class=\"wp-block-paragraph\">A menos de 45 d\u00edas de la asunci\u00f3n del gobierno de Milei, la CGT convoc\u00f3 al primer paro general, que fue acompa\u00f1ado de una&nbsp;<a target=\"_blank\" href=\"http:\/\/https\/\/www.perfil.com\/noticias\/actualidad\/paro-nacional-las-mejores-fotos-de-la-marcha-de-la-cgt.phtml\" rel=\"noreferrer noopener\">movilizaci\u00f3n<\/a>&nbsp;masiva en el Congreso.<\/p>\n\n\n\n<p class=\"wp-block-paragraph\">Este jueves, luego de la reuni\u00f3n frustrada del Consejo, fue el camionero Pablo Moyano quien&nbsp;<strong>abri\u00f3 la posibilidad de una nueva medida<\/strong>.&nbsp;<\/p>\n\n\n\n<p class=\"wp-block-paragraph\">&#8220;Se cagaron en todo&#8221;, lanz\u00f3. Y dijo que &#8220;sin duda, se debatir\u00e1&#8221; el llamado a un nuevo paro.<\/p>\n\n\n\n<p class=\"wp-block-paragraph\">Seg\u00fan fuentes del sector, las c\u00e1maras empresariales no presentaron ninguna propuesta de aumento en la reuni\u00f3n del Consejo.<\/p>\n\n\n\n<p class=\"wp-block-paragraph\">Desde el principio se sab\u00eda que la CGT iba a pedir un incremento\u00a0de alrededor del 85%, ante la p\u00e9rdida salarial ocasionada por la inflaci\u00f3n en diciembre y enero, con cifras que superaron los 20 puntos porcentuales en ambos meses. El n\u00famero se tradujo finalmente en $288,600<\/p>\n\n\n\n<p class=\"wp-block-paragraph\">Fuente:<a href=\"https:\/\/www.perfil.com\/\"> Perfil.com<\/a><\/p>","protected":false},"excerpt":{"rendered":"<p>Hoy 10:18 El viernes fue&nbsp;Pablo Moyano&nbsp;el que adelant\u00f3 que la CGT eval\u00faa hacer un nuevo paro nacional.&nbsp;Y este s\u00e1bado se sum\u00f3&nbsp;el secretario general&nbsp;H\u00e9ctor Daer, quien dijo que el gobierno de&nbsp;Javier Milei&nbsp;&#8220;est\u00e1 generando todas las condiciones para que haya una&nbsp;nueva medida de fuerza&#8221;. &#8220;Viene una acumulaci\u00f3n de conflictividad social importante&#8221;,&nbsp;advirti\u00f3&nbsp;el l\u00edder sindical en una entrevista con&nbsp;Radio [&hellip;]<\/p>\n","protected":false},"author":9,"featured_media":0,"comment_status":"open","ping_status":"open","sticky":false,"template":"","format":"standard","meta":{"site-sidebar-layout":"default","site-content-layout":"","ast-site-content-layout":"default","site-content-style":"default","site-sidebar-style":"default","ast-global-header-display":"","ast-banner-title-visibility":"","ast-main-header-display":"","ast-hfb-above-header-display":"","ast-hfb-below-header-display":"","ast-hfb-mobile-header-display":"","site-post-title":"","ast-breadcrumbs-content":"","ast-featured-img":"","footer-sml-layout":"","ast-disable-related-posts":"","theme-transparent-header-meta":"","adv-header-id-meta":"","stick-header-meta":"","header-above-stick-meta":"","header-main-stick-meta":"","header-below-stick-meta":"","astra-migrate-meta-layouts":"default","ast-page-background-enabled":"default","ast-page-background-meta":{"desktop":{"background-color":"","background-image":"","background-repeat":"repeat","background-position":"center center","background-size":"auto","background-attachment":"scroll","background-type":"","background-media":"","overlay-type":"","overlay-color":"","overlay-opacity":"","overlay-gradient":""},"tablet":{"background-color":"","background-image":"","background-repeat":"repeat","background-position":"center center","background-size":"auto","background-attachment":"scroll","background-type":"","background-media":"","overlay-type":"","overlay-color":"","overlay-opacity":"","overlay-gradient":""},"mobile":{"background-color":"","background-image":"","background-repeat":"repeat","background-position":"center center","background-size":"auto","background-attachment":"scroll","background-type":"","background-media":"","overlay-type":"","overlay-color":"","overlay-opacity":"","overlay-gradient":""}},"ast-content-background-meta":{"desktop":{"background-color":"var(--ast-global-color-5)","background-image":"","background-repeat":"repeat","background-position":"center center","background-size":"auto","background-attachment":"scroll","background-type":"","background-media":"","overlay-type":"","overlay-color":"","overlay-opacity":"","overlay-gradient":""},"tablet":{"background-color":"var(--ast-global-color-5)","background-image":"","background-repeat":"repeat","background-position":"center center","background-size":"auto","background-attachment":"scroll","background-type":"","background-media":"","overlay-type":"","overlay-color":"","overlay-opacity":"","overlay-gradient":""},"mobile":{"background-color":"var(--ast-global-color-5)","background-image":"","background-repeat":"repeat","background-position":"center center","background-size":"auto","background-attachment":"scroll","background-type":"","background-media":"","overlay-type":"","overlay-color":"","overlay-opacity":"","overlay-gradient":""}},"footnotes":""},"categories":[25],"tags":[],"class_list":["post-96570","post","type-post","status-publish","format-standard","hentry","category-destacado"],"spectra_blocks_featured_image_url":null,"spectra_blocks_author_info":{"display_name":"Jorge Alfredo Baret","avatar_url":"https:\/\/secure.gravatar.com\/avatar\/31696f5ca83439b642450ec7d3f82f98451a5efacb414343d5478c982b337f26?s=96&d=mm&r=g","author_link":"https:\/\/100xd.com.ar\/es\/author\/jorge\/","description":"Ingeniero Qu\u00edmico UTN - Director Apoderado de Comunicaciones Auditadas SA. Editor Responsable 100xd.com.ar."},"_links":{"self":[{"href":"https:\/\/100xd.com.ar\/es\/wp-json\/wp\/v2\/posts\/96570","targetHints":{"allow":["GET"]}}],"collection":[{"href":"https:\/\/100xd.com.ar\/es\/wp-json\/wp\/v2\/posts"}],"about":[{"href":"https:\/\/100xd.com.ar\/es\/wp-json\/wp\/v2\/types\/post"}],"author":[{"embeddable":true,"href":"https:\/\/100xd.com.ar\/es\/wp-json\/wp\/v2\/users\/9"}],"replies":[{"embeddable":true,"href":"https:\/\/100xd.com.ar\/es\/wp-json\/wp\/v2\/comments?post=96570"}],"version-history":[{"count":1,"href":"https:\/\/100xd.com.ar\/es\/wp-json\/wp\/v2\/posts\/96570\/revisions"}],"predecessor-version":[{"id":96572,"href":"https:\/\/100xd.com.ar\/es\/wp-json\/wp\/v2\/posts\/96570\/revisions\/96572"}],"wp:attachment":[{"href":"https:\/\/100xd.com.ar\/es\/wp-json\/wp\/v2\/media?parent=96570"}],"wp:term":[{"taxonomy":"category","embeddable":true,"href":"https:\/\/100xd.com.ar\/es\/wp-json\/wp\/v2\/categories?post=96570"},{"taxonomy":"post_tag","embeddable":true,"href":"https:\/\/100xd.com.ar\/es\/wp-json\/wp\/v2\/tags?post=96570"}],"curies":[{"name":"wp","href":"https:\/\/api.w.org\/{rel}","templated":true}]}}