{"id":96334,"date":"2024-02-13T11:27:41","date_gmt":"2024-02-13T14:27:41","guid":{"rendered":"https:\/\/100xd.com.ar\/?p=96334"},"modified":"2024-02-13T11:27:41","modified_gmt":"2024-02-13T14:27:41","slug":"el-ingreso-del-pro-al-gobierno-las-charlas-reservadas-de-macri-en-cumelen-y-el-formato-de-un-nuevo-pacto-con-milei","status":"publish","type":"post","link":"https:\/\/100xd.com.ar\/es\/el-ingreso-del-pro-al-gobierno-las-charlas-reservadas-de-macri-en-cumelen-y-el-formato-de-un-nuevo-pacto-con-milei\/","title":{"rendered":"El ingreso del PRO al Gobierno: las charlas reservadas de Macri en Cumel\u00e9n y el formato de un nuevo pacto con Milei"},"content":{"rendered":"<p class=\"wp-block-paragraph\"><strong>Mauricio Macri<\/strong>&nbsp;est\u00e1 hiperactivo. Despu\u00e9s que decidi\u00f3 recuperar la formalidad de la presidencia del PRO, las reuniones en Cumel\u00e9n, frente a un id\u00edlico paisaje multicolor patag\u00f3nico, se suceden con dirigentes de todo el pa\u00eds que peregrinan a Villa La Angostura. Primero fue de a uno, despu\u00e9s de a pocos y los \u00faltimos fines de semana, de a bastante m\u00e1s. L\u00edderes partidarios de rango diverso van all\u00ed a compartir an\u00e1lisis, pedir apoyos para internas de pago chico y conocer&nbsp;<em>in voce&nbsp;<\/em>novedades pol\u00edticas. Si liderar es explicar y convencer, el ex mandatario est\u00e1 enfocado en eso. Y comparte definiciones que pueden ser decisivas para los pr\u00f3ximos d\u00edas.&nbsp;<strong>\u00bfHabr\u00e1 un acuerdo con Javier Milei? \u00bfEn qu\u00e9 t\u00e9rminos?<\/strong><a href=\"https:\/\/www.infobae.com\/politica\/2024\/02\/13\/martin-menem-apunto-contra-lousteau-y-la-ucr-por-exigir-la-conformacion-de-la-bicameral-de-los-dnu-han-estado-tiempo-sin-abrir-la-boca\/\" target=\"_blank\" rel=\"noreferrer noopener\">Te puede interesar:<strong>Mart\u00edn Menem apunt\u00f3 contra Lousteau y la UCR por exigir la conformaci\u00f3n de la bicameral de los DNU: \u201cHan estado tiempo sin abrir la boca\u201d<\/strong><\/a><\/p>\n\n\n\n<figure data-spectra-id=\"spectra-7ae10841-8c26-4934-8900-02bcfe7191c7\" class=\"wp-block-image\"><img decoding=\"async\" src=\"https:\/\/www.infobae.com\/new-resizer\/4a0d69SB5zpB90DM9OkEjIbqnk8=\/80x45\/filters:format(webp):quality(85)\/cloudfront-us-east-1.images.arcpublishing.com\/infobae\/BRPO3OLUQFCJTO4NX5Z6E6NBEY.jpg%2080w\" alt=\"Javier Milei, Mauricio Macri y Patricia Bullrich\" title=\"El ingreso del PRO al Gobierno: las charlas reservadas de Macri en Cumel\u00e9n y el formato de un nuevo pacto con Milei\" \/><\/figure>\n\n\n\n<p class=\"wp-block-paragraph\">Te puede interesar:<strong>La secreta rebeli\u00f3n en el PRO a la fusi\u00f3n con los libertarios de Milei y el temor a una inevitable disoluci\u00f3n<\/strong><\/p>\n\n\n\n<p class=\"wp-block-paragraph\">El ex presidente ya avis\u00f3 que est\u00e1 dispuesto a volver a ocupar la conducci\u00f3n partidaria. Cree que el PRO extravi\u00f3 su singularidad pol\u00edtica e ideol\u00f3gica. E interpreta que el actual presidente libertario ocup\u00f3 el vac\u00edo que dej\u00f3 su partido producto de la desorientaci\u00f3n tras la derrota del 2019, y la competencia salvaje y destructiva por el liderazgo y la sucesi\u00f3n que termin\u00f3, en 2023, con Juntos por el Cambio mirando de afuera la segunda vuelta.<\/p>\n\n\n\n<p class=\"wp-block-paragraph\">Para entender el presente hay que observar la escena desde lo macro y las fuerzas en disputa. Y tambi\u00e9n hacer zoom y sumergirse en el micromundo del macrismo at\u00e1vico, fundacional. Est\u00e1n, por un lado, Macri, Horacio Rodr\u00edguez Larreta y Patricia Bullrich y una interna que se acerca a un inevitable final. Y del otro lado est\u00e1 Milei, que en un momento de urgencias pol\u00edticas por el traspi\u00e9 de su \u201cLey \u00d3mnibus\u201d percibe que puede tomar del PRO todo aquello que vaya a necesitar.<a href=\"https:\/\/www.infobae.com\/politica\/2024\/02\/13\/javier-milei-volvio-a-la-argentina-y-prometio-seguir-teniendo-en-funcionamiento-la-motosierra-contra-la-casta-politica\/\" target=\"_blank\" rel=\"noreferrer noopener\">Te puede interesar:<strong>Javier Milei volvi\u00f3 a la Argentina y prometi\u00f3 \u201cseguir teniendo en funcionamiento la motosierra contra la casta pol\u00edtica\u201d<\/strong><\/a><\/p>\n\n\n\n<p class=\"wp-block-paragraph\">En este marco aparecen algunas definiciones que son clave, frente a este festival de versiones en las que abundan los intereses cruzados: en las conversaciones con Macri toma fuerza el rechazo a la fusi\u00f3n del PRO y La Libertad Avanza; el aval a alg\u00fan tipo de integraci\u00f3n parlamentaria; rechazo a un co-gobierno pero promover la incorporaci\u00f3n de cuadros t\u00e9cnicos al Ejecutivo, no dirigentes pol\u00edticos de alto perfil; y la posibilidad de empezar a discutir un acuerdo electoral con vistas al 2025 y m\u00e1s all\u00e1. Son, apenas, cuatro puntos que enfr\u00edan la pretensi\u00f3n unificadora de la ministra de Seguridad, Patricia Bullrich.<img loading=\"lazy\" decoding=\"async\" alt=\"Mauricio Macri, Javier Milei y Patricia Bullrich, tres actores clave en las negociaciones\" height=\"1080\" width=\"1920\" src=\"https:\/\/www.infobae.com\/new-resizer\/v3zJtGmxIwrZ7KKY9xOYkuuWxlo=\/420x236\/filters:format(webp):quality(85)\/cloudfront-us-east-1.images.arcpublishing.com\/infobae\/CJMKCLYJ45GKDO3LK32YEKGN3A.jpg%20420w\" srcset=\"https:\/\/www.infobae.com\/new-resizer\/v3zJtGmxIwrZ7KKY9xOYkuuWxlo=\/420x236\/filters:format(webp):quality(85)\/cloudfront-us-east-1.images.arcpublishing.com\/infobae\/CJMKCLYJ45GKDO3LK32YEKGN3A.jpg 420w,https:\/\/www.infobae.com\/new-resizer\/OEvD8Bz2otqy7X3uS6YehxtDp6M=\/768x432\/filters:format(webp):quality(85)\/cloudfront-us-east-1.images.arcpublishing.com\/infobae\/CJMKCLYJ45GKDO3LK32YEKGN3A.jpg 768w,https:\/\/www.infobae.com\/new-resizer\/bqmOtx3fA3-7kMVEZ1y0yB_xClw=\/1200x675\/filters:format(webp):quality(85)\/cloudfront-us-east-1.images.arcpublishing.com\/infobae\/CJMKCLYJ45GKDO3LK32YEKGN3A.jpg 1200w,https:\/\/www.infobae.com\/new-resizer\/_u-HTdsFF1n9n9f9BVXPllJ2RB4=\/1440x810\/filters:format(webp):quality(85)\/cloudfront-us-east-1.images.arcpublishing.com\/infobae\/CJMKCLYJ45GKDO3LK32YEKGN3A.jpg 1440w\" title=\"El ingreso del PRO al Gobierno: las charlas reservadas de Macri en Cumel\u00e9n y el formato de un nuevo pacto con Milei\">Mauricio Macri, Javier Milei y Patricia Bullrich, tres actores clave en las negociaciones<\/p>\n\n\n\n<p class=\"wp-block-paragraph\">Quienes van a ver a Macri interpretan que hay una demanda del electorado propio y de la dirigencia para que lidere la nueva etapa. \u00c9l no se resiste a un operativo clamor en el que pueden advertirse rastros inconfundibles de autogesti\u00f3n. Tampoco hay otro referente con una representaci\u00f3n simb\u00f3lica suficiente para evitar, incluso, el peligro de desaparici\u00f3n del movimiento pol\u00edtico fundado en 2001 por el entonces presidente de Boca Juniors, con retazos del PJ y la UCR porte\u00f1as, l\u00edderes independientes y j\u00f3venes reci\u00e9n salidos de la Facultad.<a href=\"https:\/\/www.infobae.com\/politica\/2024\/02\/13\/martin-menem-apunto-contra-lousteau-y-la-ucr-por-exigir-la-conformacion-de-la-bicameral-de-los-dnu-han-estado-tiempo-sin-abrir-la-boca\/\" target=\"_blank\" rel=\"noreferrer noopener\">Te puede interesar:<strong>Mart\u00edn Menem apunt\u00f3 contra Lousteau y la UCR por exigir la conformaci\u00f3n de la bicameral de los DNU: \u201cHan estado tiempo sin abrir la boca\u201d<\/strong><\/a><a href=\"https:\/\/www.infobae.com\/politica\/2024\/02\/08\/guillermo-ferraro-continua-siendo-ministro-a-pesar-de-que-el-gobierno-anuncio-su-salida-hace-dos-semanas\/\" rel=\"noreferrer noopener\" target=\"_blank\">Te puede interesar:<strong>Guillermo Ferraro contin\u00faa siendo ministro, a pesar de que el Gobierno anunci\u00f3 su salida hace dos semanas<\/strong><\/a><\/p>\n\n\n\n<p class=\"wp-block-paragraph\">Testigo de todo ese recorrido -que mut\u00f3 de partido vecinal a gobernar Naci\u00f3n, provincia y ciudad de Buenos Aires en simult\u00e1neo- la ex ministra de Educaci\u00f3n<strong>&nbsp;Soledad Acu\u00f1a&nbsp;<\/strong>estuvo el s\u00e1bado en ese exclusivo country del sur argentino. Trascendi\u00f3 que tambi\u00e9n fueron d\u00edas atr\u00e1s<strong>&nbsp;Guillermo Dietrich, Eugenio Burzaco<\/strong>&nbsp;y<strong>&nbsp;Joaqu\u00edn de la Torre<\/strong>, tres l\u00edderes que suenan para desempe\u00f1ar alg\u00fan rol de importancia en el tiempo pol\u00edtico que viene. Son algunos de los que se conocen, pero seguro habr\u00e1 m\u00e1s. Hasta Rodr\u00edguez Larreta podr\u00eda, dicen los que conocen esas rutinas reservadas. Antes o despu\u00e9s del 19 de febrero, presumible fecha de regreso. Sobra tiempo.<\/p>\n\n\n\n<p class=\"wp-block-paragraph\">En las charlas patag\u00f3nicas, Macri transmite a sus interlocutores que la prioridad es definir la identidad del PRO, definir los bordes, los l\u00edmites, aquello que lo define. Adem\u00e1s, dicen que para el ex presidente el partido debe recuperar una conducci\u00f3n \u00fanica, que evite los desv\u00edos que lo desperfilaron en t\u00e9rminos de ideas, programas y valores. \u201cQu\u00e9 somos y qu\u00e9 no somos\u201d, resumen en di\u00e1logo con&nbsp;<strong>Infobae<\/strong>. Desde all\u00ed, cree el ex presidente, se puede plantear una negociaci\u00f3n con Javier Milei, que tendr\u00e1 una l\u00f3gica ajena a un criterio transaccional.<img loading=\"lazy\" decoding=\"async\" alt=\"El ex presidente Macri junto a la ex ministra de Educaci\u00f3n porte\u00f1a, Soledad Acu\u00f1a \" height=\"695\" width=\"1033\" src=\"https:\/\/www.infobae.com\/new-resizer\/UVfeSSdi0FysvI3yDsjBg46VQM8=\/420x280\/filters:format(webp):quality(85)\/cloudfront-us-east-1.images.arcpublishing.com\/infobae\/REIUBZHL2NHHHILQYCUJW3QYFA.JPG%20420w\" srcset=\"https:\/\/www.infobae.com\/new-resizer\/UVfeSSdi0FysvI3yDsjBg46VQM8=\/420x280\/filters:format(webp):quality(85)\/cloudfront-us-east-1.images.arcpublishing.com\/infobae\/REIUBZHL2NHHHILQYCUJW3QYFA.JPG 420w,https:\/\/www.infobae.com\/new-resizer\/u5bcpaFZk_9K9RVXBfDcXN6tBsk=\/768x512\/filters:format(webp):quality(85)\/cloudfront-us-east-1.images.arcpublishing.com\/infobae\/REIUBZHL2NHHHILQYCUJW3QYFA.JPG 768w,https:\/\/www.infobae.com\/new-resizer\/1JlEyCpZ86H73oPxWZY_Q3yDW1s=\/1200x800\/filters:format(webp):quality(85)\/cloudfront-us-east-1.images.arcpublishing.com\/infobae\/REIUBZHL2NHHHILQYCUJW3QYFA.JPG 1200w,https:\/\/www.infobae.com\/new-resizer\/cr9L9AHoUyNFq73DRyr8JwXVh_E=\/1440x960\/filters:format(webp):quality(85)\/cloudfront-us-east-1.images.arcpublishing.com\/infobae\/REIUBZHL2NHHHILQYCUJW3QYFA.JPG 1440w\" title=\"El ingreso del PRO al Gobierno: las charlas reservadas de Macri en Cumel\u00e9n y el formato de un nuevo pacto con Milei\">El ex presidente Macri junto a la ex ministra de Educaci\u00f3n porte\u00f1a, Soledad Acu\u00f1a<\/p>\n\n\n\n<p class=\"wp-block-paragraph\">Entre las primeras definiciones, el rechazo a una fusi\u00f3n del PRO y La Libertad Avanza es planteado de manera enf\u00e1tica por el ex presidente. Piensa en un formato similar a Juntos por el Cambio, pero sin la conducci\u00f3n del comit\u00e9 nacional de la Uni\u00f3n C\u00edvica Radical, donde Mart\u00edn Lousteau, tiene un rol central; ni la Coalici\u00f3n C\u00edvica de Elisa Carri\u00f3, ni el peronismo alineado a los gobernadores. En Cumel\u00e9n se escucharon cr\u00edticas a la actuaci\u00f3n del cordob\u00e9s Mart\u00edn Llaryora.<a href=\"https:\/\/www.infobae.com\/politica\/2024\/02\/10\/javier-milei-avanza-en-su-acuerdo-politico-con-macri-pero-descarta-cambios-a-nivel-ministerial\/\" rel=\"noreferrer noopener\" target=\"_blank\">Te puede interesar:<strong>Javier Milei avanza en su acuerdo pol\u00edtico con Macri pero descarta cambios a nivel ministerial<\/strong><\/a><\/p>\n\n\n\n<p class=\"wp-block-paragraph\">El \u201cNo\u201d a la fusi\u00f3n del PRO y LLA es una resistencia que apunta a frenar los impulsos de Milei por tomar lo que considera que est\u00e1 vacante. Macri sabe, de todos modos, que su partido y sus votantes est\u00e1, masivamente, apoyando al presidente. \u201cMauricio est\u00e1 de acuerdo en esta etapa encarar esta discusi\u00f3n dentro del PRO y despu\u00e9s armar las alianzas que haya que armar hacia fuera\u201d, explicaron dirigentes que hablaron con Macri.<\/p>\n\n\n\n<p class=\"wp-block-paragraph\">El consenso que crece a partir de las reuniones en Cumel\u00e9n y entre los principales dirigentes partidarios que est\u00e1n trabajando en la renovaci\u00f3n de autoridades del partido es que el PRO debe volver a ser gravitante en la pol\u00edtica y evitar la sumisi\u00f3n a la figura del l\u00edder libertario. \u201cNos fuimos diluyendo y as\u00ed como se fueron diluyendo las ideas, se fueron diluyendo los liderazgos\u201d.<\/p>\n\n\n\n<p class=\"wp-block-paragraph\">La experiencia de Larreta suele evocarse en las conversaciones en Villa La Angostura como pr\u00e1cticas que fueron nocivas para la integridad del PRO y al mismo tiempo in\u00fatiles para conseguir resultados. \u201cLas alianzas no pueden ser alianzas transaccionales. No es plantear que est\u00e1s con nosotros porque te doy este cargo. Nos pas\u00f3 antes a nosotros y no puede volver a pasar, m\u00e1s estando en una posici\u00f3n que no somos oposici\u00f3n, pero tampoco somos gobierno\u201d, explicaron fuentes partidarias.<img loading=\"lazy\" decoding=\"async\" alt=\"El presidente de Argentina, Javier Milei (c), salud al expresidente Mauricio Macri (d), en una fotograf\u00eda de archivo. EFE\/ Demian Alday Estevez\" height=\"3998\" width=\"6000\" src=\"https:\/\/www.infobae.com\/new-resizer\/v1iSGean5YGgP2RSfGmowIY7OiM=\/420x280\/filters:format(webp):quality(85)\/cloudfront-us-east-1.images.arcpublishing.com\/infobae\/GQR4LABQWREI7O5OKJ3U5WKEFA.jpg%20420w\" srcset=\"https:\/\/www.infobae.com\/new-resizer\/v1iSGean5YGgP2RSfGmowIY7OiM=\/420x280\/filters:format(webp):quality(85)\/cloudfront-us-east-1.images.arcpublishing.com\/infobae\/GQR4LABQWREI7O5OKJ3U5WKEFA.jpg 420w,https:\/\/www.infobae.com\/new-resizer\/M_WmuM7lHvF48QIM9NqzYQNn_7E=\/768x512\/filters:format(webp):quality(85)\/cloudfront-us-east-1.images.arcpublishing.com\/infobae\/GQR4LABQWREI7O5OKJ3U5WKEFA.jpg 768w,https:\/\/www.infobae.com\/new-resizer\/TTLuADrPrwLyLVwvyzSzbPursvI=\/1200x800\/filters:format(webp):quality(85)\/cloudfront-us-east-1.images.arcpublishing.com\/infobae\/GQR4LABQWREI7O5OKJ3U5WKEFA.jpg 1200w,https:\/\/www.infobae.com\/new-resizer\/nPe6_EIpHMm_S9ySgnh4UMLm1kc=\/1440x960\/filters:format(webp):quality(85)\/cloudfront-us-east-1.images.arcpublishing.com\/infobae\/GQR4LABQWREI7O5OKJ3U5WKEFA.jpg 1440w\" title=\"El ingreso del PRO al Gobierno: las charlas reservadas de Macri en Cumel\u00e9n y el formato de un nuevo pacto con Milei\">El presidente de Argentina, Javier Milei (c), salud al expresidente Mauricio Macri (d), en una fotograf\u00eda de archivo. EFE\/ Demian Alday Estevez<\/p>\n\n\n\n<p class=\"wp-block-paragraph\">Con este escenario, dirigentes que tuvieron en los \u00faltimos d\u00edas trato con \u00e9l revelaron que Macri expres\u00f3 de manera enf\u00e1tica que no est\u00e1 de acuerdo con una fusi\u00f3n de partidos y que la idea es fortalecer y darle consistencia al PRO despu\u00e9s de la dispersi\u00f3n y el magro resultado obtenido en las \u00faltimas elecciones presidenciales, que pas\u00f3 de sentirse inevitablemente gobierno -sobre todo despu\u00e9s del fracaso de la \u00faltima experiencia peronista- a quedar relegado al tercer puesto.<\/p>\n\n\n\n<p class=\"wp-block-paragraph\">\u201cLo que se viene es definir cu\u00e1les son las nuevas alianzas que hay que hacer. Estos acuerdos suponen, desde la cuesti\u00f3n legislativa, las futuras listas para las elecciones intermedias y el acompa\u00f1amiento al gobierno de Milei, que no puede ser un co-gobierno. Ese acompa\u00f1amiento tiene que estar en funci\u00f3n de aportar equipos y cuadros t\u00e9cnicos, m\u00e1s que dirigentes pol\u00edticos\u201d, revelaron dirigentes que hablaron con el ex presidente.<\/p>\n\n\n\n<p class=\"wp-block-paragraph\">Macri admite que el presidente carece de un funcionariado y de cuadros intermedios calificados para afrontar un momento tan desafiante como el presente. Entiende que le falta cantidad pero tambi\u00e9n calidad. Por eso niega a quienes le preguntan que haya impulsado a Mar\u00eda Eugenia Vidal para dirigir la ANSES. Primero porque fue gobernadora bonaerense y tiene una dimensi\u00f3n pol\u00edtica inocultable. Y despu\u00e9s, porque un cargo como ese, del que depende una pol\u00edtica tan central de un gobierno como la previsional, \u00e9l cree que deber\u00eda ir alguien con experiencia.<\/p>\n\n\n\n<p class=\"wp-block-paragraph\">\u201cA un lugar as\u00ed, como la ANSES, no puede ir un pol\u00edtico, porque es dar un mensaje dirigido s\u00f3lo a la pol\u00edtica. Hay que aportar cuadros t\u00e9cnicos que hagan que las cosas pasen. Hay muchas ideas con las que el PRO est\u00e1 100% de acuerdo, pero que a la hora de ser implementadas, fallan\u201d, dicen que plante\u00f3 Macri en una de sus charlas.<\/p>\n\n\n\n<p class=\"wp-block-paragraph\">Y sobre la cuesti\u00f3n parlamentaria, las ideas que vuelven es que, de m\u00ednima, Milei acepte integrar las bancadas de LLA y el PRO en un interbloque, y de m\u00e1xima, que habilite una negociaci\u00f3n con los sectores dialoguistas para definir la posibilidad de elegir una nueva presidencia de la C\u00e1mara baja. Macri la \u00fanica sugerencia que le hab\u00eda transmitido era que fuera Cristian Ritondo, pero el l\u00edder libertario prefiri\u00f3 designar a un dirigente con inconfundible pertenencia de LLA, como el riojano Mart\u00edn Menem.<\/p>\n\n\n\n<h2 class=\"wp-block-heading\">Ley \u00f3mnibus, poder y ausencia<\/h2>\n\n\n\n<p class=\"wp-block-paragraph\">Cuando fracas\u00f3 el debate de La Ley \u00d3mnibus, esa recomendaci\u00f3n planteada antes de la asunci\u00f3n adquiri\u00f3 una nueva significaci\u00f3n. Sobre todo porque Macri viene planteando que hay reformas de fondo que s\u00f3lo puede hacer Milei porque no tiene obligaciones, compromisos ni dependencias con una parte del sistema pol\u00edtico. \u201cEs una oportunidad. S\u00f3lo Milei puede hacer algunos cambios, hay cosas que la pol\u00edtica no se lo bancar\u00eda a nadie y lo hace ahora porque Milei no tiene nada para perder\u201d, consideraron en el macrismo.<\/p>\n\n\n\n<p class=\"wp-block-paragraph\">Que la \u201cLey \u00d3mnibus\u201d haya sucumbido del modo en que lo hizo encendi\u00f3 una luz amarilla para el ex presidente. \u201cEsto tiene que salir bien\u201d, le dijo a uno de sus contertulios d\u00edas atr\u00e1s. Tambi\u00e9n comparti\u00f3 la bronca con Larreta, por haber festejado un fracaso que lo puso en la misma vereda que Cristina Kirchner, Sergio Massa, la CGT y La C\u00e1mpora. Celebr\u00f3 el rechazo pese a que el PRO, de manera un\u00e1nime, vot\u00f3 el rechazo. \u201cEso no se hace\u201d, se le escuch\u00f3 decir despu\u00e9s del desenlace.<\/p>\n\n\n\n<p class=\"wp-block-paragraph\">Fuente:<a href=\"https:\/\/www.infobae.com\/?noredirect\"> Infobae.com<\/a><\/p>","protected":false},"excerpt":{"rendered":"<p>Mauricio Macri&nbsp;est\u00e1 hiperactivo. Despu\u00e9s que decidi\u00f3 recuperar la formalidad de la presidencia del PRO, las reuniones en Cumel\u00e9n, frente a un id\u00edlico paisaje multicolor patag\u00f3nico, se suceden con dirigentes de todo el pa\u00eds que peregrinan a Villa La Angostura. Primero fue de a uno, despu\u00e9s de a pocos y los \u00faltimos fines de semana, de [&hellip;]<\/p>\n","protected":false},"author":9,"featured_media":0,"comment_status":"open","ping_status":"open","sticky":false,"template":"","format":"standard","meta":{"site-sidebar-layout":"default","site-content-layout":"","ast-site-content-layout":"default","site-content-style":"default","site-sidebar-style":"default","ast-global-header-display":"","ast-banner-title-visibility":"","ast-main-header-display":"","ast-hfb-above-header-display":"","ast-hfb-below-header-display":"","ast-hfb-mobile-header-display":"","site-post-title":"","ast-breadcrumbs-content":"","ast-featured-img":"","footer-sml-layout":"","ast-disable-related-posts":"","theme-transparent-header-meta":"","adv-header-id-meta":"","stick-header-meta":"","header-above-stick-meta":"","header-main-stick-meta":"","header-below-stick-meta":"","astra-migrate-meta-layouts":"default","ast-page-background-enabled":"default","ast-page-background-meta":{"desktop":{"background-color":"","background-image":"","background-repeat":"repeat","background-position":"center center","background-size":"auto","background-attachment":"scroll","background-type":"","background-media":"","overlay-type":"","overlay-color":"","overlay-opacity":"","overlay-gradient":""},"tablet":{"background-color":"","background-image":"","background-repeat":"repeat","background-position":"center center","background-size":"auto","background-attachment":"scroll","background-type":"","background-media":"","overlay-type":"","overlay-color":"","overlay-opacity":"","overlay-gradient":""},"mobile":{"background-color":"","background-image":"","background-repeat":"repeat","background-position":"center center","background-size":"auto","background-attachment":"scroll","background-type":"","background-media":"","overlay-type":"","overlay-color":"","overlay-opacity":"","overlay-gradient":""}},"ast-content-background-meta":{"desktop":{"background-color":"var(--ast-global-color-5)","background-image":"","background-repeat":"repeat","background-position":"center center","background-size":"auto","background-attachment":"scroll","background-type":"","background-media":"","overlay-type":"","overlay-color":"","overlay-opacity":"","overlay-gradient":""},"tablet":{"background-color":"var(--ast-global-color-5)","background-image":"","background-repeat":"repeat","background-position":"center center","background-size":"auto","background-attachment":"scroll","background-type":"","background-media":"","overlay-type":"","overlay-color":"","overlay-opacity":"","overlay-gradient":""},"mobile":{"background-color":"var(--ast-global-color-5)","background-image":"","background-repeat":"repeat","background-position":"center center","background-size":"auto","background-attachment":"scroll","background-type":"","background-media":"","overlay-type":"","overlay-color":"","overlay-opacity":"","overlay-gradient":""}},"footnotes":""},"categories":[25],"tags":[],"class_list":["post-96334","post","type-post","status-publish","format-standard","hentry","category-destacado"],"spectra_blocks_featured_image_url":null,"spectra_blocks_author_info":{"display_name":"Jorge Alfredo Baret","avatar_url":"https:\/\/secure.gravatar.com\/avatar\/31696f5ca83439b642450ec7d3f82f98451a5efacb414343d5478c982b337f26?s=96&d=mm&r=g","author_link":"https:\/\/100xd.com.ar\/es\/author\/jorge\/","description":"Ingeniero Qu\u00edmico UTN - Director Apoderado de Comunicaciones Auditadas SA. Editor Responsable 100xd.com.ar."},"_links":{"self":[{"href":"https:\/\/100xd.com.ar\/es\/wp-json\/wp\/v2\/posts\/96334","targetHints":{"allow":["GET"]}}],"collection":[{"href":"https:\/\/100xd.com.ar\/es\/wp-json\/wp\/v2\/posts"}],"about":[{"href":"https:\/\/100xd.com.ar\/es\/wp-json\/wp\/v2\/types\/post"}],"author":[{"embeddable":true,"href":"https:\/\/100xd.com.ar\/es\/wp-json\/wp\/v2\/users\/9"}],"replies":[{"embeddable":true,"href":"https:\/\/100xd.com.ar\/es\/wp-json\/wp\/v2\/comments?post=96334"}],"version-history":[{"count":1,"href":"https:\/\/100xd.com.ar\/es\/wp-json\/wp\/v2\/posts\/96334\/revisions"}],"predecessor-version":[{"id":96336,"href":"https:\/\/100xd.com.ar\/es\/wp-json\/wp\/v2\/posts\/96334\/revisions\/96336"}],"wp:attachment":[{"href":"https:\/\/100xd.com.ar\/es\/wp-json\/wp\/v2\/media?parent=96334"}],"wp:term":[{"taxonomy":"category","embeddable":true,"href":"https:\/\/100xd.com.ar\/es\/wp-json\/wp\/v2\/categories?post=96334"},{"taxonomy":"post_tag","embeddable":true,"href":"https:\/\/100xd.com.ar\/es\/wp-json\/wp\/v2\/tags?post=96334"}],"curies":[{"name":"wp","href":"https:\/\/api.w.org\/{rel}","templated":true}]}}