{"id":95550,"date":"2024-01-29T11:42:44","date_gmt":"2024-01-29T14:42:44","guid":{"rendered":"https:\/\/100xd.com.ar\/?p=95550"},"modified":"2024-01-29T11:57:43","modified_gmt":"2024-01-29T14:57:43","slug":"familias-de-25-de-mayo-recibieron-las-llaves-de-sus-nuevas-viviendas","status":"publish","type":"post","link":"https:\/\/100xd.com.ar\/es\/familias-de-25-de-mayo-recibieron-las-llaves-de-sus-nuevas-viviendas\/","title":{"rendered":"Provincia de San Ju\u00e1n: Familias de 25 de Mayo recibieron las llaves de sus nuevas viviendas"},"content":{"rendered":"<p class=\"wp-block-paragraph\">El ministro de Infraestructura, Agua y Energ\u00eda, Fernando Perea, junto con la directora del IPV, Elina Peralta, lideraron la&nbsp;<strong>entrega de viviendas en el departamento 25 de Mayo<\/strong>. Esta actividad tuvo lugar en la Villa Cari\u00f1o, ubicada en las proximidades de la calle 4 y la Ruta 20.<\/p>\n\n\n\n<p class=\"wp-block-paragraph\">En este evento, que cont\u00f3 con la presencia del intendente municipal, Rodolfo Jalife, entre otros funcionarios,&nbsp;<strong>15 familias de la zona fueron beneficiadas<\/strong>&nbsp;con la entrega de las llaves de sus nuevas viviendas, construidas en el marco de<strong>l Plan Lote Hogar, a cargo del IPV.<\/strong><\/p>\n\n\n\n<p class=\"wp-block-paragraph\">Los beneficiarios, que fueron censados el a\u00f1o pasado por el IPV, recibieron las llaves de sus hogares durante la visita de las autoridades provinciales a la Villa Cari\u00f1o a las 9 de la ma\u00f1ana. En cada vivienda, la alegr\u00eda y la emoci\u00f3n de los nuevos propietarios eran evidentes, ya que&nbsp;<strong>algunos de ellos hab\u00edan esperado m\u00e1s de 20 a\u00f1os para este momento especial.<\/strong><\/p>\n\n\n\n<p class=\"wp-block-paragraph\">La entrega de estas viviendas se llev\u00f3 a cabo para completar las 30 unidades asignadas al barrio. En diciembre pasado, se realiz\u00f3 una primera entrega parcial de 15 viviendas en respuesta a las necesidades urgentes de la comunidad.<\/p>\n\n\n\n<p class=\"wp-block-paragraph\">Cada vivienda consta de dos dormitorios, ba\u00f1o, cocina comedor y lavadero exterior. Adem\u00e1s, el IPV destac\u00f3 que este modelo de casa puede adaptarse f\u00e1cilmente a viviendas evolutivas a bajo costo, seg\u00fan las necesidades de las familias. Adem\u00e1s, destacaron que&nbsp;<strong>estas casas fueron construidas con estructuras sismorresistentes<\/strong>, mamposter\u00eda de ladrillo y piso de hormig\u00f3n llaneado. Ofrecen instalaci\u00f3n sanitaria completa con c\u00e1mara de inspecci\u00f3n, ba\u00f1o equipado con inodoro, bidet y lavatorio, as\u00ed como un termotanque el\u00e9ctrico.<\/p>\n\n\n\n<p class=\"wp-block-paragraph\">Fuente:<a href=\"https:\/\/sisanjuan.gob.ar\/\"> Si San Ju\u00e1n<\/a><\/p>","protected":false},"excerpt":{"rendered":"<p>El ministro de Infraestructura, Agua y Energ\u00eda, Fernando Perea, junto con la directora del IPV, Elina Peralta, lideraron la&nbsp;entrega de viviendas en el departamento 25 de Mayo. Esta actividad tuvo lugar en la Villa Cari\u00f1o, ubicada en las proximidades de la calle 4 y la Ruta 20. En este evento, que cont\u00f3 con la presencia [&hellip;]<\/p>\n","protected":false},"author":9,"featured_media":0,"comment_status":"open","ping_status":"open","sticky":false,"template":"","format":"standard","meta":{"site-sidebar-layout":"default","site-content-layout":"","ast-site-content-layout":"default","site-content-style":"default","site-sidebar-style":"default","ast-global-header-display":"","ast-banner-title-visibility":"","ast-main-header-display":"","ast-hfb-above-header-display":"","ast-hfb-below-header-display":"","ast-hfb-mobile-header-display":"","site-post-title":"","ast-breadcrumbs-content":"","ast-featured-img":"","footer-sml-layout":"","ast-disable-related-posts":"","theme-transparent-header-meta":"","adv-header-id-meta":"","stick-header-meta":"","header-above-stick-meta":"","header-main-stick-meta":"","header-below-stick-meta":"","astra-migrate-meta-layouts":"default","ast-page-background-enabled":"default","ast-page-background-meta":{"desktop":{"background-color":"","background-image":"","background-repeat":"repeat","background-position":"center center","background-size":"auto","background-attachment":"scroll","background-type":"","background-media":"","overlay-type":"","overlay-color":"","overlay-opacity":"","overlay-gradient":""},"tablet":{"background-color":"","background-image":"","background-repeat":"repeat","background-position":"center center","background-size":"auto","background-attachment":"scroll","background-type":"","background-media":"","overlay-type":"","overlay-color":"","overlay-opacity":"","overlay-gradient":""},"mobile":{"background-color":"","background-image":"","background-repeat":"repeat","background-position":"center center","background-size":"auto","background-attachment":"scroll","background-type":"","background-media":"","overlay-type":"","overlay-color":"","overlay-opacity":"","overlay-gradient":""}},"ast-content-background-meta":{"desktop":{"background-color":"var(--ast-global-color-5)","background-image":"","background-repeat":"repeat","background-position":"center center","background-size":"auto","background-attachment":"scroll","background-type":"","background-media":"","overlay-type":"","overlay-color":"","overlay-opacity":"","overlay-gradient":""},"tablet":{"background-color":"var(--ast-global-color-5)","background-image":"","background-repeat":"repeat","background-position":"center center","background-size":"auto","background-attachment":"scroll","background-type":"","background-media":"","overlay-type":"","overlay-color":"","overlay-opacity":"","overlay-gradient":""},"mobile":{"background-color":"var(--ast-global-color-5)","background-image":"","background-repeat":"repeat","background-position":"center center","background-size":"auto","background-attachment":"scroll","background-type":"","background-media":"","overlay-type":"","overlay-color":"","overlay-opacity":"","overlay-gradient":""}},"footnotes":""},"categories":[8,4],"tags":[],"class_list":["post-95550","post","type-post","status-publish","format-standard","hentry","category-el-mundo","category-sociedad"],"spectra_blocks_featured_image_url":null,"spectra_blocks_author_info":{"display_name":"Jorge Alfredo Baret","avatar_url":"https:\/\/secure.gravatar.com\/avatar\/31696f5ca83439b642450ec7d3f82f98451a5efacb414343d5478c982b337f26?s=96&d=mm&r=g","author_link":"https:\/\/100xd.com.ar\/es\/author\/jorge\/","description":"Ingeniero Qu\u00edmico UTN - Director Apoderado de Comunicaciones Auditadas SA. Editor Responsable 100xd.com.ar."},"_links":{"self":[{"href":"https:\/\/100xd.com.ar\/es\/wp-json\/wp\/v2\/posts\/95550","targetHints":{"allow":["GET"]}}],"collection":[{"href":"https:\/\/100xd.com.ar\/es\/wp-json\/wp\/v2\/posts"}],"about":[{"href":"https:\/\/100xd.com.ar\/es\/wp-json\/wp\/v2\/types\/post"}],"author":[{"embeddable":true,"href":"https:\/\/100xd.com.ar\/es\/wp-json\/wp\/v2\/users\/9"}],"replies":[{"embeddable":true,"href":"https:\/\/100xd.com.ar\/es\/wp-json\/wp\/v2\/comments?post=95550"}],"version-history":[{"count":2,"href":"https:\/\/100xd.com.ar\/es\/wp-json\/wp\/v2\/posts\/95550\/revisions"}],"predecessor-version":[{"id":95562,"href":"https:\/\/100xd.com.ar\/es\/wp-json\/wp\/v2\/posts\/95550\/revisions\/95562"}],"wp:attachment":[{"href":"https:\/\/100xd.com.ar\/es\/wp-json\/wp\/v2\/media?parent=95550"}],"wp:term":[{"taxonomy":"category","embeddable":true,"href":"https:\/\/100xd.com.ar\/es\/wp-json\/wp\/v2\/categories?post=95550"},{"taxonomy":"post_tag","embeddable":true,"href":"https:\/\/100xd.com.ar\/es\/wp-json\/wp\/v2\/tags?post=95550"}],"curies":[{"name":"wp","href":"https:\/\/api.w.org\/{rel}","templated":true}]}}