{"id":95465,"date":"2024-01-28T11:35:15","date_gmt":"2024-01-28T14:35:15","guid":{"rendered":"https:\/\/100xd.com.ar\/?p=95465"},"modified":"2024-01-28T11:35:15","modified_gmt":"2024-01-28T14:35:15","slug":"patricia-bullrich-dijo-que-hay-acuerdo-para-que-la-ley-omnibus-se-vote-sin-el-capitulo-fiscal","status":"publish","type":"post","link":"https:\/\/100xd.com.ar\/es\/patricia-bullrich-dijo-que-hay-acuerdo-para-que-la-ley-omnibus-se-vote-sin-el-capitulo-fiscal\/","title":{"rendered":"Patricia Bullrich dijo que hay \u201cacuerdo\u201d para que la ley \u00f3mnibus se vote sin el cap\u00edtulo fiscal"},"content":{"rendered":"<p class=\"wp-block-paragraph\">La ministra de Seguridad, Patricia Bullrich, se mostr\u00f3 hoy confiada en que&nbsp;<a href=\"https:\/\/www.lanacion.com.ar\/economia\/los-us3000-millones-que-generaron-la-mayor-disputa-y-que-hizo-caer-el-capitulo-fiscal-nid28012024\/\">la ley \u00f3mnibus impulsada por el Gobierno<\/a>&nbsp;<strong>ser\u00e1 aprobara en el Congreso<\/strong>, luego de que el ministro de Econom\u00eda, Luis Caputo, retirara el cap\u00edtulo fiscal de la norma.<\/p>\n\n\n\n<p class=\"wp-block-paragraph\">\u201cNo hay que mirar tanto la letra chica de una ley sino las circunstancias generales de una ley.&nbsp;<strong>Cuando m\u00e1s se demore m\u00e1s posibilidades ten\u00e9s de fracasar.<\/strong>&nbsp;Es fundamental darle el instrumento al Gobierno para hacer cambios estructurales\u201d, asegur\u00f3 Bullrich en declaraciones a Radio Mitre. \u201cEl objetivo es que la ley tenga media sanci\u00f3n el martes\u201d, apunt\u00f3 la ministra.<\/p>\n\n\n\n<p class=\"wp-block-paragraph\">\u201cUn Congreso donde todo el mundo se aprovecha de la debilidad de un gobierno con pocos diputados lo \u00fanico que logra es que la ley se deforme. Vos pod\u00e9s correrte hasta cierto punto, pero si no volv\u00e9s al statu quo. El Gobierno evalu\u00f3 eso para retirar el cap\u00edtulo fiscal. Se pon\u00eda entre par\u00e9ntesis el \u00e9xito del plan.&nbsp;<strong>Hay que llegar al d\u00e9ficit cero<\/strong>&nbsp;y ya se pasaba a que iba a ser negativo lo que se iba a votar. Se van a utilizar otros instrumentos para lograr ese objetivo\u201d, afirm\u00f3 Bullrich.<\/p>\n\n\n\n<p class=\"wp-block-paragraph\">\u201cEl pa\u00eds est\u00e1 al borde del abismo, no se puede esperar.&nbsp;<strong>Lo que queda (de la ley) ya tiene un acuerdo<\/strong>, la ley tiene una serie de cambios. Hay que respetar el acuerdo. YPF sali\u00f3 de las privatizaciones, se ha negociado. El pa\u00eds no puede seguir gastando lo que gasta y esto lo han entendido los argentinos\u201d, se\u00f1al\u00f3 la ministra.<\/p>\n\n\n\n<p class=\"wp-block-paragraph\">El&nbsp;<strong>paquete fiscal de la discusi\u00f3n por la ley \u00f3mnibus en el Congreso<\/strong>&nbsp;cay\u00f3 tras una inconclusa disputa entre el Ejecutivo, la oposici\u00f3n y los gobernadores por m\u00e1s de US$3000 millones. Es lo que representan la<strong>&nbsp;propuesta de suba de retenciones y el cambio en la f\u00f3rmula de las jubilaciones,<\/strong>&nbsp;los dos puntos que trabaron la discusi\u00f3n legislativa y que suponen ahora un desaf\u00edo para el Gobierno en&nbsp;<a href=\"https:\/\/www.lanacion.com.ar\/politica\/las-principales-frases-de-luis-caputo-en-el-anuncio-de-retiro-del-plan-fiscal-del-megaproyecto-de-nid26012024\/\"><strong>su meta de \u201cd\u00e9ficit cero\u201d en 2024.<\/strong><\/a><\/p>\n\n\n\n<p class=\"wp-block-paragraph\">Una de las principales disputas en torno al&nbsp;<strong>paquete de recorte de gastos y m\u00e1s impuestos estuvo vinculada a la propuesta de suba en las retenciones<\/strong>. En su proyecto, el Gobierno hab\u00eda planteado el<strong>&nbsp;incremento de las al\u00edcuotas por derechos de exportaci\u00f3n al 15% para productos de econom\u00edas regionales&nbsp;<\/strong>(luego negoci\u00f3 la exclusi\u00f3n de algunos rubros para intentar sumar votos), e igualar en el 33% la correspondiente a la soja y sus derivados, en una decisi\u00f3n que recibi\u00f3 cr\u00edticas de economistas por representar de hecho un desaliento a la exportaci\u00f3n de productos industrializados o de mayor valor agregado local. En n\u00fameros<strong>, el incremento en la presi\u00f3n fiscal v\u00eda mayores retenciones a oleaginosas, cereales, carnes y otros productos implicaba una recaudaci\u00f3n adicional de US$1135 millones,<\/strong>&nbsp;de acuerdo con las estimaciones de la consultora Equilibra.<\/p>\n\n\n\n<p class=\"wp-block-paragraph\">Luego de un a\u00f1o de&nbsp;<strong>sequ\u00eda, que redujo los saldos exportables en alrededor de US$20.000 millones<\/strong>&nbsp;e impact\u00f3 negativamente en el nivel de actividad, el ingreso de divisas y la recaudaci\u00f3n, este a\u00f1o la expectativa del campo es de una cosecha que ser\u00eda r\u00e9cord en los \u00faltimos a\u00f1os, aun con&nbsp;<strong>la ca\u00edda en el precio internacional que experimentan la soja, el trigo y el ma\u00edz.&nbsp;<\/strong>En ese escenario, de haber prosperado la propuesta del Gobierno, la recaudaci\u00f3n por retenciones a partir de los principales complejos agroindustriales habr\u00eda sido de US$10.290 millones, seg\u00fan las estimaciones de la firma.<strong>&nbsp;De mantenerse el esquema actual, ser\u00e1n, seg\u00fan las cantidades y precios proyectados hoy, US$9155 millones.<\/strong><\/p>\n\n\n\n<p class=\"wp-block-paragraph\">La&nbsp;<strong>diferencia explicar\u00eda ingresos al fisco por el equivalente a 0,2% del PBI,&nbsp;<\/strong>con un factor adicional:&nbsp;<strong>se trata de un impuesto que no es coparticipable y que ingresa directamente a las arcas del Tesoro nacional.&nbsp;<\/strong>De ah\u00ed la fuerte resistencia de gobernadores y legisladores del interior, que manifestaron su rechazo a la suba impulsada por Caputo.<\/p>\n\n\n\n<p class=\"wp-block-paragraph\"><strong>La cuesti\u00f3n previsional y la f\u00f3rmula de ajuste para las jubilaciones, pensiones y otros programas sociales como la asignaci\u00f3n universal por hijo (AUH),&nbsp;<\/strong>que en componen el mayor rengl\u00f3n de gasto dentro del presupuesto nacional. Solo en 2023, a\u00fan con las ca\u00eddas reales experimentadas por ajustes inferiores a la inflaci\u00f3n,<strong>&nbsp;representaron $37 de cada $100 que gast\u00f3 el Tesoro<\/strong>, de acuerdo con las estimaciones de IARAF.<\/p>\n\n\n\n<p class=\"wp-block-paragraph\">En su proyecto de ley, e<strong>l gobierno hab\u00eda incluido el cap\u00edtulo previsional entre las emergencias solicitadas al Congreso, y propon\u00eda suspender la f\u00f3rmula vigente (ajusta por la evoluci\u00f3n de la inflaci\u00f3n y la recaudaci\u00f3n),&nbsp;<\/strong>para habilitar ajustes discrecionales a cargo del Ejecutivo. Ante el rechazo de esta disposici\u00f3n, se hab\u00eda modificado el planteo inicial, con un esquema que manten\u00eda la f\u00f3rmula hasta el ajuste trimestral de marzo, para&nbsp;<strong>adoptar un incremento autom\u00e1tico por el IPC del Indec a partir de abril.<\/strong><\/p>\n\n\n\n<p class=\"wp-block-paragraph\">Si bien<strong>&nbsp;el Gobierno planteaba que con el mecanismo propuesto \u201cse les garantiza a los jubilados que mantengan su poder adquisitivo\u201d<\/strong>, el rezago en el ajuste de los haberes, en un contexto de aceleraci\u00f3n inflacionaria como el actual, implicar\u00eda una ca\u00edda en el gasto en jubilaciones.<strong>&nbsp;En 2023, seg\u00fan las estimaciones de Equilibra, este rubro represent\u00f3 un 12,1% del PBI, y con la suspensi\u00f3n de la f\u00f3rmula inicial, el objetivo del Gobierno,&nbsp;<\/strong>explicitado en los n\u00fameros compartidos por el ministro Luis Caputo en su hoja de ruta al d\u00e9ficit cero,&nbsp;<strong>implicaba una ca\u00edda en el gasto previsional por 0,4% del PBI<\/strong>&nbsp;(equivalente a algo m\u00e1s de US$2000 millones). De acuerdo con las estimaciones de Equilibra, con proyecciones condicionadas a la evoluci\u00f3n de la inflaci\u00f3n a lo largo del a\u00f1o,&nbsp;<strong>ese esquema implicaba una ca\u00edda adicional en t\u00e9rminos reales del 6% del poder de compra de los haberes jubilatorios en 2024.<\/strong><\/p>\n\n\n\n<p class=\"wp-block-paragraph\">El cambio de mecanismo de ajuste propuesto tras el rechazo inicial tambi\u00e9n implicaba en los hechos un recorte a las jubilaciones. En un primer nivel, porque aplicar actualizaciones por inflaci\u00f3n a partir de abril implicar\u00eda mantener estos haberes en niveles bajos:&nbsp;<a href=\"https:\/\/www.lanacion.com.ar\/economia\/jubilaciones-que-cambios-introdujo-el-gobierno-al-proyecto-de-la-ley-omnibus-nid24012024\/\"><strong>solo en 2023, la p\u00e9rdida del poder adquisitivo fue de entre el 14,2% y el 37,4%, seg\u00fan el nivel de ingreso y los bonos compensatorios recibidos.&nbsp;<\/strong><\/a>A su vez, la redacci\u00f3n de la norma implicaba un espacio indefinido sobre qu\u00e9 mes ser\u00eda tomado como referencia para la primera recomposici\u00f3n.<\/p>\n\n\n\n<p class=\"wp-block-paragraph\">Seg\u00fan los c\u00e1lculos de la consultora EcoGo,<strong>&nbsp;que estima una inflaci\u00f3n en torno al 20% en enero y una desaceleraci\u00f3n en febrero, esa brecha aplicada al ajuste de las jubilaciones podr\u00eda haber tenido un impacto significativo sobre las cuentas p\u00fablicas.&nbsp;<\/strong>De acuerdo con estas proyecciones, comenzar con recomposiciones mensuales por el IPC de febrero habr\u00eda implicado que, en todo 2024<strong>, el Tesoro habr\u00eda ahorrado $4,3 billones de pesos en partidas para jubilaciones.<\/strong>&nbsp;\u201cDado que la inflaci\u00f3n de febrero es menor a la de enero, el gasto anual en este escenario es un 0,6% menor\u201d, explica el economista<strong>&nbsp;Lucio Garay M\u00e9ndez.<\/strong><\/p>\n\n\n\n<p class=\"wp-block-paragraph\">\u201c<strong>Comparando f\u00f3rmulas, la nueva implicaba mejores jubilaciones en 2024 porque la inflaci\u00f3n este a\u00f1o seguramente le gane a los salarios.<\/strong>&nbsp;Pero una vez indexado se mantiene en niveles muy bajos por lo que dure esa f\u00f3rmula<strong>. La vieja implica mayor licuaci\u00f3n en 2024, y por ende, mejor gasto en seguridad social, pero con la recuperaci\u00f3n de los salarios y la recaudaci\u00f3n en 2025,<\/strong>&nbsp;se recompondr\u00edan las jubilaciones y pensiones en t\u00e9rminos reales, y por ende, tambi\u00e9n aumentar\u00eda el gasto a partir del a\u00f1o que viene\u201d, sintetiza el analista.<\/p>\n\n\n\n<p class=\"wp-block-paragraph\">Resignado el cap\u00edtulo fiscal y la mayor recaudaci\u00f3n prevista en la ley \u00f3mnibus,\u00a0<strong>Caputo ratific\u00f3 la \u201cmeta de d\u00e9ficit cero\u201d\u00a0<\/strong>y anticip\u00f3 revisi\u00f3n de partidas y mayores recortes para alcanzar ese objetivo,\u00a0<strong>que implicar\u00e1 revertir el rojo financiero de 6% del PBI con el que concluy\u00f3 2023.<\/strong>\u00a0El cambio de planes legislativo abre interrogantes sobre d\u00f3nde pasar\u00e1 la tijera del Gobierno. Es que al observar la hoja de ruta mostrada por Caputo en diciembre, todo lo suspendido (jubilaciones, retenciones, Ganancias, moratoria, blanqueo y Bienes Personales) representan alrededor de 2% del PBI, que ahora deber\u00e1n ser compensados.<\/p>\n\n\n\n<p class=\"wp-block-paragraph\">Fuente: <a href=\"https:\/\/www.lanacion.com.ar\/\">La Naci\u00f3n<\/a><\/p>","protected":false},"excerpt":{"rendered":"<p>La ministra de Seguridad, Patricia Bullrich, se mostr\u00f3 hoy confiada en que&nbsp;la ley \u00f3mnibus impulsada por el Gobierno&nbsp;ser\u00e1 aprobara en el Congreso, luego de que el ministro de Econom\u00eda, Luis Caputo, retirara el cap\u00edtulo fiscal de la norma. \u201cNo hay que mirar tanto la letra chica de una ley sino las circunstancias generales de una [&hellip;]<\/p>\n","protected":false},"author":9,"featured_media":0,"comment_status":"open","ping_status":"open","sticky":false,"template":"","format":"standard","meta":{"site-sidebar-layout":"default","site-content-layout":"","ast-site-content-layout":"default","site-content-style":"default","site-sidebar-style":"default","ast-global-header-display":"","ast-banner-title-visibility":"","ast-main-header-display":"","ast-hfb-above-header-display":"","ast-hfb-below-header-display":"","ast-hfb-mobile-header-display":"","site-post-title":"","ast-breadcrumbs-content":"","ast-featured-img":"","footer-sml-layout":"","ast-disable-related-posts":"","theme-transparent-header-meta":"","adv-header-id-meta":"","stick-header-meta":"","header-above-stick-meta":"","header-main-stick-meta":"","header-below-stick-meta":"","astra-migrate-meta-layouts":"default","ast-page-background-enabled":"default","ast-page-background-meta":{"desktop":{"background-color":"","background-image":"","background-repeat":"repeat","background-position":"center center","background-size":"auto","background-attachment":"scroll","background-type":"","background-media":"","overlay-type":"","overlay-color":"","overlay-opacity":"","overlay-gradient":""},"tablet":{"background-color":"","background-image":"","background-repeat":"repeat","background-position":"center center","background-size":"auto","background-attachment":"scroll","background-type":"","background-media":"","overlay-type":"","overlay-color":"","overlay-opacity":"","overlay-gradient":""},"mobile":{"background-color":"","background-image":"","background-repeat":"repeat","background-position":"center center","background-size":"auto","background-attachment":"scroll","background-type":"","background-media":"","overlay-type":"","overlay-color":"","overlay-opacity":"","overlay-gradient":""}},"ast-content-background-meta":{"desktop":{"background-color":"var(--ast-global-color-5)","background-image":"","background-repeat":"repeat","background-position":"center center","background-size":"auto","background-attachment":"scroll","background-type":"","background-media":"","overlay-type":"","overlay-color":"","overlay-opacity":"","overlay-gradient":""},"tablet":{"background-color":"var(--ast-global-color-5)","background-image":"","background-repeat":"repeat","background-position":"center center","background-size":"auto","background-attachment":"scroll","background-type":"","background-media":"","overlay-type":"","overlay-color":"","overlay-opacity":"","overlay-gradient":""},"mobile":{"background-color":"var(--ast-global-color-5)","background-image":"","background-repeat":"repeat","background-position":"center center","background-size":"auto","background-attachment":"scroll","background-type":"","background-media":"","overlay-type":"","overlay-color":"","overlay-opacity":"","overlay-gradient":""}},"footnotes":""},"categories":[25],"tags":[],"class_list":["post-95465","post","type-post","status-publish","format-standard","hentry","category-destacado"],"spectra_blocks_featured_image_url":null,"spectra_blocks_author_info":{"display_name":"Jorge Alfredo Baret","avatar_url":"https:\/\/secure.gravatar.com\/avatar\/31696f5ca83439b642450ec7d3f82f98451a5efacb414343d5478c982b337f26?s=96&d=mm&r=g","author_link":"https:\/\/100xd.com.ar\/es\/author\/jorge\/","description":"Ingeniero Qu\u00edmico UTN - Director Apoderado de Comunicaciones Auditadas SA. Editor Responsable 100xd.com.ar."},"_links":{"self":[{"href":"https:\/\/100xd.com.ar\/es\/wp-json\/wp\/v2\/posts\/95465","targetHints":{"allow":["GET"]}}],"collection":[{"href":"https:\/\/100xd.com.ar\/es\/wp-json\/wp\/v2\/posts"}],"about":[{"href":"https:\/\/100xd.com.ar\/es\/wp-json\/wp\/v2\/types\/post"}],"author":[{"embeddable":true,"href":"https:\/\/100xd.com.ar\/es\/wp-json\/wp\/v2\/users\/9"}],"replies":[{"embeddable":true,"href":"https:\/\/100xd.com.ar\/es\/wp-json\/wp\/v2\/comments?post=95465"}],"version-history":[{"count":1,"href":"https:\/\/100xd.com.ar\/es\/wp-json\/wp\/v2\/posts\/95465\/revisions"}],"predecessor-version":[{"id":95467,"href":"https:\/\/100xd.com.ar\/es\/wp-json\/wp\/v2\/posts\/95465\/revisions\/95467"}],"wp:attachment":[{"href":"https:\/\/100xd.com.ar\/es\/wp-json\/wp\/v2\/media?parent=95465"}],"wp:term":[{"taxonomy":"category","embeddable":true,"href":"https:\/\/100xd.com.ar\/es\/wp-json\/wp\/v2\/categories?post=95465"},{"taxonomy":"post_tag","embeddable":true,"href":"https:\/\/100xd.com.ar\/es\/wp-json\/wp\/v2\/tags?post=95465"}],"curies":[{"name":"wp","href":"https:\/\/api.w.org\/{rel}","templated":true}]}}