{"id":94922,"date":"2024-01-18T11:19:22","date_gmt":"2024-01-18T14:19:22","guid":{"rendered":"https:\/\/100xd.com.ar\/?p=94922"},"modified":"2024-01-18T11:19:22","modified_gmt":"2024-01-18T14:19:22","slug":"la-irrupcion-de-un-centrao-criollo","status":"publish","type":"post","link":"https:\/\/100xd.com.ar\/es\/la-irrupcion-de-un-centrao-criollo\/","title":{"rendered":"La irrupci\u00f3n de un \u201cCentr\u00e3o\u201d criollo"},"content":{"rendered":"<p class=\"wp-block-paragraph\">Desde hace poco m\u00e1s de un mes se ha instalado&nbsp;<strong>un gobierno con peculiaridades muy marcadas<\/strong>.&nbsp;<mark>Liderazgo personalista, aspiraci\u00f3n fundacional, programa conflictivo, debilidad parlamentaria<\/mark>. Sobre la plataforma de esas caracter\u00edsticas, en medio de una tormenta econ\u00f3mica,<strong>&nbsp;Javier Milei&nbsp;<\/strong>encara la administraci\u00f3n del pa\u00eds. Esa pr\u00e1ctica est\u00e1 abriendo curso a&nbsp;<strong>una nueva circulaci\u00f3n del poder<\/strong>. Para advertirlo conviene observar el experimento inaugural:&nbsp;<mark>el intento de convalidar&nbsp;<\/mark><a href=\"https:\/\/www.lanacion.com.ar\/politica\/cuales-son-las-razones-que-llevan-al-gobierno-a-acelerar-el-tratamiento-de-la-ley-omnibus-nid17012024\/\"><mark>dos enormes proyectos normativos<\/mark><\/a>. El Decreto de Necesidad y Urgencia y, sobre todo, el inventario de reformas enviadas al Congreso en una ley gigantesca. Al amparo del af\u00e1n por imponer estas iniciativas est\u00e1n emergiendo actores relevantes, se tejen nuevas asociaciones, se insin\u00faa una f\u00f3rmula que podr\u00eda ser la clave pol\u00edtica de este tramo inaugural del gobierno de Milei.<\/p>\n\n\n\n<p class=\"wp-block-paragraph\">El Poder Ejecutivo envi\u00f3 a la C\u00e1mara de Diputados una propuesta que ya desde el t\u00edtulo alberdiano anticipa una&nbsp;<strong>megaloman\u00eda legislativa<\/strong>: Bases y puntos de partida para la libertad de los argentinos.&nbsp;<mark>La aspiraci\u00f3n que se manifiesta en esos 664 art\u00edculos contrasta con la indigencia partidaria de un bloque de 38 legisladores<\/mark>. La aprobaci\u00f3n de esa norma demanda el auxilio de otras fuerzas. En ese ejercicio&nbsp;<strong>va surgiendo un protagonista destinado a ser el contrapunto de la gesti\u00f3n Milei<\/strong>. Para leer este proceso puede ayudar una comparaci\u00f3n, con las deficiencias propias de las comparaciones. En 2019,&nbsp;<strong>Jair Bolsonaro<\/strong>&nbsp;se propuso conducir el giro de Brasil hacia la ultraderecha con 52 diputados sobre un total de 513. Esa aritm\u00e9tica fij\u00f3 el l\u00edmite de una agitaci\u00f3n discursiva que imputaba a la clase pol\u00edtica todas las miserias del pa\u00eds. Bolsonaro no tard\u00f3 en advertir que su aventura s\u00f3lo se salvar\u00eda del naufragio aferr\u00e1ndose a la tabla que le proporcionaba un grupo de legisladores moderados, si se quiere grises, pero muy conscientes de la oportunidad que les ofrec\u00eda la fragilidad estructural del nuevo l\u00edder. A ese n\u00facleo la tradici\u00f3n brasile\u00f1a ya le hab\u00eda asignado un nombre: eran&nbsp;<strong>el \u201cCentr\u00e3o\u201d. El Gran Centro<\/strong>. Son parlamentarios atados a intereses espec\u00edficos, territoriales o personales, que renuncian a un gran sue\u00f1o nacional, pero suministran a quienes tienen ese sue\u00f1o un andador que habilita y limita al mismo tiempo. A Bolsonaro le sacaron un presupuesto alternativo al oficial, que repart\u00edan a su antojo.<a href=\"https:\/\/www.lanacion.com.ar\/politica\/estupor-y-sorpresa-en-la-audiencia-que-escucho-el-fuerte-discurso-de-javier-milei-nid17012024\/\" target=\"_blank\" rel=\"noreferrer noopener\"><em><\/em>ESTUPOR Y SORPRESA EN LA AUDIENCIA QUE ESCUCH\u00d3 EL FUERTE DISCURSO DE JAVIER MILEI<\/a><\/p>\n\n\n\n<p class=\"wp-block-paragraph\">En el Congreso argentino asoma un animal de esa misma especie. Es&nbsp;<strong>un conjunto de legisladores que descubri\u00f3 la oportunidad que ofrece la vulnerabilidad parlamentaria del Presidente<\/strong>. En ese \u201ccentr\u00e3o\u201d est\u00e1n&nbsp;<mark>el Pro, los radicales y, sobre todo, Hacemos Coalici\u00f3n Federal<\/mark>. Esas tres bancadas, a pesar de las contradicciones internas que cobija cada una, suman&nbsp;<strong>94 diputados<\/strong>. Son la llave para que La Libertad Avanza, con sus 38 integrantes, a las que se agregan las de 4 aliados dispersos, se estire hasta 136 bancas. Suficiente mayor\u00eda.<\/p>\n\n\n\n<p class=\"wp-block-paragraph\">Todos estos diputados est\u00e1n presionados por un factor: las&nbsp;<strong>encuestas&nbsp;<\/strong>siguen consignando que el sector de la opini\u00f3n p\u00fablica al que est\u00e1n vinculados apoya a Milei. Aun cuando hay mediciones muy recientes, como una de Poliarqu\u00eda, que registran una ca\u00edda del 67 al 58%, esa alianza con la base electoral que conform\u00f3 el 56% en el balotaje es la palanca con la que el Presidente mueve la pol\u00edtica. Nada que no est\u00e9 a la vista:&nbsp;<strong>todos los d\u00edas Milei se est\u00e1 sirviendo, para arrinconar al parlamento, del poder de su palabra, muchas veces insultante<\/strong>. Deber\u00eda recordar aquel consejo que figuraba, clavado con chinches, hace a\u00f1ares, en una escalera de la C\u00e1mara baja:&nbsp;<mark>\u201cNo pise a nadie al subir. Se lo puede encontrar al bajar\u201d<\/mark>.<\/p>\n\n\n\n<p class=\"wp-block-paragraph\">El enjambre muy diverso de legisladores que se est\u00e1 constituyendo es consciente de su capacidad. No disfruta de un gran caudal de votos. Pero tiene el n\u00famero de bancas que el Gobierno necesita. Coordinarse para consolidar ese n\u00famero significa una posibilidad muy productiva de poder. El argumento: garantizar a la sociedad que el pa\u00eds resulte gobernable.<\/p>\n\n\n\n<p class=\"wp-block-paragraph\">El juego que permite esta anatom\u00eda del Congreso se est\u00e1 desplegando en la sesi\u00f3n permanente que se celebra en la presidencia de Diputados. All\u00ed, bajo la mirada de&nbsp;<strong>Mart\u00edn Menem<\/strong>, se est\u00e1 redactando el dictamen que el oficialismo, acaso con demasiado optimismo, busca aprobar ma\u00f1ana.&nbsp;<strong>Los borradores van y vuelven desde el parlamento a la Casa Rosada, con las correcciones y vetos de los diputados del \u201ccentr\u00e3o\u201d<\/strong>. Reciben el recado el jefe de Gabinete,&nbsp;<strong>Nicol\u00e1s Posse<\/strong>, \u201cel tecn\u00f3crata invisible\u201d; su segundo,&nbsp;<strong>Jos\u00e9 Rolandi<\/strong>; el ministro del Interior,&nbsp;<strong>Guillermo Francos<\/strong>, y el secretario de Energ\u00eda,&nbsp;<strong>Eduardo Rodr\u00edguez Chirillo<\/strong>.&nbsp;<mark>Posse y Luis Caputo viajaron a Davos con el Presidente y se olvidaron de que el Congreso esperaba una definici\u00f3n sobre los borradores que se negociaron. El tr\u00e1mite parlamentario qued\u00f3 detenido<\/mark>.&nbsp;<mark>Anoche la discusi\u00f3n ingres\u00f3 en una crisis que demand\u00f3 la presencia del Mago del Kremlin: el experto en imagen&nbsp;<strong>Santiago Caputo<\/strong>&nbsp;se traslad\u00f3 hasta el Congreso para analizar con Menem el camino a seguir.<\/mark><\/p>\n\n\n\n<p class=\"wp-block-paragraph\">En una s\u00edntesis salvaje, la ley seguir\u00eda estos lineamientos:&nbsp;<mark>el Ejecutivo obtendr\u00eda una declaraci\u00f3n de emergencia por un a\u00f1o, que el Legislativo podr\u00eda renovar por uno m\u00e1s; la actualizaci\u00f3n jubilatoria podr\u00eda ser definida por el Ejecutivo, pero ateni\u00e9ndose al \u00edndice de precios de los alimentos; la retenciones, que tuvieron una censura dr\u00e1stica expuesta por Fernando Landa, del Centro de Exportadores, no se aplicar\u00edan a los productos regionales; las privatizaciones deber\u00edan realizarse con un seguimiento previo y posterior del parlamento y no incluir\u00edan a YPF, el Banco Naci\u00f3n ni Arsat; del blanqueo quedar\u00edan excluidos los funcionarios del gobierno anterior; y la moratoria tendr\u00eda que contemplar un premio para el que ha venido pagando.<\/mark><\/p>\n\n\n\n<p class=\"wp-block-paragraph\">Esas definiciones son las m\u00e1s relevantes porque corresponden al cap\u00edtulo fiscal, del que depende la supervivencia del Gobierno. El resto tendr\u00eda alteraciones m\u00e1s dram\u00e1ticas.<strong>&nbsp;No habr\u00e1 n\u00famero para una reforma electoral. Tampoco se establecer\u00e1 el juicio por jurados<\/strong>. Esta \u00faltima limitaci\u00f3n es muy desafiante para&nbsp;<strong>Mariano C\u00faneo Libarona<\/strong>: el ministro de Justicia justific\u00f3 el mantenimiento del aberrante y muy opaco sistema de registros del automotor en los recursos que le demanda la implementaci\u00f3n del nuevo procedimiento penal. Hay que recordar que una de las primeras medidas de C\u00faneo al ocupar su cargo fue&nbsp;<strong>aumentar, no reducir<\/strong>, el arancel de las registraciones. Pasable inconsistencia de un libertario. \u00bfDeber\u00e1 soportar tambi\u00e9n que se preserve la posibilidad de ser parte querellante en los procesos para la Oficina Anticorrupci\u00f3n? Est\u00e1 en discusi\u00f3n. En el campo judicial hay otra novedad: la reforma del&nbsp;<strong>C\u00f3digo Civil y Comercial<\/strong>, objetada en una brillante exposici\u00f3n por&nbsp;<strong>A\u00edda Kemelmajer<\/strong>, quedar\u00e1 para otra oportunidad. Alivio para&nbsp;<strong>Ricardo Lorenzetti,<\/strong>&nbsp;padre del C\u00f3digo vigente.<\/p>\n\n\n\n<p class=\"wp-block-paragraph\">La potencia de los bloques legislativos que sostienen y restringen al Gobierno est\u00e1 atenuada por las discusiones internas. El Pro est\u00e1 muy pr\u00f3ximo a Milei. El mismo Presidente se encarg\u00f3 de recordarlo: la f\u00f3rmula presidencial Patricia Bullrich-Luis Petri integra el gabinete. Los diputados ligados a Bullrich son, por l\u00f3gica, los m\u00e1s oficialistas. Pero en esa bancada hay que temer otra disputa:&nbsp;<strong>Mauricio Macri piensa reclamar la jefatura del partido. Y Bullrich eval\u00faa desafiarlo<\/strong>. Es una discusi\u00f3n que, por reflejo, afectar\u00eda a Milei.<\/p>\n\n\n\n<p class=\"wp-block-paragraph\">El radicalismo tambi\u00e9n tiene una&nbsp;<strong>fisura<\/strong>, sobre la que hace equilibrio&nbsp;<strong>Rodrigo De Loredo<\/strong>, presidente del bloque. Un ala responde a la presi\u00f3n del gobernador de Mendoza,&nbsp;<strong>Alfredo Cornejo<\/strong>, aliado del de Corrientes,<strong>&nbsp;Gustavo Vald\u00e9s<\/strong>. Son los m\u00e1s cercanos a Milei. En la otra vereda est\u00e1&nbsp;<strong>Facundo Manes<\/strong>, con una militancia cr\u00edtica similar a la de&nbsp;<strong>Emiliano Yacobitti<\/strong>,&nbsp;<em>alter ego<\/em>&nbsp;de&nbsp;<strong>Mart\u00edn Lousteau<\/strong>&nbsp;en la Capital. Yacobitti y Lousteau tienen serias reservas frente a la gesti\u00f3n de La Libertad Avanza. Salvo en lo relativo a una repartici\u00f3n: el PAMI. All\u00ed Milei design\u00f3 como subinterventor a<strong>&nbsp;Carlos Zamparolo,<\/strong>&nbsp;quien viene de ser director de la obra social de la UBA, el reino de Yacobitti. Antes del balotaje, Zamparolo se ufanaba de ser el candidato de<strong>&nbsp;Sergio Massa&nbsp;<\/strong>a la conducci\u00f3n de la mutual de los abuelos. \u00bfEste leal a Yacobitti habr\u00e1 llegado a la subintervenci\u00f3n por influencia de Massa? \u201cAc\u00e1 el que no corre, vuela\u201d, habr\u00e1 pensado el nuevo jefe del PAMI,&nbsp;<strong>Esteban Leguizamo<\/strong>, denunciado y elogiado al mismo tiempo por su antecesora,&nbsp;<strong>Graciela Oca\u00f1a<\/strong>. La denuncia se debi\u00f3 a un presunto desv\u00edo de fondos que Oca\u00f1a imput\u00f3 a la gesti\u00f3n de Luana Volnovich, de La C\u00e1mpora, en la que Leguizamo tuvo tambi\u00e9n protagonismo.&nbsp;<mark>La continuidad avanza<\/mark>.<\/p>\n\n\n\n<p class=\"wp-block-paragraph\"><mark>La gravitaci\u00f3n de Massa en el nuevo gabinete sigue siendo misteriosa<\/mark>.&nbsp;<strong>Guillermo Michel<\/strong>&nbsp;proyecta su sombra sobre la AFIP a trav\u00e9s de&nbsp;<strong>Juan Conte<\/strong>, el subdirector financiero, que est\u00e1 a cargo de las contrataciones. Pero Michel no pudo a\u00fan garantizarse una colina decisiva: la subdirecci\u00f3n de Auditor\u00eda Interna, para la que impuls\u00f3 a&nbsp;<strong>Cecilia Jorge<\/strong>, quien fue la auditora de la Aduana durante su gesti\u00f3n. La nueva interventora,&nbsp;<strong>Florencia Misrahi,<\/strong>&nbsp;le habr\u00eda puesto un l\u00edmite. \u00bfQuerr\u00e1 revisar el oscuro sistema de importaciones que no se anim\u00f3 a investigar el fiscal Eduardo Taiano? Massa se garantiz\u00f3 una continuidad amigable en&nbsp;<strong>AySA<\/strong>, el feudo de su esposa,&nbsp;<strong>Malena Galmarini<\/strong>. Y ahora quiere controlar la embajada en el Vaticano, a trav\u00e9s de su amigo<strong>&nbsp;Jorge O\u2019Reilly<\/strong>. Este piadoso desarrollador inmobiliario tiene una confianza ilimitada en la clemencia del papa Francisco. Sencillo:&nbsp;<mark>O\u2019Reilly form\u00f3 parte de la conjura maquinada por Massa, en combinaci\u00f3n con Esteban Caselli, el obispo Oscar Sarlinga<\/mark>, y el exejecutivo de Aeropuertos Argentina 2000 Emilio Noseda, para defenestrar a Jorge Bergoglio cuando se desempe\u00f1aba como arzobispo de Buenos Aires. N\u00e9stor Kirchner quer\u00eda ver rodar esa mitra. Pero rod\u00f3 la de Sarlinga.&nbsp;<strong>O\u2019Reilly se jacta de que el Santo Padre lo perdon\u00f3<\/strong>, cargando todas las responsabilidades sobre Massa, que le hizo morder la manzana de la rebeli\u00f3n. \u00bfSer\u00e1 verdad?<\/p>\n\n\n\n<p class=\"wp-block-paragraph\">Sobre la influencia del exministro de Econom\u00eda en el gobierno de quien lo derrot\u00f3 circulan muchas fantas\u00edas. Algunas escabrosas.&nbsp;<strong>Carlos Maslat\u00f3n&nbsp;<\/strong>ya se encarg\u00f3 de atestiguar, en el programa \u201cLa Mirada, de Roberto Garc\u00eda, que Massa financi\u00f3 a Milei para da\u00f1ar a Juntos por el Cambio. Ahora aparece este interrogante: \u00bfalguien film\u00f3 a los que recib\u00edan el dinero? Responde un \u00edntimo de Massa: \u201cSergio ser\u00eda incapaz de ordenar eso\u201d. Es una aclaraci\u00f3n important\u00edsima. Porque nunca una campa\u00f1a presidencial estuvo tan contaminada por el espionaje clandestino como la que tuvo al caudillo de Tigre como competidor. Basta releer las notas que&nbsp;<strong>Hugo Alconada Mon<\/strong>&nbsp;public\u00f3 en&nbsp;<strong>LA NACION&nbsp;<\/strong>sobre esos vicios.<\/p>\n\n\n\n<p class=\"wp-block-paragraph\">Los pactos con Massa no son los \u00fanicos compromisos dif\u00edciles de entender en el nuevo oficialismo. En la Procuraci\u00f3n del Tesoro fue designado, como subprocurador, el abogado&nbsp;<strong>Andr\u00e9s de la Cruz<\/strong>. Se especula con que estar\u00e1 a cargo de los litigios internacionales. \u00bfPor qu\u00e9 es escandaloso? Porque De la Cruz fue&nbsp;<mark>abogado de la familia Eskenazi<\/mark>, que est\u00e1 asociada a la demanda de<strong>&nbsp;16.000 millones d\u00f3lares del<\/strong>&nbsp;<strong>fondo Burford<\/strong>&nbsp;por la estatizaci\u00f3n de YPF, que es el principal caso internacional que enfrenta la Argentina. Todas las versiones sostienen que De la Cruz lleg\u00f3 all\u00ed por recomendaci\u00f3n del ministro&nbsp;<strong>Luis Caputo<\/strong>. Movimientos subterr\u00e1neos que deber\u00edan ser aclarados por una facci\u00f3n pol\u00edtica que se identifica con las \u201cFuerzas del Cielo\u201d.<\/p>\n\n\n\n<p class=\"wp-block-paragraph\">Para comprender la configuraci\u00f3n que se va desplegando a prop\u00f3sito del plan legislativo de Milei hay que prestar atenci\u00f3n a&nbsp;<strong>una figura principal: Miguel Pichetto<\/strong>, presidente del bloque Hacemos Coalici\u00f3n Federal, una escuadra transversal que va de la Coalici\u00f3n C\u00edvica de Juan Manuel L\u00f3pez al duo Emilio Monz\u00f3\/Nicol\u00e1s Massot, pasando por Ricardo L\u00f3pez Murphy y Margarita Stolbizer. Las razones son varias. En principio, Pichetto es, en esencia, un menemista, algo que lo acerca al presidente de la C\u00e1mara. Adem\u00e1s,&nbsp;<mark>ya llev\u00f3 adelante, en una escala menos ambiciosa, la tarea de sostener a un gobierno en minor\u00eda administrando la discordia y el acuerdo. Fue durante la gesti\u00f3n de Macri<\/mark>, de quien se convirti\u00f3 en compa\u00f1ero de f\u00f3rmula. Pero el principal capital de Pichetto es su cercan\u00eda con el peronismo. Pasa por ah\u00ed un proceso en ciernes, con el que se combina el trabajo del ministro Francos:&nbsp;<strong>producir una secesi\u00f3n en la bancada de Uni\u00f3n por la Patria<\/strong>.<\/p>\n\n\n\n<p class=\"wp-block-paragraph\">La primera fisura ocurri\u00f3 antes de que Milei asumiera la Presidencia. Fue con el nacimiento del bloque Innovaci\u00f3n Federal, integrado por diputados que responden a los oficialismos de Misiones, R\u00edo Negro, Neuqu\u00e9n y Salta. Es un mosaico que, estimulado por Massa, se desprendi\u00f3 de Uni\u00f3n por la Patria. Los salte\u00f1os, encabezados por el gobernador<strong>&nbsp;Gustavo S\u00e1enz,&nbsp;<\/strong>recibieron una dependencia que los compromete: la secretar\u00eda de Miner\u00eda para la exsecretaria de Energ\u00eda de Massa,&nbsp;<strong>Flavia Royon<\/strong>, ligada a los&nbsp;<strong>Brito<\/strong>, padre e hijo, desde que tiene uso de raz\u00f3n. Royon administra una palabra cuyo poder hipn\u00f3tico alcanza tambi\u00e9n a algunos diputados kirchneristas:&nbsp;<strong>litio<\/strong>.<\/p>\n\n\n\n<p class=\"wp-block-paragraph\"><strong>En una incursi\u00f3n m\u00e1s audaz sobre las filas de Cristina Kirchner, Mart\u00edn Menem y Francos abrieron una negociaci\u00f3n con los gobernadores<\/strong>. Cuentan con la colaboraci\u00f3n del catamarque\u00f1o<strong>&nbsp;Ra\u00fal Jalil&nbsp;<\/strong>y del santiague\u00f1o&nbsp;<strong>Gerardo Zamora<\/strong>. Para entender hay que seguir uniendo puntos: fueron los padrinos de la candidatura de Massa para voltear la de Eduardo \u201cWado\u201d de Pedro. Dicho de otro modo: encabezan un equipo federal que desde hace tiempo pretende emanciparse de la tutela de la expresidenta. Y, sobre todo, del padrinazgo que su hijo M\u00e1ximo sigue ejerciendo sobre la conducci\u00f3n del bloque peronista a trav\u00e9s de&nbsp;<strong>Germ\u00e1n Mart\u00ednez<\/strong>. Con Jalil y con Zamora se alinea el tucumano Osvaldo Jaldo.<\/p>\n\n\n\n<p class=\"wp-block-paragraph\">El club de&nbsp;<strong>gobernadores<\/strong>&nbsp;se motiva en una agenda precisa al tope de la cual est\u00e1 la pretensi\u00f3n de<strong>&nbsp;recuperar los ingresos del impuesto a las Ganancias<\/strong>, recortados por Massa.<strong>&nbsp;Milei quiere que se lo pidan en p\u00fablico, que paguen el costo<\/strong>. Esta esgrima est\u00e1 en el fondo de las dificultades para sacar la mega ley. Adem\u00e1s, hay otros reclamos. Las provincias petroleras y mineras se niegan a admitir el avance del Poder Ejecutivo sobre&nbsp;<strong>concesiones&nbsp;<\/strong>que son de su competencia. Sobre este problema conversaron la semana pasada en El Messidor los gobernadores de la Patagonia, que tambi\u00e9n se organizan para negociar con Milei.&nbsp;<mark>Errores imperdonables de tres grandes estudios jur\u00eddicos que prestaron hist\u00f3ricos servicios a Eduardo Eurneki\u00e1n y que asesoraron a la Jefatura de Gabinete en la redacci\u00f3n de esos escritos<\/mark>. Una curiosidad que recorre tribunales: \u00bfesos estudios patrocinar\u00e1n a empresas que litiguen contra estas mismas normas? A prop\u00f3sito de este problema, ayer&nbsp;<strong>Vilma Ibarra pregunt\u00f3 si el Gobierno se hace asesorar por abogados privados.<\/strong>&nbsp;La inquietud obedece a que&nbsp;<strong>una funcionaria de la Secretar\u00eda Legal y T\u00e9cnica confes\u00f3, por escrito, llena de candor, que el DNU de Federico Sturzenegger fue dictado sin revisi\u00f3n t\u00e9cnica oficial<\/strong>. Ibarra se\u00f1al\u00f3 que es una irregularidad administrativa. Ahora hay que esperar que el planteo llegue a Tribunales.<\/p>\n\n\n\n<p class=\"wp-block-paragraph\">En el club patag\u00f3nico hizo escuchar su enojo por las reformas pesqueras el chubutense&nbsp;<strong>Ignacio Torres<\/strong>, que tiene una conexi\u00f3n con ese negocio desde mucho antes de ser gobernador. Torres milita en el Pro, pero es ecum\u00e9nico. Sin ir m\u00e1s lejos, acaba de designar como vicepresidente segundo del Banco de Chubut a quien, hasta el 10 de diciembre, fue secretario privado de Alberto Fern\u00e1ndez:&nbsp;<strong>Nicol\u00e1s Ritacco<\/strong>. Este vecino de Comodoro Rivadavia comparte padrinos con el expresidente:&nbsp;<strong>Crist\u00f3bal L\u00f3pez y Fabi\u00e1n de Sousa<\/strong>.<\/p>\n\n\n\n<p class=\"wp-block-paragraph\">La ocurrencia de enviar al Congreso un mamotreto de 664 art\u00edculos en los que se amenaza con remover prebendas o derechos a infinidad de sectores, ha dado lugar a<strong>&nbsp;innumerables negociaciones paralelas<\/strong>. Una que amenaza con convertirse en un&nbsp;<mark>esc\u00e1ndalo&nbsp;<\/mark>es la que se desarrolla alrededor del&nbsp;<strong>impuesto a los cigarrillos<\/strong>. Ese gravamen ha enfrentado a las grandes multinacionales, como Phillip Morris o British American Tobacco, con Tabacalera Sarand\u00ed, del empresario local Pablo Otero. Sarand\u00ed, afirman en el mercado, habr\u00eda recurrido para esa disputa a grandes celebridades del submundo: desde Antonio Stiuso a Adri\u00e1n Kochen.<\/p>\n\n\n\n<p class=\"wp-block-paragraph\"><strong>La guerra lleg\u00f3 al Congreso de manera parad\u00f3jica<\/strong>. Un grupo de diputados estar\u00eda proponiendo que se d\u00e9 de baja el art\u00edculo del Ejecutivo, para mantener un&nbsp;<em>status quo<\/em>&nbsp;judicial que beneficiar\u00eda a Sarand\u00ed, que&nbsp;<strong>evita pagar el impuesto a los cigarrillos escud\u00e1ndose en una medida cautelar<\/strong>. \u201cQue termine de decidir la Justicia, para eso hay un proceso\u201d, alegan los legisladores. Las multinacionales identifican a tres de ellos detr\u00e1s de esa gesti\u00f3n:&nbsp;<strong>Diego Santilli<\/strong>, quien anteayer se mantuvo callado durante toda la reuni\u00f3n con el equipo econ\u00f3mico, salvo cuando apareci\u00f3 el tema tabacalero; el candidato de Macri a presidir la C\u00e1mara,&nbsp;<strong>Cristian Ritondo<\/strong>, a quien sus viejos amigos de Mataderos comenzaron a llamar, con todo cari\u00f1o, \u201cPucho\u201d; y el kirchnerista salte\u00f1o&nbsp;<strong>Carlos Zapata<\/strong>. Habladur\u00edas que podr\u00edan confirmarse por algunos movimientos registrados la semana pasada en el plenario de comisiones.<a href=\"https:\/\/www.lanacion.com.ar\/politica\/gobernadores-aliados-redoblan-la-presion-a-milei-por-el-capitulo-fiscal-de-la-ley-omnibus-y-se-tensa-nid17012024\/\" target=\"_blank\" rel=\"noreferrer noopener\"><em><\/em>GOBERNADORES ALIADOS REDOBLAN LA PRESI\u00d3N A MILEI POR EL CAP\u00cdTULO FISCAL DE LA LEY \u00d3MNIBUS Y SE TENSA LA NEGOCIACI\u00d3N EN EL CONGRESO<\/a><\/p>\n\n\n\n<p class=\"wp-block-paragraph\"><strong>Enfrente de este mosaico opositor al que est\u00e1 atado el destino de Milei, aparece un kirchnerismo enigm\u00e1tico<\/strong>.&nbsp;<mark>Cristina Kirchner controla un bloque que, sin desprendimientos, cuenta con 102 diputados. Su poder depende de que los otros no converjan<\/mark>. En el Senado tuvo una mala experiencia: Victoria Villarruel logr\u00f3 consagrar al presidente provisional, Bartolom\u00e9 Abdala, por 39 votos contra 33 del peronismo.<\/p>\n\n\n\n<p class=\"wp-block-paragraph\">M\u00e1s all\u00e1 de las matem\u00e1ticas,\u00a0<strong>la relaci\u00f3n de Milei con la se\u00f1ora de Kirchner se maneja por t\u00faneles inesperados<\/strong>. Un ejemplo: su celoso guardi\u00e1n, el comisario\u00a0<strong>Diego Carbone<\/strong>, fue ascendido y ahora tiene a cargo un cuerpo de custodios de expresidentes y exvicepresidentes.\u00a0<mark>108 efectivos, 30 autos, casi un ej\u00e9rcito<\/mark>. La Polic\u00eda Federal es, como la AFI, parte del planeta Posse. Por lo tanto, lleva la marca de Aeropuertos: arm\u00f3 la c\u00fapula el nuevo jefe,\u00a0<strong>Luis Roll\u00e9<\/strong>, que era el superintendente de Aviaci\u00f3n Federal, responsable, por lo tanto, del hangar que don\u00f3 Eurneki\u00e1n en el Aeroparque. Lo habr\u00eda asesorado un oficial retirado, encargado de la Seguridad de los free shops. Apresurados, hicieron tabla rasa con el trabajo de la Junta de Calificaciones de la gesti\u00f3n anterior, convirtiendo en santos a algunos pecadores. Como dijo Leguizamo, el que no corre, vuela.<\/p>\n\n\n\n<p class=\"wp-block-paragraph\"><a href=\"https:\/\/www.lanacion.com.ar\/autor\/carlos-pagni-81\/\">Carlos Pagni<\/a><\/p>\n\n\n\n<p class=\"wp-block-paragraph\">Fuente: <a href=\"https:\/\/www.lanacion.com.ar\/\">La Naci\u00f3n<\/a><\/p>","protected":false},"excerpt":{"rendered":"<p>Desde hace poco m\u00e1s de un mes se ha instalado&nbsp;un gobierno con peculiaridades muy marcadas.&nbsp;Liderazgo personalista, aspiraci\u00f3n fundacional, programa conflictivo, debilidad parlamentaria. Sobre la plataforma de esas caracter\u00edsticas, en medio de una tormenta econ\u00f3mica,&nbsp;Javier Milei&nbsp;encara la administraci\u00f3n del pa\u00eds. Esa pr\u00e1ctica est\u00e1 abriendo curso a&nbsp;una nueva circulaci\u00f3n del poder. Para advertirlo conviene observar el experimento [&hellip;]<\/p>\n","protected":false},"author":9,"featured_media":0,"comment_status":"open","ping_status":"open","sticky":false,"template":"","format":"standard","meta":{"site-sidebar-layout":"default","site-content-layout":"","ast-site-content-layout":"default","site-content-style":"default","site-sidebar-style":"default","ast-global-header-display":"","ast-banner-title-visibility":"","ast-main-header-display":"","ast-hfb-above-header-display":"","ast-hfb-below-header-display":"","ast-hfb-mobile-header-display":"","site-post-title":"","ast-breadcrumbs-content":"","ast-featured-img":"","footer-sml-layout":"","ast-disable-related-posts":"","theme-transparent-header-meta":"","adv-header-id-meta":"","stick-header-meta":"","header-above-stick-meta":"","header-main-stick-meta":"","header-below-stick-meta":"","astra-migrate-meta-layouts":"default","ast-page-background-enabled":"default","ast-page-background-meta":{"desktop":{"background-color":"","background-image":"","background-repeat":"repeat","background-position":"center center","background-size":"auto","background-attachment":"scroll","background-type":"","background-media":"","overlay-type":"","overlay-color":"","overlay-opacity":"","overlay-gradient":""},"tablet":{"background-color":"","background-image":"","background-repeat":"repeat","background-position":"center center","background-size":"auto","background-attachment":"scroll","background-type":"","background-media":"","overlay-type":"","overlay-color":"","overlay-opacity":"","overlay-gradient":""},"mobile":{"background-color":"","background-image":"","background-repeat":"repeat","background-position":"center center","background-size":"auto","background-attachment":"scroll","background-type":"","background-media":"","overlay-type":"","overlay-color":"","overlay-opacity":"","overlay-gradient":""}},"ast-content-background-meta":{"desktop":{"background-color":"var(--ast-global-color-5)","background-image":"","background-repeat":"repeat","background-position":"center center","background-size":"auto","background-attachment":"scroll","background-type":"","background-media":"","overlay-type":"","overlay-color":"","overlay-opacity":"","overlay-gradient":""},"tablet":{"background-color":"var(--ast-global-color-5)","background-image":"","background-repeat":"repeat","background-position":"center center","background-size":"auto","background-attachment":"scroll","background-type":"","background-media":"","overlay-type":"","overlay-color":"","overlay-opacity":"","overlay-gradient":""},"mobile":{"background-color":"var(--ast-global-color-5)","background-image":"","background-repeat":"repeat","background-position":"center center","background-size":"auto","background-attachment":"scroll","background-type":"","background-media":"","overlay-type":"","overlay-color":"","overlay-opacity":"","overlay-gradient":""}},"footnotes":""},"categories":[12],"tags":[],"class_list":["post-94922","post","type-post","status-publish","format-standard","hentry","category-opinion"],"spectra_blocks_featured_image_url":null,"spectra_blocks_author_info":{"display_name":"Jorge Alfredo Baret","avatar_url":"https:\/\/secure.gravatar.com\/avatar\/31696f5ca83439b642450ec7d3f82f98451a5efacb414343d5478c982b337f26?s=96&d=mm&r=g","author_link":"https:\/\/100xd.com.ar\/es\/author\/jorge\/","description":"Ingeniero Qu\u00edmico UTN - Director Apoderado de Comunicaciones Auditadas SA. Editor Responsable 100xd.com.ar."},"_links":{"self":[{"href":"https:\/\/100xd.com.ar\/es\/wp-json\/wp\/v2\/posts\/94922","targetHints":{"allow":["GET"]}}],"collection":[{"href":"https:\/\/100xd.com.ar\/es\/wp-json\/wp\/v2\/posts"}],"about":[{"href":"https:\/\/100xd.com.ar\/es\/wp-json\/wp\/v2\/types\/post"}],"author":[{"embeddable":true,"href":"https:\/\/100xd.com.ar\/es\/wp-json\/wp\/v2\/users\/9"}],"replies":[{"embeddable":true,"href":"https:\/\/100xd.com.ar\/es\/wp-json\/wp\/v2\/comments?post=94922"}],"version-history":[{"count":1,"href":"https:\/\/100xd.com.ar\/es\/wp-json\/wp\/v2\/posts\/94922\/revisions"}],"predecessor-version":[{"id":94924,"href":"https:\/\/100xd.com.ar\/es\/wp-json\/wp\/v2\/posts\/94922\/revisions\/94924"}],"wp:attachment":[{"href":"https:\/\/100xd.com.ar\/es\/wp-json\/wp\/v2\/media?parent=94922"}],"wp:term":[{"taxonomy":"category","embeddable":true,"href":"https:\/\/100xd.com.ar\/es\/wp-json\/wp\/v2\/categories?post=94922"},{"taxonomy":"post_tag","embeddable":true,"href":"https:\/\/100xd.com.ar\/es\/wp-json\/wp\/v2\/tags?post=94922"}],"curies":[{"name":"wp","href":"https:\/\/api.w.org\/{rel}","templated":true}]}}