{"id":94532,"date":"2024-01-10T11:59:53","date_gmt":"2024-01-10T14:59:53","guid":{"rendered":"https:\/\/100xd.com.ar\/?p=94532"},"modified":"2024-01-10T11:59:53","modified_gmt":"2024-01-10T14:59:53","slug":"fondo-nacional-de-las-artes-ex-directores-firman-una-carta-en-contra-de-su-cierre","status":"publish","type":"post","link":"https:\/\/100xd.com.ar\/es\/fondo-nacional-de-las-artes-ex-directores-firman-una-carta-en-contra-de-su-cierre\/","title":{"rendered":"Fondo Nacional de las Artes: ex directores firman una carta en contra de su cierre"},"content":{"rendered":"<p class=\"wp-block-paragraph\">El proyecto para&nbsp;<a href=\"https:\/\/www.clarin.com\/cultura\/bombazo-cultura-ley-omnibus-milei-cierra-fondo-nacional-artes_0_rb4w2xK6XV.html\">disolver el Fondo Nacional de las Artes<\/a>, incluido en la ley \u00f3mnibus, caus\u00f3 tal conmoci\u00f3n que este lunes ex directores de distintas ramas de la instituci\u00f3n firmaron una carta en la que manifiestan que \u201ccerrar ese organismo implica desconocer cu\u00e1l debe ser el papel del Estado en el apoyo a la cultura e ignorar los estupendos resultados obtenidos durante m\u00e1s de medio siglo\u201d. Y agrega: \u201cImplica tambi\u00e9n una ignorancia colosal y absoluta acerca de la base t\u00e9cnica que puede autofinanciar al FNA\u201d.<\/p>\n\n\n\n<p class=\"wp-block-paragraph\">Entre los firmantes figuran personalidades muy destacadas como la escritora Mar\u00eda Negroni (directora de Letras del FNA entre 2019 y 2020), el dibujante Eduardo Stup\u00eda (director de Artes Visuales en 2018), el guitarrista Juan Fal\u00fa (director de M\u00fasica en 2015), la escritora Liliana Heker (form\u00f3 parte del directorio durante la presidencia de H\u00e9ctor Valle), Diana Saiegh (fue directora durante la gesti\u00f3n de Amalita Fortabat y luego la \u00faltima presidenta, entre 2019 y 2023), In\u00e9s Sanguinetti (directora del \u00c1rea de Arte y Transformaci\u00f3n Social en 2019), Fernando Farina (director de las Artes Visuales entre 2007 y 2016), Juan Javier Negri (a cargo de Derecho de Autor en 2017), Andr\u00e9s Duprat (actual director del Museo de Bellas Artes) y el cineasta Andr\u00e9s Di Tella, entre otros.<\/p>\n\n\n\n<p class=\"wp-block-paragraph\">\u201cQuienes firmamos esta carta hemos integrado, en diferentes \u00e9pocas y gobiernos, el directorio del Fondo Nacional de las Artes. No compartimos necesariamente las mismas posiciones pol\u00edticas. Tampoco tenemos ideas id\u00e9nticas en otras materias\u201d, comienza el texto.https:\/\/f1665d7ded8a0c6d15ee1c29642c8b5e.safeframe.googlesyndication.com\/safeframe\/1-0-40\/html\/container.html<\/p>\n\n\n\n<p class=\"wp-block-paragraph\">\u201cLa relaci\u00f3n que nos une \u2013sigue\u2013 naci\u00f3 casi exclusivamente de nuestras respectivas tareas al frente de ese organismo, cuya excelencia y transparencia queremos destacar. Siempre nos impact\u00f3 la calidad, importancia y variedad de las iniciativas y proyectos sometidos por los artistas argentinos al FNA para ser financiados o subsidiados y por la eficiente tarea de su personal en la evaluaci\u00f3n correspondiente\u201d.<\/p>\n\n\n\n<p class=\"wp-block-paragraph\">En la carta p\u00fablica, aseguran que \u201cjam\u00e1s tuvimos el menor atisbo de alg\u00fan sesgo ideol\u00f3gico que cerrara la puerta a los artistas merecedores de apoyo ni encontramos resistencias o sugerencias para denegar o dirigir la asistencia que el FNA pod\u00eda ofrecer\u201d.<\/p>\n\n\n\n<p class=\"wp-block-paragraph\">En el pasaje m\u00e1s duro del comunicado, sostienen: \u201cCerrar ese organismo implica desconocer cu\u00e1l debe ser el papel del Estado en el apoyo a la cultura e ignorar los estupendos resultados obtenidos durante m\u00e1s de medio siglo. Implica tambi\u00e9n una ignorancia colosal y absoluta acerca de la base t\u00e9cnica que puede autofinanciar al FNA\u201d.<\/p>\n\n\n\n<p class=\"wp-block-paragraph\">Por \u00faltimo, se refieren a la crisis econ\u00f3mica del pa\u00eds: \u201cSomos conscientes de la crisis econ\u00f3mica que aqueja a la Argentina, pero la opini\u00f3n p\u00fablica debe tener bien en claro que el dinero que, durante sesenta y seis a\u00f1os, el FNA dedic\u00f3 al fomento de la cultura y de las artes jam\u00e1s fue quitado a otras actividades esenciales (como la salud y la educaci\u00f3n p\u00fablica) a las que el Estado debe brindar atenci\u00f3n\u201d.<\/p>\n\n\n\n<p class=\"wp-block-paragraph\">La lista completa de firmantes es la siguiente: Florencia Abate, Ubaldo Aguirre, Rosa Aiello, Teresa Anchorena, Oscar Barney Finn, Daniel Becker, Mariana Bellotto, Sebasti\u00e1n Berardi, Carolina Biquard, Sebasti\u00e1n Blutrach, Lidia Borda, Andr\u00e9s di Tella, Andr\u00e9s Duprat, Mariana Enr\u00edquez, Fernando Farina, Juan Fal\u00fa, Enrique Garc\u00eda Espil, Facundo G\u00f3mez Minujin, Liliana Heker, Ignacio Hernaiz, Andr\u00e9s Labak\u00e9, Juan Lo Bianco, Marcelo Moguilevsky, Juan Javier Negri, Mar\u00eda Negroni, Mirtha Presas, Gachi Prieto, Mario Rapoport, Mariano Roca, Tulio de Sagastiz\u00e1bal, Diana Saiegh, Mar\u00eda S\u00e1nchez, In\u00e9s Sanguinetti, Eduardo Stup\u00eda, Alejandro Tantanian, Luisa Valenzuela, Luisa Valmaggia, Sergio Wolf y Ricardo Wullicher,<\/p>\n\n\n\n<h2 class=\"wp-block-heading\">Qu\u00e9 sucedi\u00f3<\/h2>\n\n\n\n<p class=\"wp-block-paragraph\">La semana pasada, el secretario de Cultura, Leo Cifelli,&nbsp;<a href=\"https:\/\/www.clarin.com\/cultura\/leo-cifelli-javier-torre-trata-alguien-designado-cargo-atribuye_0_61fMFw7DkZ.html\">&#8220;desnombr\u00f3&#8221; en su cuenta de X<\/a>&nbsp;al entonces director en funciones,&nbsp;<a href=\"https:\/\/www.clarin.com\/cultura\/javier-torre-leo-cifelli-va-decir-agarre-sillon-cuenta_0_gvYMsiXFPu.html\">Javier Torre<\/a>, aunque sin nombramiento oficial, luego de&nbsp;<a href=\"https:\/\/www.clarin.com\/cultura\/javier-torre-director-fondo-nacional-artes-hare-imposible-cierren_0_2467cbzIyn.html\">una entrevista que el cineasta le dio a Clar\u00edn<\/a>&nbsp;en la que aseguraba: &#8220;Har\u00e9 todo lo posible para que no lo cierren&#8221;.https:\/\/f1665d7ded8a0c6d15ee1c29642c8b5e.safeframe.googlesyndication.com\/safeframe\/1-0-40\/html\/container.html<\/p>\n\n\n\n<p class=\"wp-block-paragraph\">En la misma l\u00ednea, se manifest\u00f3 en su Instagram Mariano Stolkiner, al frente del Instituto Nacional del Teatro (INT), tambi\u00e9n sin nombramiento oficial. Pero en su caso, no fue &#8220;desnombrado&#8221;.<\/p>\n\n\n\n<p class=\"wp-block-paragraph\">La ley \u00f3mnibus que el presidente Javier Milei envi\u00f3 al Congreso prev\u00e9 recortes en Cultura y el cierre de FNA y del INT. Desde entonces, gran parte de la comunidad cultural se encuentra en estado de alerta.<\/p>\n\n\n\n<p class=\"wp-block-paragraph\">Fuente: <a href=\"https:\/\/www.clarin.com\/\">Clar\u00edn.com<\/a><\/p>","protected":false},"excerpt":{"rendered":"<p>El proyecto para&nbsp;disolver el Fondo Nacional de las Artes, incluido en la ley \u00f3mnibus, caus\u00f3 tal conmoci\u00f3n que este lunes ex directores de distintas ramas de la instituci\u00f3n firmaron una carta en la que manifiestan que \u201ccerrar ese organismo implica desconocer cu\u00e1l debe ser el papel del Estado en el apoyo a la cultura e [&hellip;]<\/p>\n","protected":false},"author":9,"featured_media":0,"comment_status":"open","ping_status":"open","sticky":false,"template":"","format":"standard","meta":{"site-sidebar-layout":"default","site-content-layout":"","ast-site-content-layout":"default","site-content-style":"default","site-sidebar-style":"default","ast-global-header-display":"","ast-banner-title-visibility":"","ast-main-header-display":"","ast-hfb-above-header-display":"","ast-hfb-below-header-display":"","ast-hfb-mobile-header-display":"","site-post-title":"","ast-breadcrumbs-content":"","ast-featured-img":"","footer-sml-layout":"","ast-disable-related-posts":"","theme-transparent-header-meta":"","adv-header-id-meta":"","stick-header-meta":"","header-above-stick-meta":"","header-main-stick-meta":"","header-below-stick-meta":"","astra-migrate-meta-layouts":"default","ast-page-background-enabled":"default","ast-page-background-meta":{"desktop":{"background-color":"","background-image":"","background-repeat":"repeat","background-position":"center center","background-size":"auto","background-attachment":"scroll","background-type":"","background-media":"","overlay-type":"","overlay-color":"","overlay-opacity":"","overlay-gradient":""},"tablet":{"background-color":"","background-image":"","background-repeat":"repeat","background-position":"center center","background-size":"auto","background-attachment":"scroll","background-type":"","background-media":"","overlay-type":"","overlay-color":"","overlay-opacity":"","overlay-gradient":""},"mobile":{"background-color":"","background-image":"","background-repeat":"repeat","background-position":"center center","background-size":"auto","background-attachment":"scroll","background-type":"","background-media":"","overlay-type":"","overlay-color":"","overlay-opacity":"","overlay-gradient":""}},"ast-content-background-meta":{"desktop":{"background-color":"var(--ast-global-color-5)","background-image":"","background-repeat":"repeat","background-position":"center center","background-size":"auto","background-attachment":"scroll","background-type":"","background-media":"","overlay-type":"","overlay-color":"","overlay-opacity":"","overlay-gradient":""},"tablet":{"background-color":"var(--ast-global-color-5)","background-image":"","background-repeat":"repeat","background-position":"center center","background-size":"auto","background-attachment":"scroll","background-type":"","background-media":"","overlay-type":"","overlay-color":"","overlay-opacity":"","overlay-gradient":""},"mobile":{"background-color":"var(--ast-global-color-5)","background-image":"","background-repeat":"repeat","background-position":"center center","background-size":"auto","background-attachment":"scroll","background-type":"","background-media":"","overlay-type":"","overlay-color":"","overlay-opacity":"","overlay-gradient":""}},"footnotes":""},"categories":[641],"tags":[],"class_list":["post-94532","post","type-post","status-publish","format-standard","hentry","category-entretenimiento"],"spectra_blocks_featured_image_url":null,"spectra_blocks_author_info":{"display_name":"Jorge Alfredo Baret","avatar_url":"https:\/\/secure.gravatar.com\/avatar\/31696f5ca83439b642450ec7d3f82f98451a5efacb414343d5478c982b337f26?s=96&d=mm&r=g","author_link":"https:\/\/100xd.com.ar\/es\/author\/jorge\/","description":"Ingeniero Qu\u00edmico UTN - Director Apoderado de Comunicaciones Auditadas SA. Editor Responsable 100xd.com.ar."},"_links":{"self":[{"href":"https:\/\/100xd.com.ar\/es\/wp-json\/wp\/v2\/posts\/94532","targetHints":{"allow":["GET"]}}],"collection":[{"href":"https:\/\/100xd.com.ar\/es\/wp-json\/wp\/v2\/posts"}],"about":[{"href":"https:\/\/100xd.com.ar\/es\/wp-json\/wp\/v2\/types\/post"}],"author":[{"embeddable":true,"href":"https:\/\/100xd.com.ar\/es\/wp-json\/wp\/v2\/users\/9"}],"replies":[{"embeddable":true,"href":"https:\/\/100xd.com.ar\/es\/wp-json\/wp\/v2\/comments?post=94532"}],"version-history":[{"count":1,"href":"https:\/\/100xd.com.ar\/es\/wp-json\/wp\/v2\/posts\/94532\/revisions"}],"predecessor-version":[{"id":94534,"href":"https:\/\/100xd.com.ar\/es\/wp-json\/wp\/v2\/posts\/94532\/revisions\/94534"}],"wp:attachment":[{"href":"https:\/\/100xd.com.ar\/es\/wp-json\/wp\/v2\/media?parent=94532"}],"wp:term":[{"taxonomy":"category","embeddable":true,"href":"https:\/\/100xd.com.ar\/es\/wp-json\/wp\/v2\/categories?post=94532"},{"taxonomy":"post_tag","embeddable":true,"href":"https:\/\/100xd.com.ar\/es\/wp-json\/wp\/v2\/tags?post=94532"}],"curies":[{"name":"wp","href":"https:\/\/api.w.org\/{rel}","templated":true}]}}