{"id":93886,"date":"2023-12-29T11:01:48","date_gmt":"2023-12-29T14:01:48","guid":{"rendered":"https:\/\/100xd.com.ar\/?p=93886"},"modified":"2023-12-29T11:42:30","modified_gmt":"2023-12-29T14:42:30","slug":"giro-geopolitico-del-gobierno-javier-milei-comunico-por-carta-que-argentina-renuncia-a-los-brics","status":"publish","type":"post","link":"https:\/\/100xd.com.ar\/es\/giro-geopolitico-del-gobierno-javier-milei-comunico-por-carta-que-argentina-renuncia-a-los-brics\/","title":{"rendered":"Giro geopol\u00edtico del Gobierno: Javier Milei comunic\u00f3 por carta que Argentina renuncia a los BRICS"},"content":{"rendered":"<p class=\"wp-block-paragraph\">Javier Milei rechaza la cercan\u00eda geopol\u00edtica con China y Rusia y&nbsp;<strong>hace pocos d\u00edas envi\u00f3 cartas oficiales a Xi Jinping y Vladimir Putin<\/strong>&nbsp;anunciando que retiraba a la Argentina del foro multilateral BRICS. El presidente tambi\u00e9n comunic\u00f3 esta decisi\u00f3n institucional a Lula da Silva, Narendra Modi y Ciril Ramaphosa, que no ten\u00edan demasiado inter\u00e9s en sumar al pa\u00eds a este bloque Sur-Sur que&nbsp;<strong>liderado por China libra una sinuosa guerra comercial contra Estados Unidos.<\/strong><a href=\"https:\/\/www.infobae.com\/politica\/2023\/12\/29\/el-gobierno-dara-de-baja-a-los-160-mil-beneficiarios-de-planes-sociales-que-viajaron-al-exterior-en-yates-y-aviones\/\" target=\"_blank\" rel=\"noreferrer noopener\">Te puede interesar:<strong>El Gobierno dar\u00e1 de baja a los 160 mil beneficiarios de planes sociales que viajaron al exterior en yates y aviones<\/strong><\/a><\/p>\n\n\n\n<figure data-spectra-id=\"spectra-56b4a9b3-0e3e-41fc-bb3d-9407eb9c24ed\" class=\"wp-block-image\"><img decoding=\"async\" src=\"https:\/\/www.infobae.com\/new-resizer\/lCi-RuKa88tnNWbWF05JLb4I2vw=\/265x149\/filters:format(webp):quality(85)\/cloudfront-us-east-1.images.arcpublishing.com\/infobae\/ENQZURM7HFEQPFVS7SIHL3Q36Y%20265w\" alt=\"El presidente electo de Argentina Javier Milei junto a Diana Mondino. EFE\/Mat\u00edas Campaya\" title=\"Giro geopol\u00edtico del Gobierno: Javier Milei comunic\u00f3 por carta que Argentina renuncia a los BRICS\" \/><\/figure>\n\n\n\n<p class=\"wp-block-paragraph\">Te puede interesar:<strong>Milei define una agenda diplom\u00e1tica que se apoya en Biden, oscila con Xi Jinping y propone una alianza con Macron<\/strong><\/p>\n\n\n\n<p class=\"wp-block-paragraph\">En el texto de la misiva oficial -al que accedi\u00f3&nbsp;<strong>Infobae<\/strong>&#8211; la administraci\u00f3n Milei expone sin medias tintas los motivos del portazo. \u201cComo es de su conocimiento, la impronta en materia de pol\u00edtica de exterior del gobierno que presido desde hace pocos d\u00edas difiere en muchos casos de la del gobierno precedente\u201d, estableci\u00f3 la carta firmada por el jefe de Estado argentino enviada a cada mandatario del bloque.<\/p>\n\n\n\n<figure data-spectra-id=\"spectra-ffc138f4-d52b-4d7e-8f9a-4bef8d4046f2\" class=\"wp-block-image\"><img decoding=\"async\" src=\"https:\/\/www.infobae.com\/new-resizer\/41_V2FFEcHlyTletf0jgh14kH6o=\/420x560\/filters:format(webp):quality(85)\/cloudfront-us-east-1.images.arcpublishing.com\/infobae\/JB2JQ6KP6FAGVDTCAWFIP6SYDU.jpg%20420w\" alt=\"infobae\" title=\"Giro geopol\u00edtico del Gobierno: Javier Milei comunic\u00f3 por carta que Argentina renuncia a los BRICS\" \/><\/figure>\n\n\n\n<p class=\"wp-block-paragraph\">Los BRICS (Brasil, Rusia, India, China y Sud\u00e1frica) sumaron a la Argentina durante una cumbre que se realiz\u00f3 en Johannesburgo a fines de agosto. En ese encuentro multilateral adem\u00e1s se vot\u00f3 la incorporaci\u00f3n de&nbsp;<strong>Arabia Saudita, Emiratos \u00c1rabes Unidos, Egipto e Ir\u00e1n,<\/strong>&nbsp;que son pa\u00edses claves al momento de fijar los precios internacionales del petr\u00f3leo y el gas.<a href=\"https:\/\/www.infobae.com\/politica\/2023\/12\/29\/el-gobierno-dara-de-baja-a-los-160-mil-beneficiarios-de-planes-sociales-que-viajaron-al-exterior-en-yates-y-aviones\/\" target=\"_blank\" rel=\"noreferrer noopener\">Te puede interesar:<strong>El Gobierno dar\u00e1 de baja a los 160 mil beneficiarios de planes sociales que viajaron al exterior en yates y aviones<\/strong><\/a><a href=\"https:\/\/www.infobae.com\/politica\/2023\/12\/26\/china-acepto-en-tiempo-record-al-embajador-argentino-propuesto-por-javier-milei\/\" rel=\"noreferrer noopener\" target=\"_blank\">Te puede interesar:<strong>China acept\u00f3 en tiempo r\u00e9cord al embajador argentino propuesto por Javier Milei<\/strong><\/a><\/p>\n\n\n\n<p class=\"wp-block-paragraph\">Es decir: si Milei no defin\u00eda la renuncia formal a los BRICS,&nbsp;<strong>Argentina desde el primero de enero hubiera compartido escenario multilateral con China, Rusia e Ir\u00e1n<\/strong>, que apoyan -con diferentes t\u00e1cticas- a la organizaci\u00f3n terrorista Hamas. Este grupo palestino atac\u00f3 Israel y mat\u00f3 a miles de jud\u00edos en la madrugada del 7 de octubre.https:\/\/imasdk.googleapis.com\/js\/core\/bridge3.609.1_es.html#goog_18434490630 seconds of 8 minutes, 8 secondsVolume 0%&nbsp;Mensaje del presidente Alberto Fern\u00e1ndez anunciando el ingreso de Argentina a los BRICS<\/p>\n\n\n\n<p class=\"wp-block-paragraph\">A menos de cuatro meses de terminar su mandato, Alberto Fern\u00e1ndez defini\u00f3 la incorporaci\u00f3n de Argentina a los BRICS.&nbsp;<strong>El presidente fue apoyado por Xi,<\/strong>&nbsp;pese a la reticencia de Lula y Ramaphosa y la equidistancia de Modi. Brasil y Sud\u00e1frica no quer\u00edan un socio que es competidor en el Sur-Sur, y al final el l\u00edder comunista aplic\u00f3 su peso pol\u00edtico en el bloque multilateral.<a href=\"https:\/\/www.infobae.com\/politica\/2023\/12\/29\/desde-hoy-entra-en-vigencia-el-dnu-de-javier-milei-cuales-son-los-cambios\/\" target=\"_blank\" rel=\"noreferrer noopener\">Te puede interesar:<strong>Entr\u00f3 en vigencia el DNU de Javier Milei: cu\u00e1les son los cambios<\/strong><\/a><a href=\"https:\/\/www.infobae.com\/politica\/2023\/12\/23\/javier-milei-aseguro-que-su-gobierno-ya-trabaja-para-declarar-a-hamas-como-organizacion-terrorista\/\" rel=\"noreferrer noopener\" target=\"_blank\">Te puede interesar:<strong>Javier Milei asegur\u00f3 que su Gobierno ya trabaja para declarar a Hamas como organizaci\u00f3n terrorista<\/strong><\/a><\/p>\n\n\n\n<p class=\"wp-block-paragraph\"><strong>\u201cVamos a ser protagonistas de un destino com\u00fan<\/strong>&nbsp;en un bloque que representa m\u00e1s del 40% de la poblaci\u00f3n mundial, al mismo tiempo que seguimos fortaleciendo nuestras relaciones fruct\u00edferas, aut\u00f3nomas y diversas con otros pa\u00edses del mundo\u201d, se\u00f1al\u00f3 Alberto Fern\u00e1ndez cuando se conoci\u00f3 que Argentina hab\u00eda sido aceptada en los BRICS.<\/p>\n\n\n\n<p class=\"wp-block-paragraph\">XI pretende aliados en la regi\u00f3n, y Argentina es una pieza que encaja en su plan de disputa de intereses comerciales con Estados Unidos. China intenta acotar la influencia de Washington a nivel global,&nbsp;<strong>y el pedido de incorporaci\u00f3n de Alberto Fern\u00e1ndez era funcional a sus pretensiones geopol\u00edticas.<\/strong><\/p>\n\n\n\n<p class=\"wp-block-paragraph\">Milei tiene otra mirada del tablero internacional. El presidente se recost\u00f3 sobre Estados Unidos, y su ideolog\u00eda rechaza la agenda de China y su canon de pol\u00edtica exterior.&nbsp;<strong>\u201cNo voy a impulsar un trato con comunistas\u201d,<\/strong>&nbsp;contest\u00f3 Milei cuando le preguntaron acerca de los BRICS.<\/p>\n\n\n\n<p class=\"wp-block-paragraph\">En este contexto, el jefe de Estado solicit\u00f3 a Diana Mondino que preparara un texto com\u00fan para las cinco cartas que enviar\u00eda a Lula, Putin, Modi, Xi y Ramaphosa con el objetivo de anunciar que Argentina se retirar\u00eda de los BRICS. La canciller acerc\u00f3 a Milei&nbsp;<strong>un modelo de misiva con prosa diplom\u00e1tica&nbsp;<\/strong>que exhibe la voluntad de retirarse y que &#8211;&nbsp;<em>a su vez<\/em>&#8211; trata de no causar da\u00f1o en las relaciones bilaterales con Brasil, Rusia, India, China y Sud\u00e1frica (BRICS).<img loading=\"lazy\" decoding=\"async\" alt=\"Diana Mondino, ministra de Relaciones Exteriores\" height=\"1312\" width=\"1968\" src=\"https:\/\/www.infobae.com\/new-resizer\/UkSHAf36GokKlZUbscs3aMSi69w=\/420x280\/filters:format(webp):quality(85)\/cloudfront-us-east-1.images.arcpublishing.com\/infobae\/HCCOEETKXFH7RM2EYSMXODNNDE.JPG%20420w\" srcset=\"https:\/\/www.infobae.com\/new-resizer\/UkSHAf36GokKlZUbscs3aMSi69w=\/420x280\/filters:format(webp):quality(85)\/cloudfront-us-east-1.images.arcpublishing.com\/infobae\/HCCOEETKXFH7RM2EYSMXODNNDE.JPG 420w,https:\/\/www.infobae.com\/new-resizer\/S5TTi0zy7e0KOIZGU99rCoHKnUg=\/768x512\/filters:format(webp):quality(85)\/cloudfront-us-east-1.images.arcpublishing.com\/infobae\/HCCOEETKXFH7RM2EYSMXODNNDE.JPG 768w,https:\/\/www.infobae.com\/new-resizer\/FsPHhUuISJE7ZJCfIOqfEkcF1n8=\/992x661\/filters:format(webp):quality(85)\/cloudfront-us-east-1.images.arcpublishing.com\/infobae\/HCCOEETKXFH7RM2EYSMXODNNDE.JPG 992w,https:\/\/www.infobae.com\/new-resizer\/U02UT5JvbzTF2wVNt4IEBwRMJ6Q=\/1200x800\/filters:format(webp):quality(85)\/cloudfront-us-east-1.images.arcpublishing.com\/infobae\/HCCOEETKXFH7RM2EYSMXODNNDE.JPG 1200w,https:\/\/www.infobae.com\/new-resizer\/R3LBnyikb5yPO9gYQ9WB3gTtFx0=\/1440x960\/filters:format(webp):quality(85)\/cloudfront-us-east-1.images.arcpublishing.com\/infobae\/HCCOEETKXFH7RM2EYSMXODNNDE.JPG 1440w\" title=\"Giro geopol\u00edtico del Gobierno: Javier Milei comunic\u00f3 por carta que Argentina renuncia a los BRICS\">Diana Mondino, ministra de Relaciones Exteriores<\/p>\n\n\n\n<p class=\"wp-block-paragraph\">Las cartas con la firma presidencial salieron hace unos d\u00edas de Balcarce 50, y en Brasilia, Mosc\u00fa, Nueva Delhi, Beijing y Johannesburgo ya saben que Argentina renunci\u00f3 a su membres\u00eda en los BRICS. Xi hizo lo posible para incorporar al pa\u00eds durante la administraci\u00f3n de Alberto Fern\u00e1ndez,&nbsp;<strong>y ahora no pudo torcer la voluntad pol\u00edtica de Milei&nbsp;<\/strong>pese a la presi\u00f3n que ejerci\u00f3 desde ciertos canales diplom\u00e1ticos.<\/p>\n\n\n\n<p class=\"wp-block-paragraph\">La renuncia de Argentina a los BRICS&nbsp;<strong>muestra un giro geopol\u00edtico del Gobierno&nbsp;<\/strong>que incluye una condena expl\u00edcita a las dictaduras de Cuba, Nicaragua y Venezuela con la postura de no designar embajadores, la decisi\u00f3n de negociar contra reloj una actualizaci\u00f3n del acuerdo Mercosur-Uni\u00f3n Europea y la voluntad de incorporar al pa\u00eds a la OCDE.<\/p>\n\n\n\n<p class=\"wp-block-paragraph\">Desde esta perspectiva, adonde hay una apuesta al libre comercio entre bloques con impronta democr\u00e1tica,&nbsp;<strong>Milei opt\u00f3 por renunciar a un foro multilateral&nbsp;<\/strong>que integran Rusia, China e Ir\u00e1n, aliados en la guerra contra Ucrania y protectores de la organizaci\u00f3n terrorista Hamas.<\/p>\n\n\n\n<h2 class=\"wp-block-heading\">La carta de Milei a los BRICS<\/h2>\n\n\n\n<p class=\"wp-block-paragraph\"><em>SE\u00d1OR PRESIDENTE:<\/em><\/p>\n\n\n\n<p class=\"wp-block-paragraph\"><em>Tengo el agrado de dirigirme a usted en relaci\u00f3n a la invitaci\u00f3n a la Rep\u00fablica Argentina a sumarse al Grupo de los BRICS decidida en la Cumbre de Johannesburgo, el pasado mes de agosto.<\/em><\/p>\n\n\n\n<p class=\"wp-block-paragraph\"><em>Como es de su conocimiento, la impronta en materia de pol\u00edtica exterior del Gobierno que presido desde hace pocos d\u00edas difiere en muchos aspectos de la del Gobierno precedente. En tal sentido, algunas decisiones tomadas por la anterior gesti\u00f3n ser\u00e1n revisadas. Entre ellas se encuentra la creaci\u00f3n de una unidad especializada para la participaci\u00f3n activa del pa\u00eds en BRICS, seg\u00fan lo indicado por el expresidente Alberto Fern\u00e1ndez en su carta del pasado 4 de septiembre.<\/em><\/p>\n\n\n\n<p class=\"wp-block-paragraph\"><em>Al respecto, quisiera informarle que en esta instancia no se considera oportuna la incorporaci\u00f3n de la Rep\u00fablica Argentina al BRICS como miembro pleno a partir del 1 de enero de 2024.<\/em><\/p>\n\n\n\n<p class=\"wp-block-paragraph\"><em>Sin perjuicio de ello, desco destacar el compromiso de mi Gobierno con la intensificaci\u00f3n de los lazos bilaterales con su pa\u00eds, en particular el aumento de los flujos de comercio e inversi\u00f3n.<\/em><\/p>\n\n\n\n<p class=\"wp-block-paragraph\"><em>A la espera de reunirme con usted, hago propicia la oportunidad para reiterarle las seguridades de mi m\u00e1s distinguida consideraci\u00f3n.<\/em><\/p>\n\n\n\n<p class=\"wp-block-paragraph\">Fuente<a href=\"https:\/\/www.infobae.com\/?noredirect\">: Infobae.com<\/a><\/p>","protected":false},"excerpt":{"rendered":"<p>Javier Milei rechaza la cercan\u00eda geopol\u00edtica con China y Rusia y&nbsp;hace pocos d\u00edas envi\u00f3 cartas oficiales a Xi Jinping y Vladimir Putin&nbsp;anunciando que retiraba a la Argentina del foro multilateral BRICS. El presidente tambi\u00e9n comunic\u00f3 esta decisi\u00f3n institucional a Lula da Silva, Narendra Modi y Ciril Ramaphosa, que no ten\u00edan demasiado inter\u00e9s en sumar al [&hellip;]<\/p>\n","protected":false},"author":9,"featured_media":0,"comment_status":"open","ping_status":"open","sticky":false,"template":"","format":"standard","meta":{"site-sidebar-layout":"default","site-content-layout":"","ast-site-content-layout":"default","site-content-style":"default","site-sidebar-style":"default","ast-global-header-display":"","ast-banner-title-visibility":"","ast-main-header-display":"","ast-hfb-above-header-display":"","ast-hfb-below-header-display":"","ast-hfb-mobile-header-display":"","site-post-title":"","ast-breadcrumbs-content":"","ast-featured-img":"","footer-sml-layout":"","ast-disable-related-posts":"","theme-transparent-header-meta":"","adv-header-id-meta":"","stick-header-meta":"","header-above-stick-meta":"","header-main-stick-meta":"","header-below-stick-meta":"","astra-migrate-meta-layouts":"default","ast-page-background-enabled":"default","ast-page-background-meta":{"desktop":{"background-color":"","background-image":"","background-repeat":"repeat","background-position":"center center","background-size":"auto","background-attachment":"scroll","background-type":"","background-media":"","overlay-type":"","overlay-color":"","overlay-opacity":"","overlay-gradient":""},"tablet":{"background-color":"","background-image":"","background-repeat":"repeat","background-position":"center center","background-size":"auto","background-attachment":"scroll","background-type":"","background-media":"","overlay-type":"","overlay-color":"","overlay-opacity":"","overlay-gradient":""},"mobile":{"background-color":"","background-image":"","background-repeat":"repeat","background-position":"center center","background-size":"auto","background-attachment":"scroll","background-type":"","background-media":"","overlay-type":"","overlay-color":"","overlay-opacity":"","overlay-gradient":""}},"ast-content-background-meta":{"desktop":{"background-color":"var(--ast-global-color-5)","background-image":"","background-repeat":"repeat","background-position":"center center","background-size":"auto","background-attachment":"scroll","background-type":"","background-media":"","overlay-type":"","overlay-color":"","overlay-opacity":"","overlay-gradient":""},"tablet":{"background-color":"var(--ast-global-color-5)","background-image":"","background-repeat":"repeat","background-position":"center center","background-size":"auto","background-attachment":"scroll","background-type":"","background-media":"","overlay-type":"","overlay-color":"","overlay-opacity":"","overlay-gradient":""},"mobile":{"background-color":"var(--ast-global-color-5)","background-image":"","background-repeat":"repeat","background-position":"center center","background-size":"auto","background-attachment":"scroll","background-type":"","background-media":"","overlay-type":"","overlay-color":"","overlay-opacity":"","overlay-gradient":""}},"footnotes":""},"categories":[2],"tags":[],"class_list":["post-93886","post","type-post","status-publish","format-standard","hentry","category-politica"],"spectra_blocks_featured_image_url":null,"spectra_blocks_author_info":{"display_name":"Jorge Alfredo Baret","avatar_url":"https:\/\/secure.gravatar.com\/avatar\/31696f5ca83439b642450ec7d3f82f98451a5efacb414343d5478c982b337f26?s=96&d=mm&r=g","author_link":"https:\/\/100xd.com.ar\/es\/author\/jorge\/","description":"Ingeniero Qu\u00edmico UTN - Director Apoderado de Comunicaciones Auditadas SA. Editor Responsable 100xd.com.ar."},"_links":{"self":[{"href":"https:\/\/100xd.com.ar\/es\/wp-json\/wp\/v2\/posts\/93886","targetHints":{"allow":["GET"]}}],"collection":[{"href":"https:\/\/100xd.com.ar\/es\/wp-json\/wp\/v2\/posts"}],"about":[{"href":"https:\/\/100xd.com.ar\/es\/wp-json\/wp\/v2\/types\/post"}],"author":[{"embeddable":true,"href":"https:\/\/100xd.com.ar\/es\/wp-json\/wp\/v2\/users\/9"}],"replies":[{"embeddable":true,"href":"https:\/\/100xd.com.ar\/es\/wp-json\/wp\/v2\/comments?post=93886"}],"version-history":[{"count":1,"href":"https:\/\/100xd.com.ar\/es\/wp-json\/wp\/v2\/posts\/93886\/revisions"}],"predecessor-version":[{"id":93888,"href":"https:\/\/100xd.com.ar\/es\/wp-json\/wp\/v2\/posts\/93886\/revisions\/93888"}],"wp:attachment":[{"href":"https:\/\/100xd.com.ar\/es\/wp-json\/wp\/v2\/media?parent=93886"}],"wp:term":[{"taxonomy":"category","embeddable":true,"href":"https:\/\/100xd.com.ar\/es\/wp-json\/wp\/v2\/categories?post=93886"},{"taxonomy":"post_tag","embeddable":true,"href":"https:\/\/100xd.com.ar\/es\/wp-json\/wp\/v2\/tags?post=93886"}],"curies":[{"name":"wp","href":"https:\/\/api.w.org\/{rel}","templated":true}]}}