{"id":93543,"date":"2023-12-22T12:28:46","date_gmt":"2023-12-22T15:28:46","guid":{"rendered":"https:\/\/100xd.com.ar\/?p=93543"},"modified":"2023-12-22T12:28:46","modified_gmt":"2023-12-22T15:28:46","slug":"provincia-de-san-juan-se-realizo-una-nueva-edicion-de-la-feria-agroproductiva","status":"publish","type":"post","link":"https:\/\/100xd.com.ar\/es\/provincia-de-san-juan-se-realizo-una-nueva-edicion-de-la-feria-agroproductiva\/","title":{"rendered":"Provincia de San Ju\u00e1n: Se realiz\u00f3 una nueva edici\u00f3n de la Feria Agroproductiva"},"content":{"rendered":"<p class=\"wp-block-paragraph\">El jueves 21 de diciembre se llev\u00f3 a cabo la primera jornada de la Feria Agroproductiva, que fue recorrida por el secretario de Agricultura, Ganader\u00eda y Agroindustria, Miguel Moreno. Este evento tendr\u00e1 lugar nuevamente el s\u00e1bado 23 de diciembre desde las 9 de la ma\u00f1ana a las 14, en el Paseo de las Palmeras del Parque de Mayo.<\/p>\n\n\n\n<p class=\"wp-block-paragraph\">Esta iniciativa surge del Ministerio de Producci\u00f3n, Trabajo e Innovaci\u00f3n a cargo de Gustavo Fern\u00e1ndez, a trav\u00e9s de la Secretar\u00eda de Agricultura, Ganader\u00eda y Agroindustria. Su objetivo es estimular e impulsar la producci\u00f3n y comercializaci\u00f3n de productos generados por agricultores y emprendedores de la provincia y darles un espacio en el que puedan comercializar directamente con el consumidor.<\/p>\n\n\n\n<p class=\"wp-block-paragraph\">En la oportunidad, los sanjuaninos podr\u00e1n adquirir frutas, verduras, productos org\u00e1nicos, huevos, aceites, conservas, plantas y dem\u00e1s productos.<br>Los asistentes a este encuentro podr\u00e1n realizar compras de calidad y, adem\u00e1s, realizar Yoga de la mano de la Asociaci\u00f3n Sanjuanina de Yoga, disfrutar de m\u00fasica y sorteos de productos de los feriantes.<\/p>\n\n\n\n<h3 class=\"wp-block-heading\"><br><strong>Sobre la Feria Agroproductiva:<\/strong><\/h3>\n\n\n\n<p class=\"wp-block-paragraph\">Este evento naci\u00f3 como una actividad para celebrar el D\u00eda del Productor, que se conmemora en el mes de septiembre. Debido al gran \u00e9xito que tuvo esa primera edici\u00f3n, es que se decidi\u00f3 su continuidad con una fecha fija. Esto la convierte en una alternativa de inter\u00e9s no s\u00f3lo desde el punto de vista econ\u00f3mico para los productores, sino tambi\u00e9n genera la posibilidad para el consumidor de recibir productos de calidad a precios m\u00e1s accesibles.<\/p>\n\n\n\n<p class=\"wp-block-paragraph\">Fuente:<a href=\"https:\/\/sisanjuan.gob.ar\/\"> Si San Ju\u00e1n<\/a><\/p>","protected":false},"excerpt":{"rendered":"<p>El jueves 21 de diciembre se llev\u00f3 a cabo la primera jornada de la Feria Agroproductiva, que fue recorrida por el secretario de Agricultura, Ganader\u00eda y Agroindustria, Miguel Moreno. Este evento tendr\u00e1 lugar nuevamente el s\u00e1bado 23 de diciembre desde las 9 de la ma\u00f1ana a las 14, en el Paseo de las Palmeras del [&hellip;]<\/p>\n","protected":false},"author":9,"featured_media":0,"comment_status":"open","ping_status":"open","sticky":false,"template":"","format":"standard","meta":{"site-sidebar-layout":"default","site-content-layout":"","ast-site-content-layout":"default","site-content-style":"default","site-sidebar-style":"default","ast-global-header-display":"","ast-banner-title-visibility":"","ast-main-header-display":"","ast-hfb-above-header-display":"","ast-hfb-below-header-display":"","ast-hfb-mobile-header-display":"","site-post-title":"","ast-breadcrumbs-content":"","ast-featured-img":"","footer-sml-layout":"","ast-disable-related-posts":"","theme-transparent-header-meta":"","adv-header-id-meta":"","stick-header-meta":"","header-above-stick-meta":"","header-main-stick-meta":"","header-below-stick-meta":"","astra-migrate-meta-layouts":"default","ast-page-background-enabled":"default","ast-page-background-meta":{"desktop":{"background-color":"","background-image":"","background-repeat":"repeat","background-position":"center center","background-size":"auto","background-attachment":"scroll","background-type":"","background-media":"","overlay-type":"","overlay-color":"","overlay-opacity":"","overlay-gradient":""},"tablet":{"background-color":"","background-image":"","background-repeat":"repeat","background-position":"center center","background-size":"auto","background-attachment":"scroll","background-type":"","background-media":"","overlay-type":"","overlay-color":"","overlay-opacity":"","overlay-gradient":""},"mobile":{"background-color":"","background-image":"","background-repeat":"repeat","background-position":"center center","background-size":"auto","background-attachment":"scroll","background-type":"","background-media":"","overlay-type":"","overlay-color":"","overlay-opacity":"","overlay-gradient":""}},"ast-content-background-meta":{"desktop":{"background-color":"var(--ast-global-color-5)","background-image":"","background-repeat":"repeat","background-position":"center center","background-size":"auto","background-attachment":"scroll","background-type":"","background-media":"","overlay-type":"","overlay-color":"","overlay-opacity":"","overlay-gradient":""},"tablet":{"background-color":"var(--ast-global-color-5)","background-image":"","background-repeat":"repeat","background-position":"center center","background-size":"auto","background-attachment":"scroll","background-type":"","background-media":"","overlay-type":"","overlay-color":"","overlay-opacity":"","overlay-gradient":""},"mobile":{"background-color":"var(--ast-global-color-5)","background-image":"","background-repeat":"repeat","background-position":"center center","background-size":"auto","background-attachment":"scroll","background-type":"","background-media":"","overlay-type":"","overlay-color":"","overlay-opacity":"","overlay-gradient":""}},"footnotes":""},"categories":[8,4],"tags":[],"class_list":["post-93543","post","type-post","status-publish","format-standard","hentry","category-el-mundo","category-sociedad"],"spectra_blocks_featured_image_url":null,"spectra_blocks_author_info":{"display_name":"Jorge Alfredo Baret","avatar_url":"https:\/\/secure.gravatar.com\/avatar\/31696f5ca83439b642450ec7d3f82f98451a5efacb414343d5478c982b337f26?s=96&d=mm&r=g","author_link":"https:\/\/100xd.com.ar\/es\/author\/jorge\/","description":"Ingeniero Qu\u00edmico UTN - Director Apoderado de Comunicaciones Auditadas SA. Editor Responsable 100xd.com.ar."},"_links":{"self":[{"href":"https:\/\/100xd.com.ar\/es\/wp-json\/wp\/v2\/posts\/93543","targetHints":{"allow":["GET"]}}],"collection":[{"href":"https:\/\/100xd.com.ar\/es\/wp-json\/wp\/v2\/posts"}],"about":[{"href":"https:\/\/100xd.com.ar\/es\/wp-json\/wp\/v2\/types\/post"}],"author":[{"embeddable":true,"href":"https:\/\/100xd.com.ar\/es\/wp-json\/wp\/v2\/users\/9"}],"replies":[{"embeddable":true,"href":"https:\/\/100xd.com.ar\/es\/wp-json\/wp\/v2\/comments?post=93543"}],"version-history":[{"count":1,"href":"https:\/\/100xd.com.ar\/es\/wp-json\/wp\/v2\/posts\/93543\/revisions"}],"predecessor-version":[{"id":93545,"href":"https:\/\/100xd.com.ar\/es\/wp-json\/wp\/v2\/posts\/93543\/revisions\/93545"}],"wp:attachment":[{"href":"https:\/\/100xd.com.ar\/es\/wp-json\/wp\/v2\/media?parent=93543"}],"wp:term":[{"taxonomy":"category","embeddable":true,"href":"https:\/\/100xd.com.ar\/es\/wp-json\/wp\/v2\/categories?post=93543"},{"taxonomy":"post_tag","embeddable":true,"href":"https:\/\/100xd.com.ar\/es\/wp-json\/wp\/v2\/tags?post=93543"}],"curies":[{"name":"wp","href":"https:\/\/api.w.org\/{rel}","templated":true}]}}