{"id":93540,"date":"2023-12-22T12:23:13","date_gmt":"2023-12-22T15:23:13","guid":{"rendered":"https:\/\/100xd.com.ar\/?p=93540"},"modified":"2023-12-22T12:23:13","modified_gmt":"2023-12-22T15:23:13","slug":"el-gobierno-va-por-acuerdos-para-respaldar-el-decreto-de-milei-en-la-comision-bicameral","status":"publish","type":"post","link":"https:\/\/100xd.com.ar\/es\/el-gobierno-va-por-acuerdos-para-respaldar-el-decreto-de-milei-en-la-comision-bicameral\/","title":{"rendered":"El Gobierno va por acuerdos para respaldar el decreto de Milei en la Comisi\u00f3n Bicameral"},"content":{"rendered":"<p class=\"wp-block-paragraph\">El oficialismo deber\u00e1 fortalecer las v\u00edas del di\u00e1logo y los acuerdos pol\u00edticos en el Congreso con bloques opositores para<strong>&nbsp;respaldar en la Comisi\u00f3n Bicameral de Tr\u00e1mite Legislativo el&nbsp;<a target=\"_blank\" href=\"https:\/\/www.perfil.com\/noticias\/politica\/decreto-dnu-completo-anuncio-javier-milei-para-desregular-economia.phtml\" rel=\"noreferrer noopener\">mega decreto que dispuso Javier Milei para desregular la econom\u00eda<\/a><\/strong>, el cual&nbsp;debe ser remitido al Parlamento dentro de un plazo de diez d\u00edas h\u00e1biles para su tratamiento.<\/p>\n\n\n\n<p class=\"wp-block-paragraph\">El obst\u00e1culo central que afronta el oficialismo consiste en que varios de los bloques est\u00e1n dispuestos a avalar algunas de las iniciativas del Gobierno&nbsp;(como la Uni\u00f3n C\u00edvica Radical, el PRO y Cambio Federal) en&nbsp;temas como las privatizaciones y la reforma laboral,&nbsp;<strong>cuestionan la metodolog\u00eda unilateral utilizada&nbsp;para llevarlas adelante.<\/strong><\/p>\n\n\n\n<p class=\"wp-block-paragraph\">Si bien el DNU entra en vigencia m\u00e1s all\u00e1 de este recorrido que en paralelo debe hacer en el Congreso, la presidenta del Senado, Victoria Villarruel, y el titular de Diputados, Mart\u00edn Menem,&nbsp;<strong>deber\u00e1n designar a los 16 miembros que conformar\u00e1n la Comisi\u00f3n Bicameral de Tr\u00e1mite Legislativo.<\/strong><\/p>\n\n\n\n<p class=\"wp-block-paragraph\">De acuerdo con la Ley 26.122, la Comisi\u00f3n Bicameral Permanente est\u00e1 integrada por<strong>&nbsp;ocho diputados y ocho senadores<\/strong>, designados por el presidente de sus respectivas C\u00e1maras a propuesta de los bloques parlamentarios respetando la proporci\u00f3n de las representaciones pol\u00edticas.<\/p>\n\n\n\n<figure data-spectra-id=\"spectra-9496ae80-eb0c-4e97-9d75-2c55f26d8fc8\" class=\"wp-block-image\"><img decoding=\"async\" src=\"https:\/\/fotos.perfil.com\/\/2023\/12\/07\/900\/0\/jura-de-los-nuevos-diputados-nacionales-1714465.jpg\" alt=\"Jura de los nuevos Diputados Nacionales\" title=\"El Gobierno va por acuerdos para respaldar el decreto de Milei en la Comisi\u00f3n Bicameral\" \/><figcaption>C\u00e1mara de Diputados. Foto:&nbsp;Ernesto Pag\u00e9s<\/figcaption><\/figure>\n\n\n\n<p class=\"wp-block-paragraph\">Tal como inform\u00f3 la agencia&nbsp;<em>T\u00e9lam<\/em>, esta tarde&nbsp;comenz\u00f3 a delinearse la composici\u00f3n de la Bicameral&nbsp;en ambas C\u00e1maras, pero&nbsp;ser\u00e1 oficial una vez que&nbsp;<strong>Villarruel y Menem emitan los respectivos Decretos Parlamentarios<\/strong>.<\/p>\n\n\n\n<p class=\"wp-block-paragraph\">En la C\u00e1mara alta, la vicepresidenta Victoria Villarruel&nbsp;fue autorizada a conformar el cuerpo legislativo&nbsp;<strong>con tres senadores del Frente de Todos y otros cinco de las dem\u00e1s fuerzas pol\u00edticas<\/strong>, incluyendo La Libertad Avanza, adem\u00e1s del radicalismo, el PRO, Cambio Federal (agrupaci\u00f3n conformada por exintegrantes de Juntos por el Cambio) y Unidad Federal (que aglutina a&nbsp;peronistas disidentes y el oficialismo cordob\u00e9s).<\/p>\n\n\n\n<p class=\"wp-block-paragraph\">Si bien no fue oficializada la lista, la mayor\u00eda estar\u00e1 integrada por el libertario Juan Carlos Pagotto, de La Rioja; el radical chaque\u00f1o V\u00edctor Zimmermann; el cordob\u00e9s Luis Juez, del PRO; Juan Carlos Romero, de Salta, y el peronista correntino Carlos Esp\u00ednola.<\/p>\n\n\n\n<p class=\"wp-block-paragraph\">Uni\u00f3n por la Patria, que este jueves mantuvo una reuni\u00f3n por Zoom y aspira a sumar un lugar m\u00e1s en la Bicameral -algo que no ocurrir\u00e1-, confirm\u00f3 sus nombres a \u00faltima hora de la noche: Anabel Fern\u00e1ndez Sagasti, Mariano Recalde y Silvia Sapag.<\/p>\n\n\n\n<h2 class=\"wp-block-heading\"><strong>Controversias en la C\u00e1mara baja<\/strong><\/h2>\n\n\n\n<figure data-spectra-id=\"spectra-f3c45952-76b4-438a-81ad-63399629c870\" class=\"wp-block-image\"><img decoding=\"async\" src=\"https:\/\/fotos.perfil.com\/\/2023\/12\/20\/900\/0\/martin-menem-1723178.jpg\" alt=\"Mart\u00edn Menem\" title=\"El Gobierno va por acuerdos para respaldar el decreto de Milei en la Comisi\u00f3n Bicameral\" \/><figcaption>Mart\u00edn Menem, presidente de la C\u00e1mara baja. Foto: NA<\/figcaption><\/figure>\n\n\n\n<p class=\"wp-block-paragraph\">La conformaci\u00f3n de la comisi\u00f3n en Diputados despert\u00f3<strong>&nbsp;controversias<\/strong>, ya que el bloque de Uni\u00f3n por la Patria reclama que la distribuci\u00f3n se haga a trav\u00e9s del&nbsp;<strong>sistema D&#8217;Hont para poder tener 5 de los ocho miembros<\/strong>, pero Mart\u00edn Menem anticip\u00f3&nbsp;el martes a los periodistas que dicha disposici\u00f3n es para las comisiones permanentes pero no para las especiales, como lo es la Bicameral de Tr\u00e1mite Legislativo.<\/p>\n\n\n\n<p class=\"wp-block-paragraph\">Si se aplica ese criterio de proporcionalidad, a UxP le corresponder\u00edan&nbsp;<strong>cuatro representantes<\/strong>, en tanto que uno a La Libertad Avanza (Oscar Zago), uno al PRO (Hern\u00e1n Lombardi) y uno a la UCR (Francisco Monti), aunque a \u00faltima hora de este jueves se especul\u00f3 incluso con que la presencia de UxP quede<strong>&nbsp;reducida a tres<\/strong>, a partir de un conglomerado que pretend\u00edan formar el resto de las fuerzas y que le permitir\u00eda demandar otro lugar a LLA.<\/p>\n\n\n\n<p class=\"wp-block-paragraph\">En el reparto de los ocho lugares ya se asegur\u00f3 una plaza el grupo de bloques denominado&nbsp;<strong>&#8220;Acuerdo Parlamentario&#8221;<\/strong>, conformado entre Cambio Federal, Hacemos Nuestro Innovaci\u00f3n Federal y Coalici\u00f3n C\u00edvica, que propone a Nicol\u00e1s Massot.<\/p>\n\n\n\n<p class=\"wp-block-paragraph\"><a target=\"_blank\" href=\"https:\/\/www.perfil.com\/noticias\/politica\/federico-sturzenegger-respaldo-el-dnu-de-javier-milei.phtml\" rel=\"noreferrer noopener\">Federico Sturzenegger: &#8220;Esto es muy chiquito, son solo algunos temas de urgencia, al Congreso ir\u00e1 mucho m\u00e1s&#8221;<\/a><\/p>\n\n\n\n<h2 class=\"wp-block-heading\"><strong>Procedimientos y plazos legales de la Bicameral<\/strong><\/h2>\n\n\n\n<p class=\"wp-block-paragraph\">El Gobierno tiene un plazo de&nbsp;<strong>diez d\u00edas h\u00e1biles<\/strong>&nbsp;para remitir al Congreso el DNU 70\/2023 a fin de&nbsp;que sea analizado por la Comisi\u00f3n Bicameral de Tr\u00e1mite Legislativo que, a su vez, tambi\u00e9n tiene diez d\u00edas h\u00e1biles para emitir su&nbsp;dictamen, aunque en los \u00faltimos a\u00f1os no se ha respetado a rajatabla ese plazo.<\/p>\n\n\n\n<p class=\"wp-block-paragraph\">Tras la emisi\u00f3n del dictamen las c\u00e1maras&nbsp;<strong>se abocar\u00e1n al expreso e inmediato tratamiento del decreto<\/strong>&nbsp;en cuesti\u00f3n, de conformidad con lo establecido en los art\u00edculos 99, inciso 3 y 82 de la Constituci\u00f3n Nacional. Uno de los temas que se viene discutiendo en el recinto es&nbsp;si el Parlamento puede reunir sus plenarios para debatir la validez de los DNU, m\u00e1s all\u00e1 de que no est\u00e9n convocadas las sesiones extraordinarias.<\/p>\n\n\n\n<p class=\"wp-block-paragraph\">Esta comisi\u00f3n no funciona desde mediados del 2022 y&nbsp;<strong>se registran m\u00e1s de cien DNU dictados durante la gesti\u00f3n de Alberto Fern\u00e1ndez que a\u00fan no fueron tratados<\/strong>.<\/p>\n\n\n\n<p class=\"wp-block-paragraph\">Seg\u00fan establece la ley,&nbsp;<strong>todo decreto tiene vigencia mientras las dos c\u00e1maras del Congreso no rechacen esa norma con mayor\u00eda absoluta de sus miembros<\/strong>, es decir con la mitad m\u00e1s uno de sus integrantes.<\/p>\n\n\n\n<p class=\"wp-block-paragraph\">Si una c\u00e1mara lo aprueba, quedar\u00e1 firme y lo mismo suceder\u00e1 si el Congreso no se expide, en lo que se conoce como una &#8220;<strong>sanci\u00f3n ficta<\/strong>&#8220;.<\/p>\n\n\n\n<figure data-spectra-id=\"spectra-e3df24a1-9c46-4938-8059-ce54244dc88d\" class=\"wp-block-image\"><img decoding=\"async\" src=\"https:\/\/fotos.perfil.com\/\/2023\/12\/07\/900\/0\/las-novedades-del-congreso-1714343.jpg\" alt=\"Las novedades del congreso \" title=\"El Gobierno va por acuerdos para respaldar el decreto de Milei en la Comisi\u00f3n Bicameral\" \/><figcaption>Congreso de la Naci\u00f3n. Foto: T\u00e9lam<\/figcaption><\/figure>\n\n\n\n<p class=\"wp-block-paragraph\">&#8220;<strong>El rechazo por ambas C\u00e1maras del Congreso del decreto de que se trate implica su derogaci\u00f3n&nbsp;<\/strong>de acuerdo a lo que establece el art\u00edculo 2\u00ba del C\u00f3digo Civil, quedando a salvo los derechos adquiridos durante su vigencia&#8221;, establece uno de los art\u00edculos de la ley 26122.<\/p>\n\n\n\n<p class=\"wp-block-paragraph\">Por otro lado, dispone que las c\u00e1maras &#8220;no pueden introducir enmiendas, agregados o supresiones al texto del Poder Ejecutivo, debiendo circunscribirse a la aceptaci\u00f3n o rechazo de la norma mediante el voto de la mayor\u00eda absoluta de los miembros presentes&#8221;.<\/p>\n\n\n\n<p class=\"wp-block-paragraph\">Cabe destacar que la Comisi\u00f3n Bicameral Permanente cumple funciones incluso durante el receso del Congreso, y que sesiona cuando cuenta con la presencia de la mayor\u00eda absoluta de sus miembros.<\/p>\n\n\n\n<p class=\"wp-block-paragraph\">El organismo parlamentario debe emitir dictamen o dict\u00e1menes, y&nbsp;<strong>el de mayor\u00eda debe llevar la firma del presidente de esa bicameral<\/strong>, que deber\u00e1 expedirse acerca de la validez o invalidez del decreto.<\/p>\n\n\n\n<p class=\"wp-block-paragraph\">En caso de que el jefe de Gabinete no remita en el plazo establecido a la Comisi\u00f3n Bicameral Permanente los decretos que reglamenta esta ley, dicha Comisi\u00f3n se abocar\u00e1 de oficio a su tratamiento, y tendr\u00e1 que emitir dictamen en un plazo de diez d\u00edas.<\/p>\n\n\n\n<p class=\"wp-block-paragraph\">Fuente:<a href=\"https:\/\/www.perfil.com\/\"> Perfil.com<\/a><\/p>","protected":false},"excerpt":{"rendered":"<p>El oficialismo deber\u00e1 fortalecer las v\u00edas del di\u00e1logo y los acuerdos pol\u00edticos en el Congreso con bloques opositores para&nbsp;respaldar en la Comisi\u00f3n Bicameral de Tr\u00e1mite Legislativo el&nbsp;mega decreto que dispuso Javier Milei para desregular la econom\u00eda, el cual&nbsp;debe ser remitido al Parlamento dentro de un plazo de diez d\u00edas h\u00e1biles para su tratamiento. El obst\u00e1culo [&hellip;]<\/p>\n","protected":false},"author":9,"featured_media":0,"comment_status":"open","ping_status":"open","sticky":false,"template":"","format":"standard","meta":{"site-sidebar-layout":"default","site-content-layout":"","ast-site-content-layout":"default","site-content-style":"default","site-sidebar-style":"default","ast-global-header-display":"","ast-banner-title-visibility":"","ast-main-header-display":"","ast-hfb-above-header-display":"","ast-hfb-below-header-display":"","ast-hfb-mobile-header-display":"","site-post-title":"","ast-breadcrumbs-content":"","ast-featured-img":"","footer-sml-layout":"","ast-disable-related-posts":"","theme-transparent-header-meta":"","adv-header-id-meta":"","stick-header-meta":"","header-above-stick-meta":"","header-main-stick-meta":"","header-below-stick-meta":"","astra-migrate-meta-layouts":"default","ast-page-background-enabled":"default","ast-page-background-meta":{"desktop":{"background-color":"","background-image":"","background-repeat":"repeat","background-position":"center center","background-size":"auto","background-attachment":"scroll","background-type":"","background-media":"","overlay-type":"","overlay-color":"","overlay-opacity":"","overlay-gradient":""},"tablet":{"background-color":"","background-image":"","background-repeat":"repeat","background-position":"center center","background-size":"auto","background-attachment":"scroll","background-type":"","background-media":"","overlay-type":"","overlay-color":"","overlay-opacity":"","overlay-gradient":""},"mobile":{"background-color":"","background-image":"","background-repeat":"repeat","background-position":"center center","background-size":"auto","background-attachment":"scroll","background-type":"","background-media":"","overlay-type":"","overlay-color":"","overlay-opacity":"","overlay-gradient":""}},"ast-content-background-meta":{"desktop":{"background-color":"var(--ast-global-color-5)","background-image":"","background-repeat":"repeat","background-position":"center center","background-size":"auto","background-attachment":"scroll","background-type":"","background-media":"","overlay-type":"","overlay-color":"","overlay-opacity":"","overlay-gradient":""},"tablet":{"background-color":"var(--ast-global-color-5)","background-image":"","background-repeat":"repeat","background-position":"center center","background-size":"auto","background-attachment":"scroll","background-type":"","background-media":"","overlay-type":"","overlay-color":"","overlay-opacity":"","overlay-gradient":""},"mobile":{"background-color":"var(--ast-global-color-5)","background-image":"","background-repeat":"repeat","background-position":"center center","background-size":"auto","background-attachment":"scroll","background-type":"","background-media":"","overlay-type":"","overlay-color":"","overlay-opacity":"","overlay-gradient":""}},"footnotes":""},"categories":[2],"tags":[],"class_list":["post-93540","post","type-post","status-publish","format-standard","hentry","category-politica"],"spectra_blocks_featured_image_url":null,"spectra_blocks_author_info":{"display_name":"Jorge Alfredo Baret","avatar_url":"https:\/\/secure.gravatar.com\/avatar\/31696f5ca83439b642450ec7d3f82f98451a5efacb414343d5478c982b337f26?s=96&d=mm&r=g","author_link":"https:\/\/100xd.com.ar\/es\/author\/jorge\/","description":"Ingeniero Qu\u00edmico UTN - Director Apoderado de Comunicaciones Auditadas SA. Editor Responsable 100xd.com.ar."},"_links":{"self":[{"href":"https:\/\/100xd.com.ar\/es\/wp-json\/wp\/v2\/posts\/93540","targetHints":{"allow":["GET"]}}],"collection":[{"href":"https:\/\/100xd.com.ar\/es\/wp-json\/wp\/v2\/posts"}],"about":[{"href":"https:\/\/100xd.com.ar\/es\/wp-json\/wp\/v2\/types\/post"}],"author":[{"embeddable":true,"href":"https:\/\/100xd.com.ar\/es\/wp-json\/wp\/v2\/users\/9"}],"replies":[{"embeddable":true,"href":"https:\/\/100xd.com.ar\/es\/wp-json\/wp\/v2\/comments?post=93540"}],"version-history":[{"count":1,"href":"https:\/\/100xd.com.ar\/es\/wp-json\/wp\/v2\/posts\/93540\/revisions"}],"predecessor-version":[{"id":93542,"href":"https:\/\/100xd.com.ar\/es\/wp-json\/wp\/v2\/posts\/93540\/revisions\/93542"}],"wp:attachment":[{"href":"https:\/\/100xd.com.ar\/es\/wp-json\/wp\/v2\/media?parent=93540"}],"wp:term":[{"taxonomy":"category","embeddable":true,"href":"https:\/\/100xd.com.ar\/es\/wp-json\/wp\/v2\/categories?post=93540"},{"taxonomy":"post_tag","embeddable":true,"href":"https:\/\/100xd.com.ar\/es\/wp-json\/wp\/v2\/tags?post=93540"}],"curies":[{"name":"wp","href":"https:\/\/api.w.org\/{rel}","templated":true}]}}