{"id":92234,"date":"2023-11-27T11:32:41","date_gmt":"2023-11-27T14:32:41","guid":{"rendered":"https:\/\/100xd.com.ar\/?p=92234"},"modified":"2023-11-27T11:32:41","modified_gmt":"2023-11-27T14:32:41","slug":"la-transicion-cristina-kirchner-se-resiste-a-cederle-el-control-y-el-manejo-del-senado-a-villarruel","status":"publish","type":"post","link":"https:\/\/100xd.com.ar\/es\/la-transicion-cristina-kirchner-se-resiste-a-cederle-el-control-y-el-manejo-del-senado-a-villarruel\/","title":{"rendered":"La transici\u00f3n: Cristina Kirchner se resiste a cederle el control y el manejo del Senado a Villarruel"},"content":{"rendered":"<p class=\"wp-block-paragraph\">El&nbsp;<strong>Senado&nbsp;<\/strong>se prepara convertirse en escenario de una&nbsp;<strong>dura pulseada<\/strong>&nbsp;pol\u00edtica entre la&nbsp;<strong>resistencia kirchnerista<\/strong>, que planea liderar desde el llano opositor&nbsp;<strong>Cristina Kirchner&nbsp;<\/strong>y que se traducir\u00e1 en la decisi\u00f3n de&nbsp;<mark>quedarse con la presidencia provisional y el control administrativo y parlamentario de la C\u00e1mara alta<\/mark>, y una di\u00e1spora de fuerzas pol\u00edticas y monobloques que promete enfrentar la embestida con la que el peronismo que responde a la expresidenta pretende recibir al gobierno de&nbsp;<strong>Javier Milei&nbsp;<\/strong>y a su vicepresidenta,&nbsp;<strong>Victoria Villarruel<\/strong>.<\/p>\n\n\n\n<p class=\"wp-block-paragraph\">Ninguno de los dos sectores ha mostrado sus cartas todav\u00eda, pero ya se dejan sentir en ambos lados los sordos ruidos de los<strong>&nbsp;preparativos para el enfrentamiento<\/strong>. Por lo pronto, la confrontaci\u00f3n fue postergada por una semana, como un adelanto de que&nbsp;<strong>el kirchnerismo quiere seguir manejando los tiempos pol\u00edticos de la C\u00e1mara alta<\/strong>, y reci\u00e9n el pr\u00f3ximo 5 de diciembre se celebrar\u00e1 la sesi\u00f3n preparatoria del Senado. En esa reuni\u00f3n, que el Reglamento establece que debe hacerse el 29 de noviembre, jurar\u00e1n los 24 senadores electos en la elecci\u00f3n de octubre y se elegir\u00e1n las nuevas autoridades del cuerpo.<a href=\"https:\/\/www.lanacion.com.ar\/politica\/la-desordenada-metamorfosis-de-milei-y-otra-sorpresa-en-economia-nid25112023\/\" target=\"_blank\" rel=\"noreferrer noopener\"><em><\/em>LA DESORDENADA METAMORFOSIS DE MILEI Y OTRA SORPRESA EN ECONOM\u00cdA<\/a><\/p>\n\n\n\n<p class=\"wp-block-paragraph\">Si bien lo niegan en p\u00fablico, la decisi\u00f3n del kirchnerismo de resistir en el Congreso desde el primer minuto la administraci\u00f3n de Milei viene de vieja data. Antes del balotaje, incluso, las principales espadas de Cristina Kirchner en la C\u00e1mara alta advert\u00edan en conversaciones informales con sus colegas que&nbsp;<strong>no pensaban ceder el control del Senado ante una eventual derrota de Sergio Massa<\/strong>&nbsp;en la segunda vuelta. Aquel futuro se convirti\u00f3 en presente.<\/p>\n\n\n\n<p class=\"wp-block-paragraph\">La profundidad del golpe electoral fue de tal magnitud que Cristina Kirchner&nbsp;<strong>se vio obligada a reemplazar las frescas jornadas del oto\u00f1o europeo<\/strong>, donde ten\u00eda previsto exponer el jueves pasado en una universidad de N\u00e1poles, por el&nbsp;<strong>ambiente climatizado de su despacho del primer piso del Senado<\/strong>&nbsp;para liderar un comit\u00e9 de crisis en el que el sector peronista que responde a sus mandatos dise\u00f1a la resistencia al gobierno de Javier Milei.<\/p>\n\n\n\n<p class=\"wp-block-paragraph\">Durante toda la semana, como si de una versi\u00f3n femenina y moderna del Conde de Montecristo se tratara, la vicepresidenta en retirada&nbsp;<strong>comenz\u00f3 a planificar la venganza del kirchnerismo en tertulias<\/strong>&nbsp;que se extendieron hasta m\u00e1s all\u00e1 de las 21, cuando los pasillos y la mayor\u00eda de los despachos de la C\u00e1mara alta ya estaban desiertos.<\/p>\n\n\n\n<p class=\"wp-block-paragraph\">Los senadores&nbsp;<strong>Oscar Parrilli, Anabel Fern\u00e1ndez Sagasti, Juliana Di Tullio, Jos\u00e9 Mayans<\/strong>, actual jefe del bloque, y&nbsp;<strong>Eduardo de Pedro<\/strong>, que asumir\u00e1 su esca\u00f1o el pr\u00f3ximo 10 de diciembre, fueron algunos de los kirchneristas de paladar negro que se sentaron a hacer catarsis y a planificar el futuro con la vicepresidenta.<\/p>\n\n\n\n<p class=\"wp-block-paragraph\">No faltaron a la cita peronistas tradicionales como el gobernador&nbsp;<strong>Gildo Insfr\u00e1n<\/strong>. El formose\u00f1o, que demostr\u00f3 con el triunfo de Massa en el balotaje que ha hecho de la provincia un basti\u00f3n inexpugnable del peronismo, se encontr\u00f3 con una guardia period\u00edstica inesperada cuando entr\u00f3 al Senado el mi\u00e9rcoles \u00faltimo. Es que, a la misma hora, estaba previsto el encuentro entre Cristina Kirchner y Victoria Villarruel para escenificar el inicio de la transici\u00f3n en la conducci\u00f3n de la c\u00e1mara alta. \u201c\u00bfViene a ver a Cristina?\u201d, preguntaron. \u201cNo,&nbsp;<strong>no se olviden que mi provincia tiene dos senadores<\/strong>\u201d, respondi\u00f3, r\u00e1pido de reflejos, el mandatario norte\u00f1o. Lo cierto es que entre el despacho de Mayans y el de la vicepresidenta hay apenas un piso de diferencia y un ascensor en com\u00fan.<\/p>\n\n\n\n<h2 class=\"wp-block-heading\">Control total<\/h2>\n\n\n\n<p class=\"wp-block-paragraph\">Mientras el resto del peronismo todav\u00eda sigue indigestado con el golpe pol\u00edtico del balotaje, el kirchnerismo ya empez\u00f3 a planificar la resistencia. Es una manera de picar en punta en la carrera por imponer el perfil que adoptar\u00e1 el peronismo en su nuevo regreso al llano opositor, el segundo en los \u00faltimos ocho a\u00f1os bajo la conducci\u00f3n de Cristina Kirchner.<\/p>\n\n\n\n<p class=\"wp-block-paragraph\">De hecho, el kirchnerismo del Senado planea hacer de cuenta que la derrota del domingo pasado no existi\u00f3 y&nbsp;<strong>pretende apoyarse en su condici\u00f3n de primera minor\u00eda para quedarse con todos los cargos estrat\u00e9gicos para asegurarse el control de la C\u00e1mara alta.<\/strong><\/p>\n\n\n\n<p class=\"wp-block-paragraph\">No s\u00f3lo piensan imponer a un dirigente propio en la presidencia provisional y, por lo tanto, en la l\u00ednea sucesoria de Milei, sino que tambi\u00e9n pretenden&nbsp;<strong>retener las secretar\u00edas Administrativa y Parlamentaria y convertir a Villarruel en una figura decorativa<\/strong>. El dato no es menor, ambas oficinas son claves en el manejo financiero de la C\u00e1mara y en el control del tr\u00e1mite legislativo de los proyectos, respectivamente.<a href=\"https:\/\/www.lanacion.com.ar\/politica\/javier-milei-asistio-a-una-ceremonia-judia-y-recibio-la-bendicion-de-un-reconocido-rabino-nid26112023\/\" target=\"_blank\" rel=\"noreferrer noopener\"><em><\/em>JAVIER MILEI ASISTI\u00d3 A UNA CEREMONIA JUD\u00cdA Y RECIBI\u00d3 LA BENDICI\u00d3N DE UN RECONOCIDO RABINO<\/a><\/p>\n\n\n\n<p class=\"wp-block-paragraph\"><mark>\u201cSi se quedan con la Secretar\u00eda Administrativa ser\u00eda un verdadero golpe de Estado en el Senado. No pueden quitarle a Villarruel el control financiero de la C\u00e1mara, la dejar\u00edan sin poder alguno\u201d<\/mark>, se sorprendi\u00f3 un legislador peronista de mil batallas en el Senado.<\/p>\n\n\n\n<p class=\"wp-block-paragraph\">No es todo. Tambi\u00e9n pretenden seguir manteniendo la mayor\u00eda de las presidencias y la supremac\u00eda num\u00e9rica en cada una de las comisiones de trabajo legislativo. En otras palabras, el kirchnerismo quiere tener la llave para decidir cu\u00e1ndo funciona, o no, una comisi\u00f3n y qu\u00e9 proyectos deber\u00e1 discutir.<\/p>\n\n\n\n<p class=\"wp-block-paragraph\"><a href=\"https:\/\/www.lanacion.com.ar\/autor\/gustavo-ybarra-167\/\">Gustavo Ybarra<\/a><\/p>\n\n\n\n<p class=\"wp-block-paragraph\">Fuente:<a href=\"https:\/\/www.lanacion.com.ar\/\"> La Naci\u00f3n<\/a><\/p>","protected":false},"excerpt":{"rendered":"<p>El&nbsp;Senado&nbsp;se prepara convertirse en escenario de una&nbsp;dura pulseada&nbsp;pol\u00edtica entre la&nbsp;resistencia kirchnerista, que planea liderar desde el llano opositor&nbsp;Cristina Kirchner&nbsp;y que se traducir\u00e1 en la decisi\u00f3n de&nbsp;quedarse con la presidencia provisional y el control administrativo y parlamentario de la C\u00e1mara alta, y una di\u00e1spora de fuerzas pol\u00edticas y monobloques que promete enfrentar la embestida con la [&hellip;]<\/p>\n","protected":false},"author":9,"featured_media":0,"comment_status":"open","ping_status":"open","sticky":false,"template":"","format":"standard","meta":{"site-sidebar-layout":"default","site-content-layout":"","ast-site-content-layout":"default","site-content-style":"default","site-sidebar-style":"default","ast-global-header-display":"","ast-banner-title-visibility":"","ast-main-header-display":"","ast-hfb-above-header-display":"","ast-hfb-below-header-display":"","ast-hfb-mobile-header-display":"","site-post-title":"","ast-breadcrumbs-content":"","ast-featured-img":"","footer-sml-layout":"","ast-disable-related-posts":"","theme-transparent-header-meta":"","adv-header-id-meta":"","stick-header-meta":"","header-above-stick-meta":"","header-main-stick-meta":"","header-below-stick-meta":"","astra-migrate-meta-layouts":"default","ast-page-background-enabled":"default","ast-page-background-meta":{"desktop":{"background-color":"","background-image":"","background-repeat":"repeat","background-position":"center center","background-size":"auto","background-attachment":"scroll","background-type":"","background-media":"","overlay-type":"","overlay-color":"","overlay-opacity":"","overlay-gradient":""},"tablet":{"background-color":"","background-image":"","background-repeat":"repeat","background-position":"center center","background-size":"auto","background-attachment":"scroll","background-type":"","background-media":"","overlay-type":"","overlay-color":"","overlay-opacity":"","overlay-gradient":""},"mobile":{"background-color":"","background-image":"","background-repeat":"repeat","background-position":"center center","background-size":"auto","background-attachment":"scroll","background-type":"","background-media":"","overlay-type":"","overlay-color":"","overlay-opacity":"","overlay-gradient":""}},"ast-content-background-meta":{"desktop":{"background-color":"var(--ast-global-color-5)","background-image":"","background-repeat":"repeat","background-position":"center center","background-size":"auto","background-attachment":"scroll","background-type":"","background-media":"","overlay-type":"","overlay-color":"","overlay-opacity":"","overlay-gradient":""},"tablet":{"background-color":"var(--ast-global-color-5)","background-image":"","background-repeat":"repeat","background-position":"center center","background-size":"auto","background-attachment":"scroll","background-type":"","background-media":"","overlay-type":"","overlay-color":"","overlay-opacity":"","overlay-gradient":""},"mobile":{"background-color":"var(--ast-global-color-5)","background-image":"","background-repeat":"repeat","background-position":"center center","background-size":"auto","background-attachment":"scroll","background-type":"","background-media":"","overlay-type":"","overlay-color":"","overlay-opacity":"","overlay-gradient":""}},"footnotes":""},"categories":[2],"tags":[],"class_list":["post-92234","post","type-post","status-publish","format-standard","hentry","category-politica"],"spectra_blocks_featured_image_url":null,"spectra_blocks_author_info":{"display_name":"Jorge Alfredo Baret","avatar_url":"https:\/\/secure.gravatar.com\/avatar\/31696f5ca83439b642450ec7d3f82f98451a5efacb414343d5478c982b337f26?s=96&d=mm&r=g","author_link":"https:\/\/100xd.com.ar\/es\/author\/jorge\/","description":"Ingeniero Qu\u00edmico UTN - Director Apoderado de Comunicaciones Auditadas SA. Editor Responsable 100xd.com.ar."},"_links":{"self":[{"href":"https:\/\/100xd.com.ar\/es\/wp-json\/wp\/v2\/posts\/92234","targetHints":{"allow":["GET"]}}],"collection":[{"href":"https:\/\/100xd.com.ar\/es\/wp-json\/wp\/v2\/posts"}],"about":[{"href":"https:\/\/100xd.com.ar\/es\/wp-json\/wp\/v2\/types\/post"}],"author":[{"embeddable":true,"href":"https:\/\/100xd.com.ar\/es\/wp-json\/wp\/v2\/users\/9"}],"replies":[{"embeddable":true,"href":"https:\/\/100xd.com.ar\/es\/wp-json\/wp\/v2\/comments?post=92234"}],"version-history":[{"count":1,"href":"https:\/\/100xd.com.ar\/es\/wp-json\/wp\/v2\/posts\/92234\/revisions"}],"predecessor-version":[{"id":92236,"href":"https:\/\/100xd.com.ar\/es\/wp-json\/wp\/v2\/posts\/92234\/revisions\/92236"}],"wp:attachment":[{"href":"https:\/\/100xd.com.ar\/es\/wp-json\/wp\/v2\/media?parent=92234"}],"wp:term":[{"taxonomy":"category","embeddable":true,"href":"https:\/\/100xd.com.ar\/es\/wp-json\/wp\/v2\/categories?post=92234"},{"taxonomy":"post_tag","embeddable":true,"href":"https:\/\/100xd.com.ar\/es\/wp-json\/wp\/v2\/tags?post=92234"}],"curies":[{"name":"wp","href":"https:\/\/api.w.org\/{rel}","templated":true}]}}