{"id":92193,"date":"2023-11-26T12:47:28","date_gmt":"2023-11-26T15:47:28","guid":{"rendered":"https:\/\/100xd.com.ar\/?p=92193"},"modified":"2023-11-26T12:47:28","modified_gmt":"2023-11-26T15:47:28","slug":"pobres-pero-progres","status":"publish","type":"post","link":"https:\/\/100xd.com.ar\/es\/pobres-pero-progres\/","title":{"rendered":"Pobres, pero progres"},"content":{"rendered":"<p class=\"wp-block-paragraph\">El sorpresivo triunfo de&nbsp;<strong>Javier Milei<\/strong>&nbsp;en las elecciones presidenciales ha revuelto varios avisperos. Uno de ellos es el de los activistas de la cultura nacional y popular.<\/p>\n\n\n\n<p class=\"wp-block-paragraph\">Durante 20 a\u00f1os, el kirchnerismo utiliz\u00f3 los programas de estudio, los medios de comunicaci\u00f3n, las voces de periodistas y las palabras de intelectuales para&nbsp;<mark>dar una p\u00e1tina de progresismo a su estrategia de vaciamiento de las arcas del Estado<\/mark>. Obtuvo el apoyo de grupos que reivindican valores muchas veces inobjetables, en provecho de personajes s\u00f3rdidos cuyo inter\u00e9s ha sido \u2013y sigue siendo\u2013 el enriquecimiento personal a costa del bienestar general. Prefiriendo as\u00ed&nbsp;<mark>ser pobres, pero progres.<\/mark><\/p>\n\n\n\n<p class=\"wp-block-paragraph\">Fue&nbsp;<strong>Antonio Gramsci&nbsp;<\/strong>quien mejor plante\u00f3, ante su p\u00fablico marxista, la necesidad de ir m\u00e1s all\u00e1 de la lucha de clases pol\u00edtica, para adentrarse en el mundo de la cultura, develando la hegemon\u00eda que la clase explotadora ejerce sobre la sociedad a trav\u00e9s de ideas y creencias compartidas pero que la someten, mediante instituciones en apariencia democr\u00e1ticas, a una verdadera explotaci\u00f3n inadvertida. Suele decirse que el kirchnerismo gan\u00f3 esa batalla cultural, ya que tuvo ocasi\u00f3n de \u201clavar la cabeza\u201d durante dos d\u00e9cadas a toda una generaci\u00f3n de j\u00f3venes que solamente escucharon esa interpretaci\u00f3n gramsciana de la historia nacional, de sus conflictos y armon\u00edas, de nuestros pr\u00f3ceres, estadistas y l\u00edderes populares.<\/p>\n\n\n\n<p class=\"wp-block-paragraph\">As\u00ed que, adem\u00e1s de los cambios indispensables para transformar la econom\u00eda y mejorar el nivel de vida de la poblaci\u00f3n, es indispensable que el nuevo gobierno tambi\u00e9n disponga un giro de 180 grados a&nbsp;<mark>la ideolog\u00eda de la decadencia&nbsp;<\/mark>que se adopt\u00f3 desde 2003 con el perverso objetivo de legitimar un plan de expoliaci\u00f3n al pueblo argentino, cuyo \u00e9xito se refleja en los \u00edndices de inflaci\u00f3n y pobreza.<\/p>\n\n\n\n<p class=\"wp-block-paragraph\">Para ello, podr\u00eda adoptarse la misma receta del autor de los&nbsp;<em>Cuadernos de la c\u00e1rcel<\/em>, pero en sentido inverso. Quiz\u00e1s el mismo Gramsci ayudar\u00eda a hacerlo, enterado que fuera del uso infame que el matrimonio presidencial dio a sus escritos. Sin duda, se alarmar\u00eda por el relato falseado de profesores revisionistas, actores clientelistas, fil\u00f3sofos sibilinos, cantautores acomodados, periodistas militantes, locutores sometidos y dem\u00e1s voceros funcionales al inter\u00e9s de sindicalistas ladrones, empresarios prebendarios, intendentes millonarios y militantes inescrupulosos. Solo ver las im\u00e1genes de cualquiera de ellos hubiese llevado a la tumba al fundador del<strong>&nbsp;PC<\/strong>&nbsp;italiano, antes de ser liberado de prisi\u00f3n el 21 de abril de 1927.<\/p>\n\n\n\n<p class=\"wp-block-paragraph\">El sardo se horrorizar\u00eda al encontrar su paneg\u00edrico en la p\u00e1gina del&nbsp;<strong>Ministerio de Cultura de la Naci\u00f3n&nbsp;<\/strong>(<mark>\u201cLa cultura emancipadora de Antonio Gramsci<\/mark>\u201d) y la considerar\u00eda una utilizaci\u00f3n tramposa de su imagen y pensamiento para legitimar una vulgar hegemon\u00eda del dinero mal habido usando el poder del Estado.<\/p>\n\n\n\n<p class=\"wp-block-paragraph\">Poner la cultura oficial al servicio de contratos dirigidos, mercados cautivos, cr\u00e9ditos privilegiados, concesiones fraudulentas, \u201ccajas\u201d apropiadas, retornos escondidos, pautas ficticias, proveedores digitados, d\u00f3lares (oficiales) subastados, subsidios indebidos, designaciones torcidas y contratos fraguados configura un delito grav\u00edsimo por corroer dolosamente el capital social de los argentinos, hipotecando su futuro.<\/p>\n\n\n\n<p class=\"wp-block-paragraph\">La&nbsp;<strong>Universidad Nacional de La Plata<\/strong>, en lugar de dar el premio&nbsp;<strong>Rodolfo Walsh<\/strong>&nbsp;(2011) al ex presidente de Venezuela&nbsp;<strong>Hugo Ch\u00e1vez<\/strong>&nbsp;por \u201c<mark>afianzar la libertad de los pueblos<\/mark>\u201d o a&nbsp;<strong>Evo Morales<\/strong>&nbsp;(2008) por su \u201c<mark>compromiso con los valores democr\u00e1ticos<\/mark>\u201d o de rendir homenaje al&nbsp;<strong>Che Guevara<\/strong>&nbsp;(2013) al cumplirse 46 a\u00f1os de su muerte, deber\u00eda distinguir a quienes recuperen las virtudes que destacaron a nuestro pa\u00eds en el concierto de las naciones.<\/p>\n\n\n\n<p class=\"wp-block-paragraph\"><mark>Es necesaria una nueva batalla cultura<\/mark>l que, en lugar de exaltar levantamientos armados y luchas por la liberaci\u00f3n, reestablezca los principios que convocan a trabajar con libertad, a superarse con esfuerzo, a destacarse conforme al m\u00e9rito y a prosperar sobre la base del ahorro, recurriendo a historias bien argentinas, ocultadas por el kirchnerismo, y que conmueven de solo evocarlas. Cuando ser \u201cprogre\u201d era ser ilustrado, entusiasta, confiado en el futuro y art\u00edfice del destino propio y colectivo.<\/p>\n\n\n\n<p class=\"wp-block-paragraph\">Las nuevas generaciones deben saber que este era un pa\u00eds pobre, con poblaci\u00f3n dispersa e iletrada, sin oro, ni plata, ni cultivos, ni infraestructura.<mark>&nbsp;Fue transformada por ideas progresistas, no por un golpe de fortuna ni por inversiones de un imperio colonial.<\/mark>&nbsp;En lugar de leer las zonceras de&nbsp;<strong>Arturo Jauretche<\/strong>&nbsp;o las denuncias de<strong>&nbsp;Scalabrini Ortiz<\/strong>, se debe volver a&nbsp;<strong>Juan Bautista Alberdi<\/strong>, cuyas obras parecen escritas para el momento actual. Lo mismo respecto de su contrincante, el \u201cloco\u201d&nbsp;<strong>Sarmiento<\/strong>&nbsp;(incluyendo sus c\u00e9lebres \u201cViajes\u201d con sus humanos \u201cGastos\u201d), los discursos vibrantes de&nbsp;<strong>Avellaneda<\/strong>, los debates enconados de la ley 1420, los ensayos de&nbsp;<strong>Juan B. Justo<\/strong>, el socialista liberal y los diarios de tantos extranjeros que recorrieron nuestro pa\u00eds en el siglo XIX y que dan testimonio impactante de aquella realidad.<\/p>\n\n\n\n<p class=\"wp-block-paragraph\">Para potenciar los valores que se requieren en el momento actual basta recurrir a las haza\u00f1as que tuvieron lugar desde la Organizaci\u00f3n Nacional en adelante. Las historias de inmigrantes y las nuevas colonias como Esperanza, San Carlos y Moises Ville, instaladas en medio de la nada. Las biograf\u00edas inspiradoras de los grandes educadores, como<strong>&nbsp;Sara Eccleston, Pablo Pizzurno<\/strong>&nbsp;y&nbsp;<strong>Rosario Vera Pe\u00f1aloza<\/strong>&nbsp;o las vidas de luchadores de la salud, como&nbsp;<strong>Cosme Argerich, Guillermo Rawson<\/strong>&nbsp;y&nbsp;<strong>Enrique Finochietto,<\/strong>&nbsp;entre tantos otros, sin olvidar a&nbsp;<strong>Bernardo Houssay, Luis Agote o Ren\u00e9 Favaloro<\/strong>, en tiempos recientes.<\/p>\n\n\n\n<p class=\"wp-block-paragraph\">Los j\u00f3venes podr\u00edan tener lecturas m\u00e1s provechosas que el fraudulento caso de&nbsp;<strong>Santiago Maldonado<\/strong>&nbsp;y conmoverse con&nbsp;<strong>Santiago Avenda\u00f1o<\/strong>, el ni\u00f1o cautivo que atraves\u00f3 el desierto huyendo de los ranqueles; o compartir los sue\u00f1os de&nbsp;<strong>Francisco P. Moreno<\/strong>, que descubri\u00f3 el lago&nbsp;<strong>Nahuel Huapi&nbsp;<\/strong>viajando desde el Atl\u00e1ntico o las aventuras del comandante&nbsp;<strong>Luis Piedrabuena<\/strong>, quien custodi\u00f3 nuestros mares australes y rescat\u00f3 vidas de naufragios, sin otro m\u00f3vil que la azul y blanca.<\/p>\n\n\n\n<p class=\"wp-block-paragraph\">La educaci\u00f3n para el progreso no deber\u00eda omitir las epopeyas de los primeros industriales como&nbsp;<strong>Noel, Bieckert, Bianchetti, Bagley, Bemberg, Tornquist<\/strong>&nbsp;y tantos otros que desmienten el sesgo antifabril del llamado \u201cmodelo agroexportador\u201d. En aquella \u00e9poca, la ventaja comparativa era el capital barato, la seguridad jur\u00eddica, la expansi\u00f3n de la infraestructura, el entusiasmo nacional y el esp\u00edritu emprendedor. Todo ello, demolido por un kirchnerismo que instaur\u00f3 la cultura del pobrismo, el atraso, la queja, el reclamo de derechos y el olvido de obligaciones para tapar la corrupci\u00f3n tras un seductor cortinado cultural.<\/p>\n\n\n\n<p class=\"wp-block-paragraph\">En esos tiempos, la modernidad eran las escuelas y los hospitales, el tel\u00e9grafo y los ferrocarriles, los puertos y los faros, las leyes y la moneda. Ahora\u00a0<mark>la transformaci\u00f3n debe elevar a quien trabaja y se esfuerza, a quien estudia y se instruye para no perder el tren de la prosperidad<\/mark>\u00a0en un contexto donde prevalecen tecnolog\u00edas que ser\u00e1n inaccesibles para quienes contin\u00faen excluidos con el relato de la liberaci\u00f3n, marchando con redoblantes por una Coca y un chorip\u00e1n.<\/p>\n\n\n\n<p class=\"wp-block-paragraph\">Fuente:<a href=\"https:\/\/www.lanacion.com.ar\/\"> La Naci\u00f3n<\/a><\/p>","protected":false},"excerpt":{"rendered":"<p>El sorpresivo triunfo de&nbsp;Javier Milei&nbsp;en las elecciones presidenciales ha revuelto varios avisperos. Uno de ellos es el de los activistas de la cultura nacional y popular. Durante 20 a\u00f1os, el kirchnerismo utiliz\u00f3 los programas de estudio, los medios de comunicaci\u00f3n, las voces de periodistas y las palabras de intelectuales para&nbsp;dar una p\u00e1tina de progresismo a [&hellip;]<\/p>\n","protected":false},"author":9,"featured_media":0,"comment_status":"open","ping_status":"open","sticky":false,"template":"","format":"standard","meta":{"site-sidebar-layout":"default","site-content-layout":"","ast-site-content-layout":"default","site-content-style":"default","site-sidebar-style":"default","ast-global-header-display":"","ast-banner-title-visibility":"","ast-main-header-display":"","ast-hfb-above-header-display":"","ast-hfb-below-header-display":"","ast-hfb-mobile-header-display":"","site-post-title":"","ast-breadcrumbs-content":"","ast-featured-img":"","footer-sml-layout":"","ast-disable-related-posts":"","theme-transparent-header-meta":"","adv-header-id-meta":"","stick-header-meta":"","header-above-stick-meta":"","header-main-stick-meta":"","header-below-stick-meta":"","astra-migrate-meta-layouts":"default","ast-page-background-enabled":"default","ast-page-background-meta":{"desktop":{"background-color":"","background-image":"","background-repeat":"repeat","background-position":"center center","background-size":"auto","background-attachment":"scroll","background-type":"","background-media":"","overlay-type":"","overlay-color":"","overlay-opacity":"","overlay-gradient":""},"tablet":{"background-color":"","background-image":"","background-repeat":"repeat","background-position":"center center","background-size":"auto","background-attachment":"scroll","background-type":"","background-media":"","overlay-type":"","overlay-color":"","overlay-opacity":"","overlay-gradient":""},"mobile":{"background-color":"","background-image":"","background-repeat":"repeat","background-position":"center center","background-size":"auto","background-attachment":"scroll","background-type":"","background-media":"","overlay-type":"","overlay-color":"","overlay-opacity":"","overlay-gradient":""}},"ast-content-background-meta":{"desktop":{"background-color":"var(--ast-global-color-5)","background-image":"","background-repeat":"repeat","background-position":"center center","background-size":"auto","background-attachment":"scroll","background-type":"","background-media":"","overlay-type":"","overlay-color":"","overlay-opacity":"","overlay-gradient":""},"tablet":{"background-color":"var(--ast-global-color-5)","background-image":"","background-repeat":"repeat","background-position":"center center","background-size":"auto","background-attachment":"scroll","background-type":"","background-media":"","overlay-type":"","overlay-color":"","overlay-opacity":"","overlay-gradient":""},"mobile":{"background-color":"var(--ast-global-color-5)","background-image":"","background-repeat":"repeat","background-position":"center center","background-size":"auto","background-attachment":"scroll","background-type":"","background-media":"","overlay-type":"","overlay-color":"","overlay-opacity":"","overlay-gradient":""}},"footnotes":""},"categories":[149],"tags":[],"class_list":["post-92193","post","type-post","status-publish","format-standard","hentry","category-entrevistas"],"spectra_blocks_featured_image_url":null,"spectra_blocks_author_info":{"display_name":"Jorge Alfredo Baret","avatar_url":"https:\/\/secure.gravatar.com\/avatar\/31696f5ca83439b642450ec7d3f82f98451a5efacb414343d5478c982b337f26?s=96&d=mm&r=g","author_link":"https:\/\/100xd.com.ar\/es\/author\/jorge\/","description":"Ingeniero Qu\u00edmico UTN - Director Apoderado de Comunicaciones Auditadas SA. Editor Responsable 100xd.com.ar."},"_links":{"self":[{"href":"https:\/\/100xd.com.ar\/es\/wp-json\/wp\/v2\/posts\/92193","targetHints":{"allow":["GET"]}}],"collection":[{"href":"https:\/\/100xd.com.ar\/es\/wp-json\/wp\/v2\/posts"}],"about":[{"href":"https:\/\/100xd.com.ar\/es\/wp-json\/wp\/v2\/types\/post"}],"author":[{"embeddable":true,"href":"https:\/\/100xd.com.ar\/es\/wp-json\/wp\/v2\/users\/9"}],"replies":[{"embeddable":true,"href":"https:\/\/100xd.com.ar\/es\/wp-json\/wp\/v2\/comments?post=92193"}],"version-history":[{"count":1,"href":"https:\/\/100xd.com.ar\/es\/wp-json\/wp\/v2\/posts\/92193\/revisions"}],"predecessor-version":[{"id":92195,"href":"https:\/\/100xd.com.ar\/es\/wp-json\/wp\/v2\/posts\/92193\/revisions\/92195"}],"wp:attachment":[{"href":"https:\/\/100xd.com.ar\/es\/wp-json\/wp\/v2\/media?parent=92193"}],"wp:term":[{"taxonomy":"category","embeddable":true,"href":"https:\/\/100xd.com.ar\/es\/wp-json\/wp\/v2\/categories?post=92193"},{"taxonomy":"post_tag","embeddable":true,"href":"https:\/\/100xd.com.ar\/es\/wp-json\/wp\/v2\/tags?post=92193"}],"curies":[{"name":"wp","href":"https:\/\/api.w.org\/{rel}","templated":true}]}}