{"id":9186,"date":"2015-09-05T09:52:24","date_gmt":"2015-09-05T12:52:24","guid":{"rendered":"http:\/\/www.100xd.com.ar\/?p=9186"},"modified":"2015-09-06T11:47:09","modified_gmt":"2015-09-06T14:47:09","slug":"denuncian-penalmente-a-dirigentes-de-cambiemos-por-campana-sucia-a-scioli","status":"publish","type":"post","link":"https:\/\/100xd.com.ar\/es\/denuncian-penalmente-a-dirigentes-de-cambiemos-por-campana-sucia-a-scioli\/","title":{"rendered":"Denuncian penalmente a dirigentes de Cambiemos por campa\u00f1a sucia a Scioli"},"content":{"rendered":"<p>Una denuncia penal fue presentada por el Centro de Estudios para la Transparencia (CEPTRA) con el fin de investigar si dirigentes de Cambiemos cometieron delito en el marco de la campa\u00f1a sucia postelectoral a las PASO, cuando se difundieron por las redes sociales y los medios de comunicaci\u00f3n fotos falsas de las inundaciones vincul\u00e1ndolas con el viaje que debi\u00f3 realizar a Italia el candidato presidencial del Frente para la Victoria (FpV) y gobernador bonaerense, Daniel Scioli.<\/p>\n<p>La denuncia fue presentada este viernes en la Secretar\u00eda Electoral del Juzgado Federal N\u00ba 1, a cargo de la jueza Mar\u00eda Romilda Servini de Cubr\u00eda, y busca determinar si se configur\u00f3 el delito previsto por el Art. 140 del C\u00f3digo Electoral, cuya pena est\u00e1 establecida entre 2 meses y 2 a\u00f1os de prisi\u00f3n al que &#8220;con enga\u00f1os indujere a otro a sufragar en determinada forma o a abstenerse de hacerlo&#8221;.<\/p>\n<p>La presentaci\u00f3n record\u00f3 que los hechos denunciados fueron &#8220;largamente difundido en medios y redes&#8221;, y que en ese \u00e1mbito se se\u00f1al\u00f3 como &#8220;responsables de la viralizaci\u00f3n de im\u00e1genes falsas, fotomontajes e informaci\u00f3n difamatoria, a las dirigentes Elisa Carri\u00f3 y Laura Alonso, entre otros&#8221;.<\/p>\n<p>La denuncia se fundament\u00f3 en &#8220;lo ocurrido en la actual campa\u00f1a electoral a ra\u00edz del viaje a la Rep\u00fablica de Italia del candidato a Presidente de la Naci\u00f3n Daniel Scioli, del FpV, luego de realizadas las Primarias Abiertas Simult\u00e1neas y Obligatorias (PASO) el pasado 9 de agosto&#8221;, detall\u00f3 el texto.<\/p>\n<p>En el mismo sentido, agreg\u00f3 que &#8220;la mirada p\u00fablica, conmocionada por las inundaciones que afectaron a la provincia de Buenos Aires, se pos\u00f3 sobre una secuencia infernal de informaci\u00f3n y datos falsos acerca del viaje en cuesti\u00f3n, generada en las redes sociales y los medios de comunicaci\u00f3n por dirigentes y partidos pol\u00edticos rivales de Scioli&#8221;.<\/p>\n<p>&#8220;La irrupci\u00f3n de este despliegue medi\u00e1tico impact\u00f3 de manera directa en el proceso electoral. Y dada su gravedad, entendemos que merece su judicializaci\u00f3n conforme la ley electoral&#8221;, sostiene la demanda, y relata que &#8220;se denunci\u00f3 p\u00fablicamente por parte de distintos dirigentes del FpV que se public\u00f3 informaci\u00f3n e im\u00e1genes falsas que se difundieron a trav\u00e9s de cuentas falsas en las redes sociales, que luego fueron viralizadas y potenciadas por dirigentes del Frente Cambiemos&#8221;.<\/p>\n<p>&#8220;Desde los equipos del candidato Scioli se asegur\u00f3 que fue una campa\u00f1a de difamaci\u00f3n, que incluy\u00f3 fotos de cat\u00e1strofes ocurridas en pa\u00edses de Centroam\u00e9rica o de situaciones que sucedieron hace a\u00f1os, ediciones de im\u00e1genes falsas de Daniel Scioli y Karina Rabolini en lugares paradis\u00edacos&#8221;, especifica la presentaci\u00f3n.<\/p>\n<p>Asimismo, argumenta que &#8220;se se\u00f1al\u00f3, como veh\u00edculo de difusi\u00f3n, a las diputadas Elisa Carri\u00f3 y Laura Alonso, a sus militantes y adherentes, y a 50.000 cuentas con identidades falsas. Ambas dirigentes del Frente Cambiemos postearon en sus cuentas a la misma hora del 12 de agosto, entre las 20 y las 21, los mismos mensajes con las mismas fotos, exhibiendo a Karina Rabolini y Daniel Scioli en un montaje con una toma de una cala en Cerde\u00f1a&#8221;, detall\u00f3 y cont\u00f3 que luego se supo que las fotos &#8220;no fueron tomadas en Italia&#8221;.<\/p>\n<p>Por otra parte, el equipo inform\u00e1tico del FpV demostr\u00f3 que las 50.000 cuentas de Twitter con identidades falsas tienen interacci\u00f3n entre ellas y que las fotos de los perfiles se corresponden con ciudadanos de diferentes nacionalidades y profesiones, que se encuentran a miles de kil\u00f3metros de la Argentina.<\/p>\n<p>&#8220;Se habr\u00eda trabajado con un sistema inform\u00e1tico altamente complejo, en el que utilizan una computadora desde donde administran los perfiles falsos. Desde esas cuentas se originan los posteos falsos que luego son replicados por los principales actores del Frente Cambiemos utilizando potenciales en los textos, dejando -as\u00ed- cubierta su implicancia legal&#8221;, se explic\u00f3 en la denuncia presentada.<\/p>\n<p>A esto se suma que &#8220;la maniobra incluy\u00f3 la utilizaci\u00f3n de portales de noticias que sirvieron de soporte, generando informaci\u00f3n que luego replicaron los referentes de Pro&#8221;.<\/p>\n<p>Seg\u00fan CEPTRA, &#8220;la estrategia del Frente Cambiemos tambi\u00e9n incluy\u00f3 montajes en las zonas afectadas por las intensas lluvias, buscando generar malestar en medio de un clima social sensibilizado por las intensas lluvias que generaron anegamientos e inundaciones en la Provincia&#8221;.<\/p>\n<p>Por lo expuesto, la denuncia concluye con que el objetivo de la presentaci\u00f3n es que &#8220;se examine jurisdiccionalmente una campa\u00f1a de publicidad electoral que en la arena pol\u00edtica fue mayoritariamente descalificada por maliciosa, enga\u00f1osa y \u201csucia\u201d.<\/p>\n<p>Se destac\u00f3 la &#8220;gravedad de los hechos&#8221; y manifest\u00f3 c\u00f3mo los responsables actuaron sin que les &#8220;importara nada&#8221;, despreciando las instituciones y falt\u00e1ndole el respeto a la ciudadan\u00eda, &#8220;utilizando ardides para conseguir apoyo electoral, difamando adversarios y, en definitiva, violando la ley&#8221;, concluye el texto.<\/p>","protected":false},"excerpt":{"rendered":"<p>Una denuncia penal fue presentada por el Centro de Estudios para la Transparencia (CEPTRA) con el fin de investigar si dirigentes de Cambiemos cometieron delito en el marco de la campa\u00f1a sucia postelectoral a las PASO, cuando se difundieron por las redes sociales y los medios de comunicaci\u00f3n fotos falsas de las inundaciones vincul\u00e1ndolas con [&hellip;]<\/p>\n","protected":false},"author":4,"featured_media":0,"comment_status":"open","ping_status":"open","sticky":false,"template":"","format":"standard","meta":{"site-sidebar-layout":"default","site-content-layout":"","ast-site-content-layout":"default","site-content-style":"default","site-sidebar-style":"default","ast-global-header-display":"","ast-banner-title-visibility":"","ast-main-header-display":"","ast-hfb-above-header-display":"","ast-hfb-below-header-display":"","ast-hfb-mobile-header-display":"","site-post-title":"","ast-breadcrumbs-content":"","ast-featured-img":"","footer-sml-layout":"","ast-disable-related-posts":"","theme-transparent-header-meta":"","adv-header-id-meta":"","stick-header-meta":"","header-above-stick-meta":"","header-main-stick-meta":"","header-below-stick-meta":"","astra-migrate-meta-layouts":"default","ast-page-background-enabled":"default","ast-page-background-meta":{"desktop":{"background-color":"","background-image":"","background-repeat":"repeat","background-position":"center center","background-size":"auto","background-attachment":"scroll","background-type":"","background-media":"","overlay-type":"","overlay-color":"","overlay-opacity":"","overlay-gradient":""},"tablet":{"background-color":"","background-image":"","background-repeat":"repeat","background-position":"center center","background-size":"auto","background-attachment":"scroll","background-type":"","background-media":"","overlay-type":"","overlay-color":"","overlay-opacity":"","overlay-gradient":""},"mobile":{"background-color":"","background-image":"","background-repeat":"repeat","background-position":"center center","background-size":"auto","background-attachment":"scroll","background-type":"","background-media":"","overlay-type":"","overlay-color":"","overlay-opacity":"","overlay-gradient":""}},"ast-content-background-meta":{"desktop":{"background-color":"var(--ast-global-color-5)","background-image":"","background-repeat":"repeat","background-position":"center center","background-size":"auto","background-attachment":"scroll","background-type":"","background-media":"","overlay-type":"","overlay-color":"","overlay-opacity":"","overlay-gradient":""},"tablet":{"background-color":"var(--ast-global-color-5)","background-image":"","background-repeat":"repeat","background-position":"center center","background-size":"auto","background-attachment":"scroll","background-type":"","background-media":"","overlay-type":"","overlay-color":"","overlay-opacity":"","overlay-gradient":""},"mobile":{"background-color":"var(--ast-global-color-5)","background-image":"","background-repeat":"repeat","background-position":"center center","background-size":"auto","background-attachment":"scroll","background-type":"","background-media":"","overlay-type":"","overlay-color":"","overlay-opacity":"","overlay-gradient":""}},"footnotes":""},"categories":[1],"tags":[686,30,2607,362,2179,1166,2606],"class_list":["post-9186","post","type-post","status-publish","format-standard","hentry","category-sin-categoria","tag-cambiemos","tag-daniel-scioli","tag-denuncia-penal","tag-elisa-carrio","tag-inundaciones-buenos-aires","tag-karina-rabolini","tag-laura-alonso"],"spectra_blocks_featured_image_url":null,"spectra_blocks_author_info":{"display_name":"Facundo Novillo","avatar_url":"https:\/\/secure.gravatar.com\/avatar\/09745bc65ce6bf84291d6515d5f759c04b4fce4f329b8a975a8ac2982b552d3e?s=96&d=mm&r=g","author_link":"https:\/\/100xd.com.ar\/es\/author\/facundo\/","description":""},"_links":{"self":[{"href":"https:\/\/100xd.com.ar\/es\/wp-json\/wp\/v2\/posts\/9186","targetHints":{"allow":["GET"]}}],"collection":[{"href":"https:\/\/100xd.com.ar\/es\/wp-json\/wp\/v2\/posts"}],"about":[{"href":"https:\/\/100xd.com.ar\/es\/wp-json\/wp\/v2\/types\/post"}],"author":[{"embeddable":true,"href":"https:\/\/100xd.com.ar\/es\/wp-json\/wp\/v2\/users\/4"}],"replies":[{"embeddable":true,"href":"https:\/\/100xd.com.ar\/es\/wp-json\/wp\/v2\/comments?post=9186"}],"version-history":[{"count":1,"href":"https:\/\/100xd.com.ar\/es\/wp-json\/wp\/v2\/posts\/9186\/revisions"}],"predecessor-version":[{"id":9188,"href":"https:\/\/100xd.com.ar\/es\/wp-json\/wp\/v2\/posts\/9186\/revisions\/9188"}],"wp:attachment":[{"href":"https:\/\/100xd.com.ar\/es\/wp-json\/wp\/v2\/media?parent=9186"}],"wp:term":[{"taxonomy":"category","embeddable":true,"href":"https:\/\/100xd.com.ar\/es\/wp-json\/wp\/v2\/categories?post=9186"},{"taxonomy":"post_tag","embeddable":true,"href":"https:\/\/100xd.com.ar\/es\/wp-json\/wp\/v2\/tags?post=9186"}],"curies":[{"name":"wp","href":"https:\/\/api.w.org\/{rel}","templated":true}]}}