{"id":91851,"date":"2023-11-20T11:36:48","date_gmt":"2023-11-20T14:36:48","guid":{"rendered":"https:\/\/100xd.com.ar\/?p=91851"},"modified":"2023-11-20T11:36:48","modified_gmt":"2023-11-20T14:36:48","slug":"milei-revelo-detalles-de-su-charla-con-alberto-fernandez-y-critico-un-posible-pedido-de-licencia-de-massa-es-una-irresponsabilida","status":"publish","type":"post","link":"https:\/\/100xd.com.ar\/es\/milei-revelo-detalles-de-su-charla-con-alberto-fernandez-y-critico-un-posible-pedido-de-licencia-de-massa-es-una-irresponsabilida\/","title":{"rendered":"Milei revel\u00f3 detalles de su charla con Alberto Fern\u00e1ndez y critic\u00f3 un posible pedido de licencia de Massa: \u201cEs una irresponsabilida"},"content":{"rendered":"<p class=\"wp-block-paragraph\">El presidente electo,&nbsp;<strong>Javier Milei<\/strong>, confirm\u00f3 hoy que comenzar\u00e1 la transici\u00f3n de poder con&nbsp;<strong>Alberto Fern\u00e1ndez<\/strong>&nbsp;y revel\u00f3 detalles de&nbsp;<a rel=\"noreferrer noopener\" href=\"https:\/\/www.infobae.com\/politica\/2023\/11\/19\/la-transicion-de-gobierno-sera-entre-alberto-fernandez-y-javier-milei\/\" target=\"_blank\">su charla con el Presidente<\/a>, anoche, luego de la confirmaci\u00f3n de su triunfo en el balotaje. Adem\u00e1s, critic\u00f3&nbsp;<a rel=\"noreferrer noopener\" href=\"https:\/\/www.infobae.com\/politica\/2023\/11\/20\/sergio-massa-pedira-licencia-para-facilitar-la-transicion-entre-javier-milei-y-alberto-fernandez\/\" target=\"_blank\">un posible pedido de licencia de&nbsp;<strong>Sergio Massa<\/strong><\/a>&nbsp;como ministro de Econom\u00eda y se\u00f1al\u00f3 que ser\u00eda \u201cuna irresponsabilidad enorme\u201d.<\/p>\n\n\n\n<figure data-spectra-id=\"spectra-7ae2ea72-5edf-4720-a0b1-55a322954c71\" class=\"wp-block-image\"><img decoding=\"async\" src=\"https:\/\/www.infobae.com\/new-resizer\/wl8Ao8W9hIJwLBVHLQzGYqY35-o=\/265x149\/filters:format(webp):quality(85)\/cloudfront-us-east-1.images.arcpublishing.com\/infobae\/FNH2TRTJ2ZCW5FNX5HZOIDIDIE.jpg%20265w\" alt=\"FNH2TRTJ2ZCW5FNX5HZOIDIDIE\" title=\"Milei revel\u00f3 detalles de su charla con Alberto Fern\u00e1ndez y critic\u00f3 un posible pedido de licencia de Massa: \u201cEs una irresponsabilida\" \/><\/figure>\n\n\n\n<p class=\"wp-block-paragraph\">Te puede interesar:<strong>Luis Barrionuevo volvi\u00f3 a brindarle su apoyo a Javier Milei: \u201cEstaremos para ayudar y acompa\u00f1ar\u201d<\/strong><\/p>\n\n\n\n<p class=\"wp-block-paragraph\">\u201cTuvimos una charla (con Alberto Fern\u00e1ndez), en la cual me felicit\u00f3; me invit\u00f3 a que tengamos una reuni\u00f3n para que la transici\u00f3n sea ordenada y minimizar as\u00ed los da\u00f1os en la poblaci\u00f3n por lo que est\u00e1 pasando en los mercados\u201d, indic\u00f3 en di\u00e1logo con radio&nbsp;<em>Continental<\/em>.PUBLICIDAD<\/p>\n\n\n\n<p class=\"wp-block-paragraph\">Con relaci\u00f3n a Massa, consider\u00f3 que ser\u00eda \u201c<strong>una irresponsabilidad enorme frente a la delicada situaci\u00f3n macroecon\u00f3mica borrarse<\/strong>\u201d, y a\u00f1adi\u00f3 que \u201cdeber\u00eda hacerse cargo del desastre que ha hecho en el plano fiscal, monetario, los precios, actividad y deuda\u201d. \u201cNo es un acto muy maduro, institucionalmente despu\u00e9s de todos los desastres causados por el gobierno echarle la culpa al que sigue, es verdaderamente una cosa incre\u00edble\u201d, complet\u00f3.<img loading=\"lazy\" decoding=\"async\" alt=\"El presidente electo junto a los militantes de La Libertad Avanza (EFE)\" height=\"4000\" width=\"6000\" src=\"https:\/\/www.infobae.com\/new-resizer\/zsebDo2e2fjEJm1u62-WwJZXQt4=\/420x280\/filters:format(webp):quality(85)\/cloudfront-us-east-1.images.arcpublishing.com\/infobae\/G6AYTXPPY5ELBOPZDN5B75HRDQ.jpg%20420w\" srcset=\"https:\/\/www.infobae.com\/new-resizer\/zsebDo2e2fjEJm1u62-WwJZXQt4=\/420x280\/filters:format(webp):quality(85)\/cloudfront-us-east-1.images.arcpublishing.com\/infobae\/G6AYTXPPY5ELBOPZDN5B75HRDQ.jpg 420w,https:\/\/www.infobae.com\/new-resizer\/C3V618UylMf-_VHfHFU6_d_I2Ck=\/768x512\/filters:format(webp):quality(85)\/cloudfront-us-east-1.images.arcpublishing.com\/infobae\/G6AYTXPPY5ELBOPZDN5B75HRDQ.jpg 768w,https:\/\/www.infobae.com\/new-resizer\/LFPy-Z-53A-IZHkPl2BOPYf3k3o=\/992x661\/filters:format(webp):quality(85)\/cloudfront-us-east-1.images.arcpublishing.com\/infobae\/G6AYTXPPY5ELBOPZDN5B75HRDQ.jpg 992w,https:\/\/www.infobae.com\/new-resizer\/dpNTYceXtuRgqERYkrbVLVB8H7U=\/1200x800\/filters:format(webp):quality(85)\/cloudfront-us-east-1.images.arcpublishing.com\/infobae\/G6AYTXPPY5ELBOPZDN5B75HRDQ.jpg 1200w,https:\/\/www.infobae.com\/new-resizer\/lGyx1Jf5Pjsuex3rGxnOlCzNKsc=\/1440x960\/filters:format(webp):quality(85)\/cloudfront-us-east-1.images.arcpublishing.com\/infobae\/G6AYTXPPY5ELBOPZDN5B75HRDQ.jpg 1440w\" title=\"Milei revel\u00f3 detalles de su charla con Alberto Fern\u00e1ndez y critic\u00f3 un posible pedido de licencia de Massa: \u201cEs una irresponsabilida\">El presidente electo junto a los militantes de La Libertad Avanza (EFE)<\/p>\n\n\n\n<p class=\"wp-block-paragraph\">Por otro lado, adelant\u00f3 tambi\u00e9n que al momento de asumir, el pr\u00f3ximo 10 de diciembre, presentar\u00e1 un diagn\u00f3stico sobre la situaci\u00f3n del pa\u00eds: \u201cVamos a ser muy expl\u00edcitos respecto de lo que es la herencia; les vamos a contar a los argentinos con lujo de detalles el desastre que deja plantado este Gobierno que, encima, ni siquiera da la cara de hacerse cargo por los da\u00f1os causados\u201d.<a href=\"https:\/\/www.infobae.com\/politica\/2023\/11\/17\/la-campana-llego-a-su-fin-agotamiento-apuestas-a-fantasmas-y-el-olvido-del-tema-mas-grave-de-la-crisis\/\" rel=\"noreferrer noopener\" target=\"_blank\">Te puede interesar:<strong>La campa\u00f1a lleg\u00f3 a su fin: agotamiento, la estrategia del miedo y el olvido del tema m\u00e1s grave de la crisis<\/strong><\/a><\/p>\n\n\n\n<p class=\"wp-block-paragraph\">Consultado sobre el nombre de su futuro ministro de Econom\u00eda, Milei asegur\u00f3: \u201cPrefiero todav\u00eda no darlo porque la estrategia de desgaste por parte del actual gobierno respecto a su sucesor, al cual le echa la culpa por las aberraciones causadas por ellos mismos, es de una canallada nunca vista\u201d. \u201cYo no voy a ser ministro de Econom\u00eda de mi propio gobierno, pero soy economista y me hice popular siendo economista, la gente est\u00e1 harta de la inflaci\u00f3n, quiere que termine y eligi\u00f3 su primer presidente economista de la historia\u201d, agreg\u00f3.<\/p>\n\n\n\n<p class=\"wp-block-paragraph\">En otro pasaje del reportaje, analiz\u00f3 el resultado contundente del balotaje: \u201cHay un verdadero despertar a las ideas de la libertad. Afortunadamente, los argentinos han tomado conciencia del valor de la libertad y por suerte la esperanza le gan\u00f3 al miedo. Fuimos el \u00fanico espacio que present\u00f3 una idea de gobierno concreta. Tenemos trabajando un equipo en la sombra y no es que nosotros no hemos presentado las cosas, sino que fueron tergiversadas todo el tiempo, se hizo campa\u00f1a del miedo, yo he sido v\u00edctima de la campa\u00f1a m\u00e1s sucia de la historia de la humanidad\u201d.<img loading=\"lazy\" decoding=\"async\" alt=\"Javier Milei iniciar\u00e1 la transici\u00f3n pol\u00edtica con el presidente Alberto Fern\u00e1ndez en el d\u00eda de hoy\" height=\"1806\" width=\"2709\" src=\"https:\/\/www.infobae.com\/new-resizer\/fRdU6vwriecGGqFhkTqC9rwdrQ0=\/420x280\/filters:format(webp):quality(85)\/cloudfront-us-east-1.images.arcpublishing.com\/infobae\/TJRBQUNHCZH6PPLYJ3HFEECWYI.jpg%20420w\" srcset=\"https:\/\/www.infobae.com\/new-resizer\/fRdU6vwriecGGqFhkTqC9rwdrQ0=\/420x280\/filters:format(webp):quality(85)\/cloudfront-us-east-1.images.arcpublishing.com\/infobae\/TJRBQUNHCZH6PPLYJ3HFEECWYI.jpg 420w,https:\/\/www.infobae.com\/new-resizer\/Q4gajUMAoLbVa_yMDXLuI5pBQN4=\/768x512\/filters:format(webp):quality(85)\/cloudfront-us-east-1.images.arcpublishing.com\/infobae\/TJRBQUNHCZH6PPLYJ3HFEECWYI.jpg 768w,https:\/\/www.infobae.com\/new-resizer\/sRiupmxiKxF5g_wn_kYELum39Oc=\/992x661\/filters:format(webp):quality(85)\/cloudfront-us-east-1.images.arcpublishing.com\/infobae\/TJRBQUNHCZH6PPLYJ3HFEECWYI.jpg 992w,https:\/\/www.infobae.com\/new-resizer\/IdxLZCwKVFLLhe3FHemNscOh_GM=\/1200x800\/filters:format(webp):quality(85)\/cloudfront-us-east-1.images.arcpublishing.com\/infobae\/TJRBQUNHCZH6PPLYJ3HFEECWYI.jpg 1200w,https:\/\/www.infobae.com\/new-resizer\/RpKgaytu8Awb4YEu29W3eNi3vYg=\/1440x960\/filters:format(webp):quality(85)\/cloudfront-us-east-1.images.arcpublishing.com\/infobae\/TJRBQUNHCZH6PPLYJ3HFEECWYI.jpg 1440w\" title=\"Milei revel\u00f3 detalles de su charla con Alberto Fern\u00e1ndez y critic\u00f3 un posible pedido de licencia de Massa: \u201cEs una irresponsabilida\">Javier Milei iniciar\u00e1 la transici\u00f3n pol\u00edtica con el presidente Alberto Fern\u00e1ndez en el d\u00eda de hoy<\/p>\n\n\n\n<p class=\"wp-block-paragraph\">Sobre la etapa que se abre en el pa\u00eds desde el d\u00eda de hoy, sobre todo con relaci\u00f3n a la transici\u00f3n pol\u00edtica, asegur\u00f3 que el \u201ceje central\u201d ser\u00e1 \u201c<strong>minimizar el da\u00f1o sobre la sociedad<\/strong>; el ajuste inexorablemente hay que hacerlo, la gran diferencia es que la casta pol\u00edtica siempre decid\u00eda que lo pague la gente y nosotros decimos que lo va a tener que pagar la casta pol\u00edtica con sus socios\u201d.<\/p>\n\n\n\n<p class=\"wp-block-paragraph\">En esta l\u00ednea, adelant\u00f3 que en las pr\u00f3ximas horas su equipo de futuros funcionarios se reunir\u00e1 con representantes de Econom\u00eda y del Banco Central.<a href=\"https:\/\/www.infobae.com\/politica\/2023\/11\/17\/al-filo-de-la-veda-javier-milei-volvio-a-pedir-cuidar-los-votos-y-dijo-que-el-oficialismo-esta-dispuesto-a-todo\/\" rel=\"noreferrer noopener\" target=\"_blank\">Te puede interesar:<strong>Al filo de la veda, Javier Milei volvi\u00f3 a pedir \u201ccuidar los votos\u201d y dijo que el oficialismo est\u00e1 \u201cdispuesto a todo\u201d<\/strong><\/a><\/p>\n\n\n\n<p class=\"wp-block-paragraph\">A su vez, se refiri\u00f3 a posibles situaciones de conflicto social por eventuales protestas a las pol\u00edticas libertarias. \u201cNosotros vamos a gobernar con la ley, ac\u00e1 la ley se cumple y los que quieren sostener sus privilegios con m\u00e9todos violentos no van a tener los privilegios y si est\u00e1n fuera de la ley recibir\u00e1n las penas pertinentes\u201d, expres\u00f3.<\/p>\n\n\n\n<p class=\"wp-block-paragraph\">Fuente: <a href=\"https:\/\/www.infobae.com\/?noredirect\">Infobae.com<\/a><\/p>","protected":false},"excerpt":{"rendered":"<p>El presidente electo,&nbsp;Javier Milei, confirm\u00f3 hoy que comenzar\u00e1 la transici\u00f3n de poder con&nbsp;Alberto Fern\u00e1ndez&nbsp;y revel\u00f3 detalles de&nbsp;su charla con el Presidente, anoche, luego de la confirmaci\u00f3n de su triunfo en el balotaje. Adem\u00e1s, critic\u00f3&nbsp;un posible pedido de licencia de&nbsp;Sergio Massa&nbsp;como ministro de Econom\u00eda y se\u00f1al\u00f3 que ser\u00eda \u201cuna irresponsabilidad enorme\u201d. Te puede interesar:Luis Barrionuevo volvi\u00f3 [&hellip;]<\/p>\n","protected":false},"author":9,"featured_media":0,"comment_status":"open","ping_status":"open","sticky":false,"template":"","format":"standard","meta":{"site-sidebar-layout":"default","site-content-layout":"","ast-site-content-layout":"default","site-content-style":"default","site-sidebar-style":"default","ast-global-header-display":"","ast-banner-title-visibility":"","ast-main-header-display":"","ast-hfb-above-header-display":"","ast-hfb-below-header-display":"","ast-hfb-mobile-header-display":"","site-post-title":"","ast-breadcrumbs-content":"","ast-featured-img":"","footer-sml-layout":"","ast-disable-related-posts":"","theme-transparent-header-meta":"","adv-header-id-meta":"","stick-header-meta":"","header-above-stick-meta":"","header-main-stick-meta":"","header-below-stick-meta":"","astra-migrate-meta-layouts":"default","ast-page-background-enabled":"default","ast-page-background-meta":{"desktop":{"background-color":"","background-image":"","background-repeat":"repeat","background-position":"center center","background-size":"auto","background-attachment":"scroll","background-type":"","background-media":"","overlay-type":"","overlay-color":"","overlay-opacity":"","overlay-gradient":""},"tablet":{"background-color":"","background-image":"","background-repeat":"repeat","background-position":"center center","background-size":"auto","background-attachment":"scroll","background-type":"","background-media":"","overlay-type":"","overlay-color":"","overlay-opacity":"","overlay-gradient":""},"mobile":{"background-color":"","background-image":"","background-repeat":"repeat","background-position":"center center","background-size":"auto","background-attachment":"scroll","background-type":"","background-media":"","overlay-type":"","overlay-color":"","overlay-opacity":"","overlay-gradient":""}},"ast-content-background-meta":{"desktop":{"background-color":"var(--ast-global-color-5)","background-image":"","background-repeat":"repeat","background-position":"center center","background-size":"auto","background-attachment":"scroll","background-type":"","background-media":"","overlay-type":"","overlay-color":"","overlay-opacity":"","overlay-gradient":""},"tablet":{"background-color":"var(--ast-global-color-5)","background-image":"","background-repeat":"repeat","background-position":"center center","background-size":"auto","background-attachment":"scroll","background-type":"","background-media":"","overlay-type":"","overlay-color":"","overlay-opacity":"","overlay-gradient":""},"mobile":{"background-color":"var(--ast-global-color-5)","background-image":"","background-repeat":"repeat","background-position":"center center","background-size":"auto","background-attachment":"scroll","background-type":"","background-media":"","overlay-type":"","overlay-color":"","overlay-opacity":"","overlay-gradient":""}},"footnotes":""},"categories":[2],"tags":[],"class_list":["post-91851","post","type-post","status-publish","format-standard","hentry","category-politica"],"spectra_blocks_featured_image_url":null,"spectra_blocks_author_info":{"display_name":"Jorge Alfredo Baret","avatar_url":"https:\/\/secure.gravatar.com\/avatar\/31696f5ca83439b642450ec7d3f82f98451a5efacb414343d5478c982b337f26?s=96&d=mm&r=g","author_link":"https:\/\/100xd.com.ar\/es\/author\/jorge\/","description":"Ingeniero Qu\u00edmico UTN - Director Apoderado de Comunicaciones Auditadas SA. Editor Responsable 100xd.com.ar."},"_links":{"self":[{"href":"https:\/\/100xd.com.ar\/es\/wp-json\/wp\/v2\/posts\/91851","targetHints":{"allow":["GET"]}}],"collection":[{"href":"https:\/\/100xd.com.ar\/es\/wp-json\/wp\/v2\/posts"}],"about":[{"href":"https:\/\/100xd.com.ar\/es\/wp-json\/wp\/v2\/types\/post"}],"author":[{"embeddable":true,"href":"https:\/\/100xd.com.ar\/es\/wp-json\/wp\/v2\/users\/9"}],"replies":[{"embeddable":true,"href":"https:\/\/100xd.com.ar\/es\/wp-json\/wp\/v2\/comments?post=91851"}],"version-history":[{"count":1,"href":"https:\/\/100xd.com.ar\/es\/wp-json\/wp\/v2\/posts\/91851\/revisions"}],"predecessor-version":[{"id":91853,"href":"https:\/\/100xd.com.ar\/es\/wp-json\/wp\/v2\/posts\/91851\/revisions\/91853"}],"wp:attachment":[{"href":"https:\/\/100xd.com.ar\/es\/wp-json\/wp\/v2\/media?parent=91851"}],"wp:term":[{"taxonomy":"category","embeddable":true,"href":"https:\/\/100xd.com.ar\/es\/wp-json\/wp\/v2\/categories?post=91851"},{"taxonomy":"post_tag","embeddable":true,"href":"https:\/\/100xd.com.ar\/es\/wp-json\/wp\/v2\/tags?post=91851"}],"curies":[{"name":"wp","href":"https:\/\/api.w.org\/{rel}","templated":true}]}}