{"id":91463,"date":"2023-11-12T11:06:24","date_gmt":"2023-11-12T14:06:24","guid":{"rendered":"https:\/\/100xd.com.ar\/?p=91463"},"modified":"2023-11-12T11:06:24","modified_gmt":"2023-11-12T14:06:24","slug":"a-horas-del-debate-javier-milei-anticipo-los-ejes-a-los-que-apuntara","status":"publish","type":"post","link":"https:\/\/100xd.com.ar\/es\/a-horas-del-debate-javier-milei-anticipo-los-ejes-a-los-que-apuntara\/","title":{"rendered":"A horas del debate, Javier Milei anticip\u00f3 los ejes a los que apuntar\u00e1"},"content":{"rendered":"<p class=\"wp-block-paragraph\">A horas del debate presidencial en el que se enfrentar\u00e1 con&nbsp;<a href=\"https:\/\/twitter.com\/SergioMassa\" target=\"_blank\" rel=\"noreferrer noopener\"><strong>Sergio Massa<\/strong><\/a>, el candidato presidencial por La Libertad Avanza,&nbsp;<a href=\"https:\/\/twitter.com\/JMilei\" target=\"_blank\" rel=\"noreferrer noopener\"><strong>Javier Milei<\/strong><\/a>, anticip\u00f3 cu\u00e1les ser\u00e1n los principales ejes de su discurso a trav\u00e9s de su cuenta de Twitter.<\/p>\n\n\n\n<p class=\"wp-block-paragraph\">&#8220;MIEDO VS ESPERANZA .Todas las corporaciones nefastas de la Argentina que se han beneficiado como par\u00e1sitos del esfuerzo de los argentinos est\u00e1n en contra nuestro. Quieren asustar a la poblaci\u00f3n. Quieren infundir miedo. Porque el miedo paraliza. Y si te quedas quieto nada cambia&#8221;, sostuvo&nbsp;<strong>Milei<\/strong>&nbsp;en su cuenta de Twitter, apuntando nuevamente contra la &#8220;campa\u00f1a del miedo&#8221; del Gobierno.<\/p>\n\n\n\n<p class=\"wp-block-paragraph\">&#8220;Seguiremos presos de este sistema donde unos pocos se benefician mientras el resto cada d\u00eda somos m\u00e1s pobres. La elecci\u00f3n es f\u00e1cil. Podes caer preso del miedo que Massa, el gobierno y toda la banda de corruptos que hundieron el pa\u00eds te plantea; o pod\u00e9s abrazarte a la esperanza de hacer una Argentina distinta&#8221;, agreg\u00f3&nbsp;<strong>Milei<\/strong>.<strong>TE PODR\u00cdA INTERESAR<\/strong><\/p>\n\n\n\n<ul class=\"wp-block-list\"><li><a href=\"https:\/\/www.mdzol.com\/sociedad\/2023\/11\/12\/brutal-agresion-contra-una-militante-de-lla-que-repartia-boletas-de-javier-milei-383373.html\">Brutal agresi\u00f3n contra una militante de LLA que repart\u00eda boletas de Javier Milei<\/a><\/li><li><a href=\"https:\/\/www.mdzol.com\/politica\/2023\/11\/11\/debate-presidencial-como-se-prepara-en-que-temas-se-enfocara-javier-milei-383337.html\">Debate presidencial: c\u00f3mo se prepara y en qu\u00e9 temas se enfocar\u00e1 Javier Milei<\/a><\/li><\/ul>\n\n\n\n<figure data-spectra-id=\"spectra-adac7967-1e62-4bf2-a78d-14f0c3973a3b\" class=\"wp-block-image\"><img decoding=\"async\" src=\"https:\/\/www.mdzol.com\/u\/fotografias\/m\/2023\/11\/12\/f768x1-1506025_1506152_48.png\" alt=\"F768x1 1506025 1506152 48\" title=\"A horas del debate, Javier Milei anticip\u00f3 los ejes a los que apuntar\u00e1\" \/><figcaption>El mensaje de Milei anticipando<\/figcaption><\/figure>\n\n\n\n<p class=\"wp-block-paragraph\">Y complet\u00f3: &#8220;No podemos seguir haciendo lo mismo y esperar resultados distintos. Que la esperanza le gane al miedo.&nbsp;VLLC !!!&#8221;.<\/p>\n\n\n\n<p class=\"wp-block-paragraph\">Desde el entorno del candidato liberal mantienen cierto hermetismo con respecto a c\u00f3mo se prepara para el&nbsp;debate.&nbsp;Lo que s\u00ed se sabe es que suspendi\u00f3 el acto en Parque Lezama&nbsp;para no distraerse del objetivo&nbsp;y que est\u00e1 concentrado en el Hotel Libertador junto con sus asesores Nicol\u00e1s Posse y Santiago&nbsp;Caputo.&nbsp;<\/p>\n\n\n\n<p class=\"wp-block-paragraph\">Los bloques del debate se dividen en dos, con tres ejes tem\u00e1ticos cada uno y&nbsp;con una tanda publicitaria al final de cada uno. Los ejes se fragmentan en:&nbsp;<\/p>\n\n\n\n<ul class=\"wp-block-list\"><li>Econom\u00eda&nbsp;<\/li><li>Relaciones de Argentina con el mundo (reemplaz\u00f3 a Desarrollo humano, vivienda y protecci\u00f3n del ambiente).&nbsp;<\/li><li>Educaci\u00f3n y Salud&nbsp;<\/li><li>Producci\u00f3n y Trabajo&nbsp;<\/li><li>Seguridad&nbsp;<\/li><li>Derechos Humanos y Convivencia Democr\u00e1tica&nbsp;<\/li><\/ul>\n\n\n\n<p class=\"wp-block-paragraph\">Cada eje tem\u00e1tico tendr\u00e1 12 minutos de duraci\u00f3n y para el cierre ambos candidatos podr\u00e1n exponer un discurso final.\u00a0\u00a0Cada uno tendr\u00e1 hasta seis minutos para hablar de cada eje, pero no podr\u00e1 hacerlo durante m\u00e1s de dos minutos seguidos, pudiendo interrumpir en cualquier momento al otro expositor.<\/p>\n\n\n\n<p class=\"wp-block-paragraph\">Fuente:<a href=\"https:\/\/www.mdzol.com\/\"> Mendoza online<\/a><\/p>","protected":false},"excerpt":{"rendered":"<p>A horas del debate presidencial en el que se enfrentar\u00e1 con&nbsp;Sergio Massa, el candidato presidencial por La Libertad Avanza,&nbsp;Javier Milei, anticip\u00f3 cu\u00e1les ser\u00e1n los principales ejes de su discurso a trav\u00e9s de su cuenta de Twitter. &#8220;MIEDO VS ESPERANZA .Todas las corporaciones nefastas de la Argentina que se han beneficiado como par\u00e1sitos del esfuerzo de [&hellip;]<\/p>\n","protected":false},"author":9,"featured_media":0,"comment_status":"open","ping_status":"open","sticky":false,"template":"","format":"standard","meta":{"site-sidebar-layout":"default","site-content-layout":"","ast-site-content-layout":"default","site-content-style":"default","site-sidebar-style":"default","ast-global-header-display":"","ast-banner-title-visibility":"","ast-main-header-display":"","ast-hfb-above-header-display":"","ast-hfb-below-header-display":"","ast-hfb-mobile-header-display":"","site-post-title":"","ast-breadcrumbs-content":"","ast-featured-img":"","footer-sml-layout":"","ast-disable-related-posts":"","theme-transparent-header-meta":"","adv-header-id-meta":"","stick-header-meta":"","header-above-stick-meta":"","header-main-stick-meta":"","header-below-stick-meta":"","astra-migrate-meta-layouts":"default","ast-page-background-enabled":"default","ast-page-background-meta":{"desktop":{"background-color":"","background-image":"","background-repeat":"repeat","background-position":"center center","background-size":"auto","background-attachment":"scroll","background-type":"","background-media":"","overlay-type":"","overlay-color":"","overlay-opacity":"","overlay-gradient":""},"tablet":{"background-color":"","background-image":"","background-repeat":"repeat","background-position":"center center","background-size":"auto","background-attachment":"scroll","background-type":"","background-media":"","overlay-type":"","overlay-color":"","overlay-opacity":"","overlay-gradient":""},"mobile":{"background-color":"","background-image":"","background-repeat":"repeat","background-position":"center center","background-size":"auto","background-attachment":"scroll","background-type":"","background-media":"","overlay-type":"","overlay-color":"","overlay-opacity":"","overlay-gradient":""}},"ast-content-background-meta":{"desktop":{"background-color":"var(--ast-global-color-5)","background-image":"","background-repeat":"repeat","background-position":"center center","background-size":"auto","background-attachment":"scroll","background-type":"","background-media":"","overlay-type":"","overlay-color":"","overlay-opacity":"","overlay-gradient":""},"tablet":{"background-color":"var(--ast-global-color-5)","background-image":"","background-repeat":"repeat","background-position":"center center","background-size":"auto","background-attachment":"scroll","background-type":"","background-media":"","overlay-type":"","overlay-color":"","overlay-opacity":"","overlay-gradient":""},"mobile":{"background-color":"var(--ast-global-color-5)","background-image":"","background-repeat":"repeat","background-position":"center center","background-size":"auto","background-attachment":"scroll","background-type":"","background-media":"","overlay-type":"","overlay-color":"","overlay-opacity":"","overlay-gradient":""}},"footnotes":""},"categories":[2],"tags":[],"class_list":["post-91463","post","type-post","status-publish","format-standard","hentry","category-politica"],"spectra_blocks_featured_image_url":null,"spectra_blocks_author_info":{"display_name":"Jorge Alfredo Baret","avatar_url":"https:\/\/secure.gravatar.com\/avatar\/31696f5ca83439b642450ec7d3f82f98451a5efacb414343d5478c982b337f26?s=96&d=mm&r=g","author_link":"https:\/\/100xd.com.ar\/es\/author\/jorge\/","description":"Ingeniero Qu\u00edmico UTN - Director Apoderado de Comunicaciones Auditadas SA. Editor Responsable 100xd.com.ar."},"_links":{"self":[{"href":"https:\/\/100xd.com.ar\/es\/wp-json\/wp\/v2\/posts\/91463","targetHints":{"allow":["GET"]}}],"collection":[{"href":"https:\/\/100xd.com.ar\/es\/wp-json\/wp\/v2\/posts"}],"about":[{"href":"https:\/\/100xd.com.ar\/es\/wp-json\/wp\/v2\/types\/post"}],"author":[{"embeddable":true,"href":"https:\/\/100xd.com.ar\/es\/wp-json\/wp\/v2\/users\/9"}],"replies":[{"embeddable":true,"href":"https:\/\/100xd.com.ar\/es\/wp-json\/wp\/v2\/comments?post=91463"}],"version-history":[{"count":1,"href":"https:\/\/100xd.com.ar\/es\/wp-json\/wp\/v2\/posts\/91463\/revisions"}],"predecessor-version":[{"id":91465,"href":"https:\/\/100xd.com.ar\/es\/wp-json\/wp\/v2\/posts\/91463\/revisions\/91465"}],"wp:attachment":[{"href":"https:\/\/100xd.com.ar\/es\/wp-json\/wp\/v2\/media?parent=91463"}],"wp:term":[{"taxonomy":"category","embeddable":true,"href":"https:\/\/100xd.com.ar\/es\/wp-json\/wp\/v2\/categories?post=91463"},{"taxonomy":"post_tag","embeddable":true,"href":"https:\/\/100xd.com.ar\/es\/wp-json\/wp\/v2\/tags?post=91463"}],"curies":[{"name":"wp","href":"https:\/\/api.w.org\/{rel}","templated":true}]}}