{"id":9129,"date":"2015-09-04T10:19:32","date_gmt":"2015-09-04T13:19:32","guid":{"rendered":"http:\/\/www.100xd.com.ar\/?p=9129"},"modified":"2015-09-04T18:32:38","modified_gmt":"2015-09-04T21:32:38","slug":"cristina-viajo-a-santa-cruz-para-encabezar-un-acto-en-rio-turbio","status":"publish","type":"post","link":"https:\/\/100xd.com.ar\/es\/cristina-viajo-a-santa-cruz-para-encabezar-un-acto-en-rio-turbio\/","title":{"rendered":"Cristina viaj\u00f3 a Santa Cruz para encabezar un acto en R\u00edo Turbio"},"content":{"rendered":"<p>El acto se llevar\u00e1 a cabo a partir de las 16, y la Presidenta estar\u00e1 acompa\u00f1ada por el intendente de R\u00edo Turbio, Mat\u00edas Horacio Maz\u00fa; el gobernador de la provincia, Daniel Peralta; el ministro de Planificaci\u00f3n Federal, Julio de Vido y otras autoridades, as\u00ed como representantes de la industria, la producci\u00f3n, dirigentes gremiales y sociales.<\/p>\n<p>Se trata de la usina m\u00e1s austral del mundo, que se extiende en un predio de 29 hect\u00e1reas y se alimentar\u00e1 con el carb\u00f3n de la mina local, generando electricidad para abastecer dos veces el consumo de esa provincia, y el objetivo es diversificar la matriz energ\u00e9tica, encontrar un uso estrat\u00e9gico para el recurso natural de la zona y reimpulsar el trabajo y el consumo de habitantes de la zona.<\/p>\n<p>La ciudad de R\u00edo Turbio se encuentra en la frontera con Chile y a pocos kil\u00f3metros del oc\u00e9ano Pac\u00edfico y a 260 kil\u00f3metros de R\u00edo Gallegos, y a partir del inicio de la construcci\u00f3n de la usina, en 2009, el pueblo tom\u00f3 un nuevo dinamismo, con la apertura de hospedajes, restaurantes y diversos comercios.<\/p>\n<p>El viento de la zona alcanza r\u00e1fagas de 170 kil\u00f3metros por hora, con temperaturas varios grados bajo cero durante el invierno.<\/p>\n<p>La nueva central tendr\u00e1 una capacidad para inyectar 240 megavatios a la red nacional el\u00e9ctrica, lo cual alcanza para cubrir la demanda de energ\u00eda de una poblaci\u00f3n de alrededor de 600 mil habitantes y su tecnolog\u00eda se encuentra entre las m\u00e1s desarrolladas del mundo en materia de producci\u00f3n el\u00e9ctrica a partir de carb\u00f3n, un recurso que genera el 40 por ciento de la energ\u00eda en el mundo.<\/p>\n<p>Se subray\u00f3 que la particularidad de la usina es que utiliza un sistema de calderas adaptadas para quemar el carb\u00f3n en estado puro (directo de la mina), cuando la mayor\u00eda de estos establecimientos trabajan con el mineral purificado (refinado y lavado), lo cual produce fuerte contaminaci\u00f3n de los r\u00edos.<\/p>\n<p>Se remarc\u00f3 que el gobierno nacional tom\u00f3 la decisi\u00f3n de emplear esta t\u00e9cnica de producci\u00f3n limpia, con el criterio de garantizar la sustentabilidad medioambiental de la zona y se indic\u00f3 que Alemania, Polonia, Espa\u00f1a y Chile son los \u00fanicos cuatro pa\u00edses del mundo que operan con esta clase de centrales.<\/p>\n<p>Otro punto importante es que el desecho de la usina ser\u00e1 una ceniza en forma de yeso, lo que puede comercializarse para la industria de la construcci\u00f3n.<\/p>\n<p>Asimismo, mantendr\u00e1 una videoconferencia con la provincia de Catamarca, con su gobernadora Liliana Corpacci y otras autoridades, para dejar habilitado oficialmente un tramo nuevo Ruta Nacional 40, entre El Eje y R\u00edo Las Cuevas, seg\u00fan se inform\u00f3 a trav\u00e9s de su Secretar\u00eda de Turismo de la provincia.<\/p>\n<p>Con Buenos Aires, mantendr\u00e1 dos videoconferencias: la primera con Avellaneda, donde dejar\u00e1 inaugurada una Casa Educativa Terap\u00e9utica (CET) del Sedronar en la Villa Tranquila; y otra en San Fernando, donde se presentar\u00e1 una nueva l\u00ednea de producci\u00f3n de la marca de chicles Beldent, seg\u00fan confirmaron fuentes oficiales.<\/p>","protected":false},"excerpt":{"rendered":"<p>El acto se llevar\u00e1 a cabo a partir de las 16, y la Presidenta estar\u00e1 acompa\u00f1ada por el intendente de R\u00edo Turbio, Mat\u00edas Horacio Maz\u00fa; el gobernador de la provincia, Daniel Peralta; el ministro de Planificaci\u00f3n Federal, Julio de Vido y otras autoridades, as\u00ed como representantes de la industria, la producci\u00f3n, dirigentes gremiales y sociales. [&hellip;]<\/p>\n","protected":false},"author":4,"featured_media":0,"comment_status":"open","ping_status":"open","sticky":false,"template":"","format":"standard","meta":{"site-sidebar-layout":"default","site-content-layout":"","ast-site-content-layout":"default","site-content-style":"default","site-sidebar-style":"default","ast-global-header-display":"","ast-banner-title-visibility":"","ast-main-header-display":"","ast-hfb-above-header-display":"","ast-hfb-below-header-display":"","ast-hfb-mobile-header-display":"","site-post-title":"","ast-breadcrumbs-content":"","ast-featured-img":"","footer-sml-layout":"","ast-disable-related-posts":"","theme-transparent-header-meta":"","adv-header-id-meta":"","stick-header-meta":"","header-above-stick-meta":"","header-main-stick-meta":"","header-below-stick-meta":"","astra-migrate-meta-layouts":"default","ast-page-background-enabled":"default","ast-page-background-meta":{"desktop":{"background-color":"","background-image":"","background-repeat":"repeat","background-position":"center center","background-size":"auto","background-attachment":"scroll","background-type":"","background-media":"","overlay-type":"","overlay-color":"","overlay-opacity":"","overlay-gradient":""},"tablet":{"background-color":"","background-image":"","background-repeat":"repeat","background-position":"center center","background-size":"auto","background-attachment":"scroll","background-type":"","background-media":"","overlay-type":"","overlay-color":"","overlay-opacity":"","overlay-gradient":""},"mobile":{"background-color":"","background-image":"","background-repeat":"repeat","background-position":"center center","background-size":"auto","background-attachment":"scroll","background-type":"","background-media":"","overlay-type":"","overlay-color":"","overlay-opacity":"","overlay-gradient":""}},"ast-content-background-meta":{"desktop":{"background-color":"var(--ast-global-color-5)","background-image":"","background-repeat":"repeat","background-position":"center center","background-size":"auto","background-attachment":"scroll","background-type":"","background-media":"","overlay-type":"","overlay-color":"","overlay-opacity":"","overlay-gradient":""},"tablet":{"background-color":"var(--ast-global-color-5)","background-image":"","background-repeat":"repeat","background-position":"center center","background-size":"auto","background-attachment":"scroll","background-type":"","background-media":"","overlay-type":"","overlay-color":"","overlay-opacity":"","overlay-gradient":""},"mobile":{"background-color":"var(--ast-global-color-5)","background-image":"","background-repeat":"repeat","background-position":"center center","background-size":"auto","background-attachment":"scroll","background-type":"","background-media":"","overlay-type":"","overlay-color":"","overlay-opacity":"","overlay-gradient":""}},"footnotes":""},"categories":[2],"tags":[172,493,2590,1381],"class_list":["post-9129","post","type-post","status-publish","format-standard","hentry","category-politica","tag-cfk","tag-cristina-fernandez-de-kirchner","tag-rio-turbio","tag-santa-cruz"],"spectra_blocks_featured_image_url":null,"spectra_blocks_author_info":{"display_name":"Facundo Novillo","avatar_url":"https:\/\/secure.gravatar.com\/avatar\/09745bc65ce6bf84291d6515d5f759c04b4fce4f329b8a975a8ac2982b552d3e?s=96&d=mm&r=g","author_link":"https:\/\/100xd.com.ar\/es\/author\/facundo\/","description":""},"_links":{"self":[{"href":"https:\/\/100xd.com.ar\/es\/wp-json\/wp\/v2\/posts\/9129","targetHints":{"allow":["GET"]}}],"collection":[{"href":"https:\/\/100xd.com.ar\/es\/wp-json\/wp\/v2\/posts"}],"about":[{"href":"https:\/\/100xd.com.ar\/es\/wp-json\/wp\/v2\/types\/post"}],"author":[{"embeddable":true,"href":"https:\/\/100xd.com.ar\/es\/wp-json\/wp\/v2\/users\/4"}],"replies":[{"embeddable":true,"href":"https:\/\/100xd.com.ar\/es\/wp-json\/wp\/v2\/comments?post=9129"}],"version-history":[{"count":1,"href":"https:\/\/100xd.com.ar\/es\/wp-json\/wp\/v2\/posts\/9129\/revisions"}],"predecessor-version":[{"id":9131,"href":"https:\/\/100xd.com.ar\/es\/wp-json\/wp\/v2\/posts\/9129\/revisions\/9131"}],"wp:attachment":[{"href":"https:\/\/100xd.com.ar\/es\/wp-json\/wp\/v2\/media?parent=9129"}],"wp:term":[{"taxonomy":"category","embeddable":true,"href":"https:\/\/100xd.com.ar\/es\/wp-json\/wp\/v2\/categories?post=9129"},{"taxonomy":"post_tag","embeddable":true,"href":"https:\/\/100xd.com.ar\/es\/wp-json\/wp\/v2\/tags?post=9129"}],"curies":[{"name":"wp","href":"https:\/\/api.w.org\/{rel}","templated":true}]}}