{"id":9126,"date":"2015-09-04T10:05:46","date_gmt":"2015-09-04T13:05:46","guid":{"rendered":"http:\/\/www.100xd.com.ar\/?p=9126"},"modified":"2015-09-05T10:18:55","modified_gmt":"2015-09-05T13:18:55","slug":"presentaran-un-nuevo-informe-sobre-el-cambio-climatico-en-la-argentina","status":"publish","type":"post","link":"https:\/\/100xd.com.ar\/es\/presentaran-un-nuevo-informe-sobre-el-cambio-climatico-en-la-argentina\/","title":{"rendered":"Presentar\u00e1n un nuevo informe sobre el cambio clim\u00e1tico en la Argentina"},"content":{"rendered":"<p>Los expertos del Panel Intergubernamental sobre el Cambio Clim\u00e1tico (IPCC) presentar\u00e1n ma\u00f1ana, a partir de las 9.30, en el Instituto Di Tella (Mi\u00f1ones 2159)\u00a0los resultados de su <a href=\"https:\/\/www.ipcc.ch\/report\/ar5\/index_es.shtml\" target=\"_blank\">Quinto Informe de Evaluaci\u00f3n (AR5)<\/a> y la forma de limitar y adaptarse al cambio clim\u00e1tico, en el marco de un encuentro organizado por la <a href=\"http:\/\/www.ambiente.gov.ar\/\" target=\"_blank\">Secretar\u00eda de Ambiente de Desarrollo Sustentable de la Naci\u00f3n<\/a>\u00a0que se extender\u00e1 hasta las 18.<\/p>\n<p>La apertura del evento estar\u00e1 a cargo del titular de la Secretar\u00eda, Sergio Lorusso, y contar\u00e1 con la presencia de profesionales y cient\u00edficos especializados en cuestiones ambientales.<\/p>\n<p>Daniel Perczyk, presidente de la Fundaci\u00f3n Torcuato Di Tella, explic\u00f3: &#8220;Se va a presentar el estado del conocimiento actual sobre cambio clim\u00e1tico. Fue preparado por m\u00e1s de 800 cient\u00edficos de 85 distintos pa\u00edses. Es un honor y un privilegio para nosotros poder contribuir a la difusi\u00f3n de este trascendental trabajo&#8221;.<\/p>\n<p>En tanto, Vicente Barros, profesor del Grupo de Trabajo II del IPCC, dijo que &#8220;el cambio clim\u00e1tico ya est\u00e1 teniendo impactos extendidos y observamos cambios en la disponibilidad de agua y en los caudales de los r\u00edos, en la degradaci\u00f3n de ecosistemas naturales, en la agricultura, y consecuencias en poblaciones ind\u00edgenas&#8221;.<\/p>\n<p>Ser\u00e1n oradores en ecuentro el co-presidente del Grupo de Trabajo III Ram\u00f3n Pichs Madruga (Cuba), los vicepresidentes del Grupo de Trabajo II Eduardo Calvo (Per\u00fa) y Jos\u00e9 Moreno (Espa\u00f1a) y la Co-Presidente del Grupo de Trabajo Especial sobre Inventarios Nacionales Thelma Krug (Brasil).\u00a0Tambi\u00e9n expondr\u00e1n los autores del IPCC Matilde Rusticucci (Argentina), In\u00e9s Camilloni (Argentina), Graciela Magr\u00edn (Argentina), Miguel Taboada (Argentina), Daniel Perczyk (Argentina), Gabriel Blanco (Argentina) Mariana Conte Grand (Argentina), Oswaldo Lucon (Brasil), Sebastian Vicu\u00f1a (Chile), y el Secretario Adjunto del IPCC Carlos Martin-Novella.<\/p>\n<p>(T\u00e9lam)<\/p>","protected":false},"excerpt":{"rendered":"<p>Los expertos del Panel Intergubernamental sobre el Cambio Clim\u00e1tico (IPCC) presentar\u00e1n ma\u00f1ana, a partir de las 9.30, en el Instituto Di Tella (Mi\u00f1ones 2159)\u00a0los resultados de su Quinto Informe de Evaluaci\u00f3n (AR5) y la forma de limitar y adaptarse al cambio clim\u00e1tico, en el marco de un encuentro organizado por la Secretar\u00eda de Ambiente de [&hellip;]<\/p>\n","protected":false},"author":4,"featured_media":0,"comment_status":"open","ping_status":"open","sticky":false,"template":"","format":"standard","meta":{"site-sidebar-layout":"default","site-content-layout":"","ast-site-content-layout":"default","site-content-style":"default","site-sidebar-style":"default","ast-global-header-display":"","ast-banner-title-visibility":"","ast-main-header-display":"","ast-hfb-above-header-display":"","ast-hfb-below-header-display":"","ast-hfb-mobile-header-display":"","site-post-title":"","ast-breadcrumbs-content":"","ast-featured-img":"","footer-sml-layout":"","ast-disable-related-posts":"","theme-transparent-header-meta":"","adv-header-id-meta":"","stick-header-meta":"","header-above-stick-meta":"","header-main-stick-meta":"","header-below-stick-meta":"","astra-migrate-meta-layouts":"default","ast-page-background-enabled":"default","ast-page-background-meta":{"desktop":{"background-color":"","background-image":"","background-repeat":"repeat","background-position":"center center","background-size":"auto","background-attachment":"scroll","background-type":"","background-media":"","overlay-type":"","overlay-color":"","overlay-opacity":"","overlay-gradient":""},"tablet":{"background-color":"","background-image":"","background-repeat":"repeat","background-position":"center center","background-size":"auto","background-attachment":"scroll","background-type":"","background-media":"","overlay-type":"","overlay-color":"","overlay-opacity":"","overlay-gradient":""},"mobile":{"background-color":"","background-image":"","background-repeat":"repeat","background-position":"center center","background-size":"auto","background-attachment":"scroll","background-type":"","background-media":"","overlay-type":"","overlay-color":"","overlay-opacity":"","overlay-gradient":""}},"ast-content-background-meta":{"desktop":{"background-color":"var(--ast-global-color-5)","background-image":"","background-repeat":"repeat","background-position":"center center","background-size":"auto","background-attachment":"scroll","background-type":"","background-media":"","overlay-type":"","overlay-color":"","overlay-opacity":"","overlay-gradient":""},"tablet":{"background-color":"var(--ast-global-color-5)","background-image":"","background-repeat":"repeat","background-position":"center center","background-size":"auto","background-attachment":"scroll","background-type":"","background-media":"","overlay-type":"","overlay-color":"","overlay-opacity":"","overlay-gradient":""},"mobile":{"background-color":"var(--ast-global-color-5)","background-image":"","background-repeat":"repeat","background-position":"center center","background-size":"auto","background-attachment":"scroll","background-type":"","background-media":"","overlay-type":"","overlay-color":"","overlay-opacity":"","overlay-gradient":""}},"footnotes":""},"categories":[4],"tags":[2589,648],"class_list":["post-9126","post","type-post","status-publish","format-standard","hentry","category-sociedad","tag-ambiente","tag-cambio-climatico"],"spectra_blocks_featured_image_url":null,"spectra_blocks_author_info":{"display_name":"Facundo Novillo","avatar_url":"https:\/\/secure.gravatar.com\/avatar\/09745bc65ce6bf84291d6515d5f759c04b4fce4f329b8a975a8ac2982b552d3e?s=96&d=mm&r=g","author_link":"https:\/\/100xd.com.ar\/es\/author\/facundo\/","description":""},"_links":{"self":[{"href":"https:\/\/100xd.com.ar\/es\/wp-json\/wp\/v2\/posts\/9126","targetHints":{"allow":["GET"]}}],"collection":[{"href":"https:\/\/100xd.com.ar\/es\/wp-json\/wp\/v2\/posts"}],"about":[{"href":"https:\/\/100xd.com.ar\/es\/wp-json\/wp\/v2\/types\/post"}],"author":[{"embeddable":true,"href":"https:\/\/100xd.com.ar\/es\/wp-json\/wp\/v2\/users\/4"}],"replies":[{"embeddable":true,"href":"https:\/\/100xd.com.ar\/es\/wp-json\/wp\/v2\/comments?post=9126"}],"version-history":[{"count":1,"href":"https:\/\/100xd.com.ar\/es\/wp-json\/wp\/v2\/posts\/9126\/revisions"}],"predecessor-version":[{"id":9128,"href":"https:\/\/100xd.com.ar\/es\/wp-json\/wp\/v2\/posts\/9126\/revisions\/9128"}],"wp:attachment":[{"href":"https:\/\/100xd.com.ar\/es\/wp-json\/wp\/v2\/media?parent=9126"}],"wp:term":[{"taxonomy":"category","embeddable":true,"href":"https:\/\/100xd.com.ar\/es\/wp-json\/wp\/v2\/categories?post=9126"},{"taxonomy":"post_tag","embeddable":true,"href":"https:\/\/100xd.com.ar\/es\/wp-json\/wp\/v2\/tags?post=9126"}],"curies":[{"name":"wp","href":"https:\/\/api.w.org\/{rel}","templated":true}]}}