{"id":9109,"date":"2015-09-04T08:57:32","date_gmt":"2015-09-04T11:57:32","guid":{"rendered":"http:\/\/www.100xd.com.ar\/?p=9109"},"modified":"2015-09-04T18:32:22","modified_gmt":"2015-09-04T21:32:22","slug":"a-un-ano-de-la-muerte-de-cerati-habra-un-concierto-homenaje-en-el-cck","status":"publish","type":"post","link":"https:\/\/100xd.com.ar\/es\/a-un-ano-de-la-muerte-de-cerati-habra-un-concierto-homenaje-en-el-cck\/","title":{"rendered":"A un a\u00f1o de la muerte de Cerati habr\u00e1 un concierto homenaje en el CCK"},"content":{"rendered":"<p class=\"first-paragraph\">Hoy se cumple un a\u00f1o de la muerte de Gustavo Cerati. El 4 de septiembre de 2014 un paro cardiorespiratorio le puso punto final a la presencia f\u00edsica de uno de los m\u00fasicos m\u00e1s extraordinarios de la Argentina, pero no a su m\u00fasica. Apenas pasaron las primeras horas de este viernes y en Twitter el hashtag #1A\u00f1oSinGustavoCerati es tendencia mundial.<\/p>\n<p>Aunque ya van cinco a\u00f1os y meses desde que Gustavo se descompens\u00f3 en Venezuela -y entonces comenzaron los cap\u00edtulos grises de una historia llena de colores- cuesta todav\u00eda creer que Cerati no est\u00e1.<\/p>\n<p>La agencia T\u00e9lam transmitir\u00e1 en vivo a trav\u00e9s de su sitio web <a href=\"http:\/\/www.telam.com.ar\" target=\"_blank\">www.telam.com.ar <\/a>\u201cLa alfombra m\u00e1gica de Cerati &#8211; Traves\u00edas orquestales\u201d, el homenaje musical a Gustavo Cerati que se realizar\u00e1 el viernes a las 21 en la sala La Ballena Azul del Centro Cultural Kirchner (CCK), el primero de una serie de eventos conjuntos entre la Agencia Nacional de Noticias y el Centro.<\/p>\n<p>Del evento participar\u00e1n los artistas Elena Roger, Lisandro Aristimu\u00f1o, Carlos Casella, Richard Coleman, Gepe, Leo Garc\u00eda, Lucio Mantel, Loli Molina, Leandro Fresco y Nicol\u00e1s Rainone.<\/p>\n<p>El recital, que podr\u00e1 verse en alta definici\u00f3n en el sitio de la Agencia, ser\u00e1 el primero de una serie de eventos conjuntos entre ambas instituciones para llevar a todos los rincones del pa\u00eds una programaci\u00f3n cultural de primera categor\u00eda.<\/p>\n<p>La propuesta continuar\u00e1 el s\u00e1bado 5 a las 21 con un concierto de Pedro Aznar, mientras que el domingo ser\u00e1 el turno de Chango Spasiuk, quien ofrecer\u00e1 un recital en La Ballena Azul junto con artistas invitados.<\/p>\n<p>https:\/\/www.youtube.com\/watch?v=pzrr0crKl74<\/p>","protected":false},"excerpt":{"rendered":"<p>Hoy se cumple un a\u00f1o de la muerte de Gustavo Cerati. El 4 de septiembre de 2014 un paro cardiorespiratorio le puso punto final a la presencia f\u00edsica de uno de los m\u00fasicos m\u00e1s extraordinarios de la Argentina, pero no a su m\u00fasica. Apenas pasaron las primeras horas de este viernes y en Twitter el [&hellip;]<\/p>\n","protected":false},"author":4,"featured_media":0,"comment_status":"open","ping_status":"open","sticky":false,"template":"","format":"standard","meta":{"site-sidebar-layout":"default","site-content-layout":"","ast-site-content-layout":"default","site-content-style":"default","site-sidebar-style":"default","ast-global-header-display":"","ast-banner-title-visibility":"","ast-main-header-display":"","ast-hfb-above-header-display":"","ast-hfb-below-header-display":"","ast-hfb-mobile-header-display":"","site-post-title":"","ast-breadcrumbs-content":"","ast-featured-img":"","footer-sml-layout":"","ast-disable-related-posts":"","theme-transparent-header-meta":"","adv-header-id-meta":"","stick-header-meta":"","header-above-stick-meta":"","header-main-stick-meta":"","header-below-stick-meta":"","astra-migrate-meta-layouts":"default","ast-page-background-enabled":"default","ast-page-background-meta":{"desktop":{"background-color":"","background-image":"","background-repeat":"repeat","background-position":"center center","background-size":"auto","background-attachment":"scroll","background-type":"","background-media":"","overlay-type":"","overlay-color":"","overlay-opacity":"","overlay-gradient":""},"tablet":{"background-color":"","background-image":"","background-repeat":"repeat","background-position":"center center","background-size":"auto","background-attachment":"scroll","background-type":"","background-media":"","overlay-type":"","overlay-color":"","overlay-opacity":"","overlay-gradient":""},"mobile":{"background-color":"","background-image":"","background-repeat":"repeat","background-position":"center center","background-size":"auto","background-attachment":"scroll","background-type":"","background-media":"","overlay-type":"","overlay-color":"","overlay-opacity":"","overlay-gradient":""}},"ast-content-background-meta":{"desktop":{"background-color":"var(--ast-global-color-5)","background-image":"","background-repeat":"repeat","background-position":"center center","background-size":"auto","background-attachment":"scroll","background-type":"","background-media":"","overlay-type":"","overlay-color":"","overlay-opacity":"","overlay-gradient":""},"tablet":{"background-color":"var(--ast-global-color-5)","background-image":"","background-repeat":"repeat","background-position":"center center","background-size":"auto","background-attachment":"scroll","background-type":"","background-media":"","overlay-type":"","overlay-color":"","overlay-opacity":"","overlay-gradient":""},"mobile":{"background-color":"var(--ast-global-color-5)","background-image":"","background-repeat":"repeat","background-position":"center center","background-size":"auto","background-attachment":"scroll","background-type":"","background-media":"","overlay-type":"","overlay-color":"","overlay-opacity":"","overlay-gradient":""}},"footnotes":""},"categories":[641],"tags":[2583,849,2090,777,507],"class_list":["post-9109","post","type-post","status-publish","format-standard","hentry","category-entretenimiento","tag-cck","tag-centro-cultural-kirchner","tag-cerati","tag-gustavo-cerati","tag-homenaje"],"spectra_blocks_featured_image_url":null,"spectra_blocks_author_info":{"display_name":"Facundo Novillo","avatar_url":"https:\/\/secure.gravatar.com\/avatar\/09745bc65ce6bf84291d6515d5f759c04b4fce4f329b8a975a8ac2982b552d3e?s=96&d=mm&r=g","author_link":"https:\/\/100xd.com.ar\/es\/author\/facundo\/","description":""},"_links":{"self":[{"href":"https:\/\/100xd.com.ar\/es\/wp-json\/wp\/v2\/posts\/9109","targetHints":{"allow":["GET"]}}],"collection":[{"href":"https:\/\/100xd.com.ar\/es\/wp-json\/wp\/v2\/posts"}],"about":[{"href":"https:\/\/100xd.com.ar\/es\/wp-json\/wp\/v2\/types\/post"}],"author":[{"embeddable":true,"href":"https:\/\/100xd.com.ar\/es\/wp-json\/wp\/v2\/users\/4"}],"replies":[{"embeddable":true,"href":"https:\/\/100xd.com.ar\/es\/wp-json\/wp\/v2\/comments?post=9109"}],"version-history":[{"count":1,"href":"https:\/\/100xd.com.ar\/es\/wp-json\/wp\/v2\/posts\/9109\/revisions"}],"predecessor-version":[{"id":9111,"href":"https:\/\/100xd.com.ar\/es\/wp-json\/wp\/v2\/posts\/9109\/revisions\/9111"}],"wp:attachment":[{"href":"https:\/\/100xd.com.ar\/es\/wp-json\/wp\/v2\/media?parent=9109"}],"wp:term":[{"taxonomy":"category","embeddable":true,"href":"https:\/\/100xd.com.ar\/es\/wp-json\/wp\/v2\/categories?post=9109"},{"taxonomy":"post_tag","embeddable":true,"href":"https:\/\/100xd.com.ar\/es\/wp-json\/wp\/v2\/tags?post=9109"}],"curies":[{"name":"wp","href":"https:\/\/api.w.org\/{rel}","templated":true}]}}