{"id":89844,"date":"2023-10-14T10:18:05","date_gmt":"2023-10-14T13:18:05","guid":{"rendered":"https:\/\/100xd.com.ar\/?p=89844"},"modified":"2023-10-14T10:18:05","modified_gmt":"2023-10-14T13:18:05","slug":"municipio-de-3-de-febrero-este-finde-tu-plan-esta-en-tu-barrio","status":"publish","type":"post","link":"https:\/\/100xd.com.ar\/es\/municipio-de-3-de-febrero-este-finde-tu-plan-esta-en-tu-barrio\/","title":{"rendered":"Municipio de 3 de Febrero: Este finde tu plan est\u00e1 en tu barrio"},"content":{"rendered":"<p class=\"wp-block-paragraph\">Este fin de semana disfrut\u00e1 el cumple de Tres de Febrero y compart\u00ed un grato momento junto a tu familia y amigos, para esto, preparamos diferentes eventos e iniciativas en el municipio.<\/p>\n\n\n\n<p class=\"wp-block-paragraph\">Te dejamos la lista de actividades que vas a encontrar desde el viernes 13 hasta el domingo 15 de octubre:<\/p>\n\n\n\n<ul class=\"wp-block-list\"><li><strong>Aniversario de Tres de Febrero<\/strong><\/li><\/ul>\n\n\n\n<p class=\"wp-block-paragraph\">Festejamos los 64 a\u00f1os de nuestro querido distrito con una fiesta imperdible en el Play\u00f3n Municipal de Caseros. Desde el viernes 13 hasta el domingo 15 de octubre, vas a disfrutar de grandes artistas invitados, una incre\u00edble feria de productores de alfajores artesanales, un patio de juegos para los m\u00e1s chicos y la mejor gastronom\u00eda de la zona. El s\u00e1bado 14 de octubre, desde las 21.30 h, el festival tendr\u00e1 la presencia de la aclamada banda \u00abTurf\u00bb, mientras que la jornada del domingo la cerrar\u00e1 \u00abHern\u00e1n y La Champions Liga\u00bb.<\/p>\n\n\n\n<ul class=\"wp-block-list\"><li><strong>Juntos al Barrio<\/strong><\/li><\/ul>\n\n\n\n<p class=\"wp-block-paragraph\">Una oportunidad para festejar lo mejor de tu barrio y compartir en comunidad. En esta ocasi\u00f3n, te esperamos el domingo 15 de octubre, desde las 16 h, en Ej\u00e9rcito de los Andes, entre la plaza del M\u00e1stl y el CAPS 11, para dsifrutar de un show exlusivo de La Sonora M\u00e1ster y un espect\u00e1culo imperdible de La Masa. Adem\u00e1s, habr\u00e1n actividades deportivas, gastronom\u00eda, el hospital veterinario y CAV M\u00f3vil.<\/p>\n\n\n\n<ul class=\"wp-block-list\"><li><strong>Agenda Cultural<\/strong><\/li><\/ul>\n\n\n\n<p class=\"wp-block-paragraph\">Nuestro equipo de artistas siempre est\u00e1 llevando a cabo diferentes muestras y exhibiciones para que los vecinos las recorran y conozcan el talento municipal. Encontr\u00e1 las propuestas de Agenda Abierta y otras iniciativas&nbsp;<a href=\"https:\/\/www.tresdefebrero.gov.ar\/cultura\/\"><strong>ac\u00e1<\/strong><\/a>.<\/p>\n\n\n\n<ul class=\"wp-block-list\"><li><strong>Cine Paramount<\/strong><\/li><\/ul>\n\n\n\n<p class=\"wp-block-paragraph\">Si prefer\u00eds ver una pel\u00edcula, te invitamos a pasar por el Cine Teatro Paramount. Adem\u00e1s de nuestras pel\u00edculas cl\u00e1sicas de cartelera, durante todo el mes de octubre vas a poder disfrutar del reestreno de cl\u00e1sicos de Disney en honor a sus 100 a\u00f1os. Esta semana, se proyectar\u00e1n Toy Story y La Cenicienta, consegu\u00ed tus entradas&nbsp;<a href=\"https:\/\/www.tresdefebrero.gov.ar\/paramount3f\/\"><strong>ac\u00e1<\/strong><\/a>.<strong><\/strong><\/p>\n\n\n\n<p class=\"wp-block-paragraph\">Tambi\u00e9n, el s\u00e1bado 14 de octubre a las 20 h te invitamos a aprovechar lo mejor del teatro cerca de casa con Extra Virgen de Marcelo Mazzarello. La entrada es libre y gratuita, conoc\u00e9 m\u00e1s&nbsp;<strong><a href=\"https:\/\/www.tresdefebrero.gov.ar\/obras-teatro\/extra-virgen\/\">ac\u00e1<\/a><\/strong>.<\/p>\n\n\n\n<figure data-spectra-id=\"spectra-b3f4bc80-f41f-4eb2-80b9-95d9edb87c6d\" class=\"wp-block-image\"><a href=\"https:\/\/www.tresdefebrero.gov.ar\/wp-content\/uploads\/2022\/10\/WhatsApp-Image-2023-10-05-at-12.48.51.jpeg\"><img decoding=\"async\" src=\"https:\/\/www.tresdefebrero.gov.ar\/wp-content\/uploads\/2022\/10\/WhatsApp-Image-2023-10-05-at-12.48.51-1500x1500.jpeg\" alt=\"WhatsApp Image 2023 10 05 At 12.48.51 1500x1500\" class=\"wp-image-96294\" title=\"Municipio de 3 de Febrero: Este finde tu plan est\u00e1 en tu barrio\" \/><\/a><\/figure>\n\n\n\n<p class=\"wp-block-paragraph\"><\/p>","protected":false},"excerpt":{"rendered":"<p>Este fin de semana disfrut\u00e1 el cumple de Tres de Febrero y compart\u00ed un grato momento junto a tu familia y amigos, para esto, preparamos diferentes eventos e iniciativas en el municipio. Te dejamos la lista de actividades que vas a encontrar desde el viernes 13 hasta el domingo 15 de octubre: Aniversario de Tres [&hellip;]<\/p>\n","protected":false},"author":9,"featured_media":0,"comment_status":"open","ping_status":"open","sticky":false,"template":"","format":"standard","meta":{"site-sidebar-layout":"default","site-content-layout":"","ast-site-content-layout":"default","site-content-style":"default","site-sidebar-style":"default","ast-global-header-display":"","ast-banner-title-visibility":"","ast-main-header-display":"","ast-hfb-above-header-display":"","ast-hfb-below-header-display":"","ast-hfb-mobile-header-display":"","site-post-title":"","ast-breadcrumbs-content":"","ast-featured-img":"","footer-sml-layout":"","ast-disable-related-posts":"","theme-transparent-header-meta":"","adv-header-id-meta":"","stick-header-meta":"","header-above-stick-meta":"","header-main-stick-meta":"","header-below-stick-meta":"","astra-migrate-meta-layouts":"default","ast-page-background-enabled":"default","ast-page-background-meta":{"desktop":{"background-color":"","background-image":"","background-repeat":"repeat","background-position":"center center","background-size":"auto","background-attachment":"scroll","background-type":"","background-media":"","overlay-type":"","overlay-color":"","overlay-opacity":"","overlay-gradient":""},"tablet":{"background-color":"","background-image":"","background-repeat":"repeat","background-position":"center center","background-size":"auto","background-attachment":"scroll","background-type":"","background-media":"","overlay-type":"","overlay-color":"","overlay-opacity":"","overlay-gradient":""},"mobile":{"background-color":"","background-image":"","background-repeat":"repeat","background-position":"center center","background-size":"auto","background-attachment":"scroll","background-type":"","background-media":"","overlay-type":"","overlay-color":"","overlay-opacity":"","overlay-gradient":""}},"ast-content-background-meta":{"desktop":{"background-color":"var(--ast-global-color-5)","background-image":"","background-repeat":"repeat","background-position":"center center","background-size":"auto","background-attachment":"scroll","background-type":"","background-media":"","overlay-type":"","overlay-color":"","overlay-opacity":"","overlay-gradient":""},"tablet":{"background-color":"var(--ast-global-color-5)","background-image":"","background-repeat":"repeat","background-position":"center center","background-size":"auto","background-attachment":"scroll","background-type":"","background-media":"","overlay-type":"","overlay-color":"","overlay-opacity":"","overlay-gradient":""},"mobile":{"background-color":"var(--ast-global-color-5)","background-image":"","background-repeat":"repeat","background-position":"center center","background-size":"auto","background-attachment":"scroll","background-type":"","background-media":"","overlay-type":"","overlay-color":"","overlay-opacity":"","overlay-gradient":""}},"footnotes":""},"categories":[4023],"tags":[],"class_list":["post-89844","post","type-post","status-publish","format-standard","hentry","category-municipios-municipios"],"spectra_blocks_featured_image_url":null,"spectra_blocks_author_info":{"display_name":"Jorge Alfredo Baret","avatar_url":"https:\/\/secure.gravatar.com\/avatar\/31696f5ca83439b642450ec7d3f82f98451a5efacb414343d5478c982b337f26?s=96&d=mm&r=g","author_link":"https:\/\/100xd.com.ar\/es\/author\/jorge\/","description":"Ingeniero Qu\u00edmico UTN - Director Apoderado de Comunicaciones Auditadas SA. Editor Responsable 100xd.com.ar."},"_links":{"self":[{"href":"https:\/\/100xd.com.ar\/es\/wp-json\/wp\/v2\/posts\/89844","targetHints":{"allow":["GET"]}}],"collection":[{"href":"https:\/\/100xd.com.ar\/es\/wp-json\/wp\/v2\/posts"}],"about":[{"href":"https:\/\/100xd.com.ar\/es\/wp-json\/wp\/v2\/types\/post"}],"author":[{"embeddable":true,"href":"https:\/\/100xd.com.ar\/es\/wp-json\/wp\/v2\/users\/9"}],"replies":[{"embeddable":true,"href":"https:\/\/100xd.com.ar\/es\/wp-json\/wp\/v2\/comments?post=89844"}],"version-history":[{"count":1,"href":"https:\/\/100xd.com.ar\/es\/wp-json\/wp\/v2\/posts\/89844\/revisions"}],"predecessor-version":[{"id":89846,"href":"https:\/\/100xd.com.ar\/es\/wp-json\/wp\/v2\/posts\/89844\/revisions\/89846"}],"wp:attachment":[{"href":"https:\/\/100xd.com.ar\/es\/wp-json\/wp\/v2\/media?parent=89844"}],"wp:term":[{"taxonomy":"category","embeddable":true,"href":"https:\/\/100xd.com.ar\/es\/wp-json\/wp\/v2\/categories?post=89844"},{"taxonomy":"post_tag","embeddable":true,"href":"https:\/\/100xd.com.ar\/es\/wp-json\/wp\/v2\/tags?post=89844"}],"curies":[{"name":"wp","href":"https:\/\/api.w.org\/{rel}","templated":true}]}}