{"id":89624,"date":"2023-10-10T10:34:24","date_gmt":"2023-10-10T13:34:24","guid":{"rendered":"https:\/\/100xd.com.ar\/?p=89624"},"modified":"2023-10-10T10:34:24","modified_gmt":"2023-10-10T13:34:24","slug":"masiva-marcha-en-buenos-aires-contra-hamas-y-bajo-el-lema-israel-vencera-el-terror","status":"publish","type":"post","link":"https:\/\/100xd.com.ar\/es\/masiva-marcha-en-buenos-aires-contra-hamas-y-bajo-el-lema-israel-vencera-el-terror\/","title":{"rendered":"Masiva marcha en Buenos Aires contra Hamas y bajo el lema &#8220;Israel vencer\u00e1 el terror&#8221;"},"content":{"rendered":"<p class=\"wp-block-paragraph\">Las principales organizaciones jud\u00edas del pa\u00eds realizaron una marcha en el barrio porte\u00f1o de Almagro en&nbsp;<strong>solidaridad con Israel tras los ataques del grupo terrorista Hamas<\/strong>, mientras que&nbsp;<a target=\"_blank\" href=\"https:\/\/www.perfil.com\/noticias\/actualidad\/el-frente-de-izquierda-se-moviliza-hacia-la-embajada-de-israel-en-apoyo-a-palestina.phtml\" rel=\"noreferrer noopener\">agrupaciones de izquierda hicieron una contramarcha en el centro de la Ciudad en apoyo a Palestina<\/a>&nbsp;y en reclamo del cese del fuego en la Franja de Gaza.<\/p>\n\n\n\n<p class=\"wp-block-paragraph\">La AMIA, la Organizaci\u00f3n Sionista Argentina y la DAIA fueron algunas de las organizaciones convocantes de la marcha bajo el lema &#8220;Juntos, Israel vencer\u00e1 el terror, siempre&#8221; en repudio a los ataques producidos por Hamas, que tuvo lugar en la bifurcaci\u00f3n de calle Estado de Israel y la Avenida C\u00f3rdoba, sobre el Club Hacoaj.<\/p>\n\n\n\n<p class=\"wp-block-paragraph\">En el lugar se mont\u00f3 un escenario, donde se desarroll\u00f3 un acto que se inici\u00f3 con el himno de Israel y continu\u00f3 con discursos de los presidentes de DAIA,&nbsp;<strong>V\u00edctor Garelik; la AMIA, Amos Linetzky, y la Organizaci\u00f3n Sionista Argentina, Sergio Pikholtz.<\/strong><\/p>\n\n\n\n<p class=\"wp-block-paragraph\"><a target=\"_blank\" href=\"https:\/\/www.perfil.com\/noticias\/internacional\/minuto-a-minuto-tras-el-ataque-de-hamas-en-jerusalen-israel-bombardea-la-franja-de-gaza.phtml\" rel=\"noreferrer noopener\">EEUU, Francia, Alemania, Italia y Reino Unido expresaron su &#8220;firme apoyo&#8221; a Israel y condenaron a Hamas<\/a><\/p>\n\n\n\n<figure data-spectra-id=\"spectra-cd0c1c4f-fbc0-4f3d-9f6d-d26198fff758\" class=\"wp-block-image\"><img decoding=\"async\" src=\"https:\/\/fotos.perfil.com\/\/2023\/10\/09\/900\/0\/marcha-1671868.jpg\" alt=\"marcha\" title=\"Masiva marcha en Buenos Aires contra Hamas y bajo el lema &quot;Israel vencer\u00e1 el terror&quot;\" \/><\/figure>\n\n\n\n<figure data-spectra-id=\"spectra-a05ab713-9dad-4f24-8ccb-498bcb973784\" class=\"wp-block-image\"><img decoding=\"async\" src=\"https:\/\/fotos.perfil.com\/\/2023\/10\/09\/900\/0\/marcha-1671869.jpg\" alt=\"marcha\" title=\"Masiva marcha en Buenos Aires contra Hamas y bajo el lema &quot;Israel vencer\u00e1 el terror&quot;\" \/><\/figure>\n\n\n\n<p class=\"wp-block-paragraph\">Entre los que participaron de esta marcha estuvieron dirigentes del PRO, como la candidata presidencial Patricia Bullrich, el jefe de gobierno porte\u00f1o,&nbsp;<strong>Horacio Rodr\u00edguez Larreta; el candidato a sucederlo, Jorge Macri; los diputados Diego Santilli y Waldo Wolff y el ex secretario de Derechos Humanos Claudio Avruj<\/strong>. Adem\u00e1s asisti\u00f3 el embajador de los Estados Unidos en la Argentina, Marc Stanley.<\/p>\n\n\n\n<p class=\"wp-block-paragraph\">&#8220;Tengo a mi nieto all\u00e1 (en Israel), Mat\u00edas, est\u00e1 tranquilo, trabaja para una empresa. Te\u00f3ricamente est\u00e1 bien, pero est\u00e1n tristes. Nadie esperaba una cosa as\u00ed, esto fue una masacre, un acto terrorista, esto no tiene nada que ver con los palestinos. Esto es contra un grupo terrorista&#8221;, sostuvo un hombre que asisti\u00f3 a la movilizaci\u00f3n.<\/p>\n\n\n\n<p class=\"wp-block-paragraph\">Varios asistentes a esta concentraci\u00f3n portaron banderas de Israel, lo cual hab\u00eda sido un pedido de los organizadores.&nbsp;<\/p>\n\n\n\n<figure data-spectra-id=\"spectra-0c90367a-323d-4f9e-9fb3-dbbfcfd67d28\" class=\"wp-block-image\"><img decoding=\"async\" src=\"https:\/\/fotos.perfil.com\/\/2023\/10\/09\/900\/0\/marcha-1671867.jpg\" alt=\"marcha\" title=\"Masiva marcha en Buenos Aires contra Hamas y bajo el lema &quot;Israel vencer\u00e1 el terror&quot;\" \/><\/figure>\n\n\n\n<figure data-spectra-id=\"spectra-c1673e40-f542-4320-a2b3-2bae91c9f762\" class=\"wp-block-image\"><img decoding=\"async\" src=\"https:\/\/fotos.perfil.com\/\/2023\/10\/09\/900\/0\/marcha-1671866.jpg\" alt=\"marcha\" title=\"Masiva marcha en Buenos Aires contra Hamas y bajo el lema &quot;Israel vencer\u00e1 el terror&quot;\" \/><\/figure>\n\n\n\n<p class=\"wp-block-paragraph\"><a target=\"_blank\" href=\"https:\/\/www.perfil.com\/noticias\/actualidad\/cancilleria-confirmo-que-son-7-los-argentinos-fallecidos-y-buscan-a-15-desaparecidos.phtml\" rel=\"noreferrer noopener\">Israel: confirmaron que son 7 los argentinos fallecidos y buscan a 15 desaparecidos<\/a><\/p>\n\n\n\n<p class=\"wp-block-paragraph\"><strong>&#8220;La \u00fanica soluci\u00f3n es que se desocupe la Franja de Gaza, que originalmente corresponde al pueblo jud\u00edo&#8221;,<\/strong>&nbsp;dijo Rafael Yablonosky, un m\u00e9dico de 60 a\u00f1os, durante la marcha, en la que sonaron los himnos de Israel y&nbsp;Argentina&nbsp;y ondearon banderas israel\u00edes.<\/p>\n\n\n\n<p class=\"wp-block-paragraph\">&#8220;Vine para apoyar a toda la gente que est\u00e1 yendo a luchar por su pa\u00eds, por su gente y por su familia&#8221;, declar\u00f3 Ronit Natapoff, una joven de 26 a\u00f1os reci\u00e9n llegada desde Israel, que es &#8220;literalmente mi casa&#8221;, dijo.<\/p>\n\n\n\n<p class=\"wp-block-paragraph\"><strong>El movimiento islamista Hamas lanz\u00f3 el s\u00e1bado una ofensiva sorpresiva contra Israel<\/strong>, que compara el ataque con los atentados en Estados Unidos del 11 de septiembre de 2001.&nbsp;<\/p>\n\n\n\n<figure data-spectra-id=\"spectra-902e6595-d502-446d-be00-02dbec57378f\" class=\"wp-block-image\"><img decoding=\"async\" src=\"https:\/\/fotos.perfil.com\/\/2023\/10\/09\/900\/0\/marcha-1671864.jpg\" alt=\"marcha\" title=\"Masiva marcha en Buenos Aires contra Hamas y bajo el lema &quot;Israel vencer\u00e1 el terror&quot;\" \/><\/figure>\n\n\n\n<figure data-spectra-id=\"spectra-18ccd788-f758-494d-bfe6-996d0015e913\" class=\"wp-block-image\"><img decoding=\"async\" src=\"https:\/\/fotos.perfil.com\/\/2023\/10\/09\/900\/0\/marcha-1671865.jpg\" alt=\"marcha\" title=\"Masiva marcha en Buenos Aires contra Hamas y bajo el lema &quot;Israel vencer\u00e1 el terror&quot;\" \/><\/figure>\n\n\n\n<p class=\"wp-block-paragraph\"><a target=\"_blank\" href=\"https:\/\/www.perfil.com\/noticias\/internacional\/el-cerebro-detras-del-ataque-de-hamas-a-israel-tuerto-experto-en-bombas-y-sobreviviente-de-siete-intentos-de-asesinato.phtml\" rel=\"noreferrer noopener\">El cerebro detr\u00e1s del ataque de Hamas: un experto en bombas que sobrevivi\u00f3 a siete intentos de asesinato<\/a><\/p>\n\n\n\n<p class=\"wp-block-paragraph\">Desde entonces, m\u00e1s de 900 personas perdieron la vida del lado israel\u00ed y m\u00e1s de 2.600 resultaron heridas, seg\u00fan las autoridades. Los milicianos mataron hasta 250 personas que participaban en un festival de m\u00fasica cerca del enclave palestino.&nbsp;<\/p>\n\n\n\n<p class=\"wp-block-paragraph\">Del lado palestino, 687 personas murieron por los bombardeos israel\u00edes y 2.900 resultaron heridas, seg\u00fan las \u00faltimas cifras de las autoridades locales.<\/p>\n\n\n\n<p class=\"wp-block-paragraph\"><strong>Hamas&nbsp;captur\u00f3 a unos 150 rehenes en su ataque del fin de semana<\/strong>&nbsp;contra el sur de Israel desde Gaza y amenaz\u00f3 con matarlos si los ataques a\u00e9reos israel\u00edes en represalia contin\u00faan &#8220;apuntando&#8221; a los residentes de Gaza sin previo aviso.&nbsp;<\/p>\n\n\n\n<p class=\"wp-block-paragraph\">El brazo armado de la organizaci\u00f3n islamista replic\u00f3 en un comunicado que &#8220;cada ataque contra nuestro pueblo sin previo aviso ser\u00e1 respondido con la ejecuci\u00f3n de uno de los rehenes civiles&#8221;.<\/p>\n\n\n\n<figure data-spectra-id=\"spectra-2208a9fa-ba7f-4b38-982f-62f9c6c83b1e\" class=\"wp-block-image\"><img decoding=\"async\" src=\"https:\/\/fotos.perfil.com\/\/2023\/10\/09\/900\/0\/marcha-1671860.jpg\" alt=\"marcha\" title=\"Masiva marcha en Buenos Aires contra Hamas y bajo el lema &quot;Israel vencer\u00e1 el terror&quot;\" \/><\/figure>\n\n\n\n<figure data-spectra-id=\"spectra-f3fede24-ef6f-459b-b9ba-a4d3223b702e\" class=\"wp-block-image\"><img decoding=\"async\" src=\"https:\/\/fotos.perfil.com\/\/2023\/10\/09\/900\/0\/marcha-1671863.jpg\" alt=\"marcha\" title=\"Masiva marcha en Buenos Aires contra Hamas y bajo el lema &quot;Israel vencer\u00e1 el terror&quot;\" \/><\/figure>\n\n\n\n<p class=\"wp-block-paragraph\"><strong>&#8220;El enemigo no entiende el lenguaje de la humanidad y la \u00e9tica, as\u00ed que nos dirigiremos a ellos en el lenguaje que entienden&#8221;<\/strong>, agregaron las Brigadas&nbsp;<em>Ezzeldin al Qassam<\/em>.<\/p>\n\n\n\n<p class=\"wp-block-paragraph\">La amenaza de&nbsp;Hamas, que controla el empobrecido enclave desde 2007, se produce despu\u00e9s de que Israel orden\u00f3 el &#8220;asedio completo&#8221; de este territorio de 360 km2 donde malviven m\u00e1s de 2 millones de palestinos.<\/p>\n\n\n\n<p class=\"wp-block-paragraph\">Tras los ataques terroristas de Hamas sobre Israel del fin de semana pasado, hay 625 argentinos registrados que solicitaron ser evacuados en Israel, en tanto que&nbsp;<strong>hay siete argentinos muertos por esta situaci\u00f3n y 15 desaparecidos.<\/strong><\/p>\n\n\n\n<p class=\"wp-block-paragraph\">El embajador de Israel en Buenos Aires, Eyal Sela, manifest\u00f3 que el ataque de Hamas a su pa\u00eds es &#8220;el peor que hubo desde la existencia del Estado de Israel y contra cualquier pueblo jud\u00edo&#8221; y afirm\u00f3 que el objetivo ahora es &#8220;hacer todo lo posible para que esto no ocurra m\u00e1s&#8221; y que esa organizaci\u00f3n &#8220;deje de lanzar misiles matando inocentes&#8221;.<\/p>\n\n\n\n<p class=\"wp-block-paragraph\"><a target=\"_blank\" href=\"https:\/\/www.perfil.com\/noticias\/internacional\/un-agente-de-inteligencia-de-egipto-revelo-que-israel-ignoro-repetidas-advertencias-sobre-un-gran-ataque.phtml\" rel=\"noreferrer noopener\">Agente de inteligencia egipcio dijo que Israel ignor\u00f3 repetidas advertencias sobre &#8220;un gran ataque&#8221;<\/a><\/p>\n\n\n\n<h2 class=\"wp-block-heading\"><strong>La izquierda march\u00f3 &#8220;en apoyo al pueblo de Palestina&#8221;<\/strong><\/h2>\n\n\n\n<p class=\"wp-block-paragraph\">M\u00e1s temprano,&nbsp;<a target=\"_blank\" href=\"https:\/\/www.perfil.com\/noticias\/actualidad\/el-frente-de-izquierda-se-moviliza-hacia-la-embajada-de-israel-en-apoyo-a-palestina.phtml\" rel=\"noreferrer noopener\"><strong>el Frente de Izquierda y de los Trabajadores (FIT) se moviliz\u00f3 hacia la Embajada de Israel<\/strong><\/a>&nbsp;con el objetivo de dar &#8220;apoyo al pueblo de Palestina&#8221; y para pedir por el &#8220;cese inmediato de los bombardeos sobre Gaza&#8221;.<\/p>\n\n\n\n<p class=\"wp-block-paragraph\">Esta convocatoria comenz\u00f3 pasadas las 14.30 horas sobre avenida de Mayo y 9 de Julio, con varias banderas de Palestina, y luego se dirigieron a la Embajada de Israel ubicada sobre avenida de Mayo al 701.<\/p>\n\n\n\n<p class=\"wp-block-paragraph\"><strong>&#8220;Solidaridad con las masas palestinas&#8221;; &#8220;Gaza dignidad&#8221;; y &#8220;Todo el apoyo al pueblo palestino&#8221;<\/strong>, se le\u00eda en algunos carteles de los manifestantes.<\/p>\n\n\n\n<p class=\"wp-block-paragraph\">&#8220;Estamos acompa\u00f1ando la movilizaci\u00f3n convocada por el Comit\u00e9 argentino en solidaridad con Palestina a la Embajada de Israel.&nbsp;El estado terrorista de Israel es el responsable de las muertes en Medio Oriente&#8221;, sostuvo el legislador porte\u00f1o del Partido Obrero Gabriel Solano.<\/p>\n\n\n\n<p class=\"wp-block-paragraph\">El posicionamiento de la izquierda sobre la situaci\u00f3n en Medio Oriente dio que hablar en la noche del segundo debate presidencial, ya que los candidatos Javier Milei, Patricia Bullrich, Juan Schiaretti y Sergio Massa se solidarizaron con las v\u00edctimas de los ataques, mencion\u00e1ndolo al comienzo de sus presentaciones, mientras que Myriam Bregman se mostr\u00f3 con otra postura.<\/p>\n\n\n\n<p class=\"wp-block-paragraph\"><strong>&#8220;Esas v\u00edctimas civiles ocurren en un conflicto que tiene como base la pol\u00edtica del estado de Israel, de ocupaci\u00f3n y apartheid contra el pueblo palestino&#8221;<\/strong>, dijo la candidata presidencial del FIT.<\/p>\n\n\n\n<p class=\"wp-block-paragraph\">Fuente:<a href=\"https:\/\/www.perfil.com\/\"> Perfil.com<\/a><\/p>","protected":false},"excerpt":{"rendered":"<p>Las principales organizaciones jud\u00edas del pa\u00eds realizaron una marcha en el barrio porte\u00f1o de Almagro en&nbsp;solidaridad con Israel tras los ataques del grupo terrorista Hamas, mientras que&nbsp;agrupaciones de izquierda hicieron una contramarcha en el centro de la Ciudad en apoyo a Palestina&nbsp;y en reclamo del cese del fuego en la Franja de Gaza. La AMIA, [&hellip;]<\/p>\n","protected":false},"author":9,"featured_media":0,"comment_status":"open","ping_status":"open","sticky":false,"template":"","format":"standard","meta":{"site-sidebar-layout":"default","site-content-layout":"","ast-site-content-layout":"default","site-content-style":"default","site-sidebar-style":"default","ast-global-header-display":"","ast-banner-title-visibility":"","ast-main-header-display":"","ast-hfb-above-header-display":"","ast-hfb-below-header-display":"","ast-hfb-mobile-header-display":"","site-post-title":"","ast-breadcrumbs-content":"","ast-featured-img":"","footer-sml-layout":"","ast-disable-related-posts":"","theme-transparent-header-meta":"","adv-header-id-meta":"","stick-header-meta":"","header-above-stick-meta":"","header-main-stick-meta":"","header-below-stick-meta":"","astra-migrate-meta-layouts":"default","ast-page-background-enabled":"default","ast-page-background-meta":{"desktop":{"background-color":"","background-image":"","background-repeat":"repeat","background-position":"center center","background-size":"auto","background-attachment":"scroll","background-type":"","background-media":"","overlay-type":"","overlay-color":"","overlay-opacity":"","overlay-gradient":""},"tablet":{"background-color":"","background-image":"","background-repeat":"repeat","background-position":"center center","background-size":"auto","background-attachment":"scroll","background-type":"","background-media":"","overlay-type":"","overlay-color":"","overlay-opacity":"","overlay-gradient":""},"mobile":{"background-color":"","background-image":"","background-repeat":"repeat","background-position":"center center","background-size":"auto","background-attachment":"scroll","background-type":"","background-media":"","overlay-type":"","overlay-color":"","overlay-opacity":"","overlay-gradient":""}},"ast-content-background-meta":{"desktop":{"background-color":"var(--ast-global-color-5)","background-image":"","background-repeat":"repeat","background-position":"center center","background-size":"auto","background-attachment":"scroll","background-type":"","background-media":"","overlay-type":"","overlay-color":"","overlay-opacity":"","overlay-gradient":""},"tablet":{"background-color":"var(--ast-global-color-5)","background-image":"","background-repeat":"repeat","background-position":"center center","background-size":"auto","background-attachment":"scroll","background-type":"","background-media":"","overlay-type":"","overlay-color":"","overlay-opacity":"","overlay-gradient":""},"mobile":{"background-color":"var(--ast-global-color-5)","background-image":"","background-repeat":"repeat","background-position":"center center","background-size":"auto","background-attachment":"scroll","background-type":"","background-media":"","overlay-type":"","overlay-color":"","overlay-opacity":"","overlay-gradient":""}},"footnotes":""},"categories":[25],"tags":[],"class_list":["post-89624","post","type-post","status-publish","format-standard","hentry","category-destacado"],"spectra_blocks_featured_image_url":null,"spectra_blocks_author_info":{"display_name":"Jorge Alfredo Baret","avatar_url":"https:\/\/secure.gravatar.com\/avatar\/31696f5ca83439b642450ec7d3f82f98451a5efacb414343d5478c982b337f26?s=96&d=mm&r=g","author_link":"https:\/\/100xd.com.ar\/es\/author\/jorge\/","description":"Ingeniero Qu\u00edmico UTN - Director Apoderado de Comunicaciones Auditadas SA. Editor Responsable 100xd.com.ar."},"_links":{"self":[{"href":"https:\/\/100xd.com.ar\/es\/wp-json\/wp\/v2\/posts\/89624","targetHints":{"allow":["GET"]}}],"collection":[{"href":"https:\/\/100xd.com.ar\/es\/wp-json\/wp\/v2\/posts"}],"about":[{"href":"https:\/\/100xd.com.ar\/es\/wp-json\/wp\/v2\/types\/post"}],"author":[{"embeddable":true,"href":"https:\/\/100xd.com.ar\/es\/wp-json\/wp\/v2\/users\/9"}],"replies":[{"embeddable":true,"href":"https:\/\/100xd.com.ar\/es\/wp-json\/wp\/v2\/comments?post=89624"}],"version-history":[{"count":1,"href":"https:\/\/100xd.com.ar\/es\/wp-json\/wp\/v2\/posts\/89624\/revisions"}],"predecessor-version":[{"id":89626,"href":"https:\/\/100xd.com.ar\/es\/wp-json\/wp\/v2\/posts\/89624\/revisions\/89626"}],"wp:attachment":[{"href":"https:\/\/100xd.com.ar\/es\/wp-json\/wp\/v2\/media?parent=89624"}],"wp:term":[{"taxonomy":"category","embeddable":true,"href":"https:\/\/100xd.com.ar\/es\/wp-json\/wp\/v2\/categories?post=89624"},{"taxonomy":"post_tag","embeddable":true,"href":"https:\/\/100xd.com.ar\/es\/wp-json\/wp\/v2\/tags?post=89624"}],"curies":[{"name":"wp","href":"https:\/\/api.w.org\/{rel}","templated":true}]}}