{"id":89406,"date":"2023-10-06T11:41:30","date_gmt":"2023-10-06T14:41:30","guid":{"rendered":"https:\/\/100xd.com.ar\/?p=89406"},"modified":"2023-10-06T11:41:30","modified_gmt":"2023-10-06T14:41:30","slug":"inflacion-massa-cual-es-el-pronostico-del-gobierno-segun-su-medicion","status":"publish","type":"post","link":"https:\/\/100xd.com.ar\/es\/inflacion-massa-cual-es-el-pronostico-del-gobierno-segun-su-medicion\/","title":{"rendered":"Inflaci\u00f3n Massa: cu\u00e1l es el pron\u00f3stico del Gobierno seg\u00fan su medici\u00f3n"},"content":{"rendered":"<p class=\"wp-block-paragraph\">El reloj corre y a&nbsp;16 d\u00edas de las elecciones, el Gobierno dio a conocer la medici\u00f3n semanal de la&nbsp;<a href=\"https:\/\/www.mdzol.com\/temas\/inflacion-163.html\" target=\"_blank\" rel=\"noreferrer noopener\"><strong>inflaci\u00f3n<\/strong><\/a>. La Secretar\u00eda de Pol\u00edtica Econ\u00f3mica inform\u00f3 que los&nbsp;<strong>precios&nbsp;<\/strong>a nivel consumidor subieron un 1,3% entre el 25 de septiembre y el 1 de octubre, lo que les da un dato mensual de un 7,4%.<\/p>\n\n\n\n<p class=\"wp-block-paragraph\">Desde el oficialismo celebran esta cifra,&nbsp;aseguran que la&nbsp;<strong>inflaci\u00f3n&nbsp;<\/strong>&#8220;contin\u00faa bajando&#8221; y que el \u201cproceso de desaceleraci\u00f3n es significativo\u201d. El \u00e1rea aclar\u00f3 que estas son estimaciones &#8220;preliminares&#8221; y est\u00e1n &#8220;sujetas a ajustes, debido a la incorporaci\u00f3n de informaci\u00f3n adicional&#8221;.<\/p>\n\n\n\n<p class=\"wp-block-paragraph\">Sin embargo, cabe destacar que estas&nbsp;estimaciones distan de las proyecciones de consultoras privadas que proyectan nuevamente una&nbsp;<strong>inflaci\u00f3n&nbsp;<\/strong>mensual de dos d\u00edgitos en torno al 11% para septiembre.<strong>TE PODR\u00cdA INTERESAR<\/strong><\/p>\n\n\n\n<ul class=\"wp-block-list\"><li><a href=\"https:\/\/www.mdzol.com\/politica\/2023\/9\/15\/ante-la-escalada-inflacionaria-el-gobierno-convoco-al-consejo-del-salario-368898.html\">Ante la escalada inflacionaria el Gobierno convoc\u00f3 al Consejo del Salario<\/a><\/li><li><a href=\"https:\/\/www.mdzol.com\/dinero\/2023\/9\/14\/bombazo-inflacionario-en-cuanto-quedo-la-canasta-basica-para-una-familia-368596.html\">Bombazo inflacionario: en cu\u00e1nto qued\u00f3 la canasta b\u00e1sica para una familia<\/a><\/li><\/ul>\n\n\n\n<h2 class=\"wp-block-heading\">Inflaci\u00f3n Massa: qu\u00e9 dice el \u00faltimo informe<\/h2>\n\n\n\n<p class=\"wp-block-paragraph\">La medici\u00f3n del 1,3% representa un descenso respecto del 1,7% de la tercera semana de septiembre, y del incremento del 4,8% en los siete d\u00edas posteriores a la devaluaci\u00f3n del 14 de agosto. Lo que ser\u00eda&nbsp;la cifra m\u00e1s baja desde la semana del 13 de agosto.<\/p>\n\n\n\n<p class=\"wp-block-paragraph\">En el relevamiento realizado por el \u00e1rea, se registr\u00f3 que hubo subas \u201cmayores al promedio\u201d en las categor\u00edas de turismo (3,1%), indumentaria (2,5%), y alimentos y bebidas sin carne (1,8%). En tanto, hubo descensos en verduras (-2,6%), frutas (-0,2%) y carnes (-0,2%).<\/p>\n\n\n\n<p class=\"wp-block-paragraph\">\u201cLuego de picos del 15% en agosto en el acumulado de 4 semanas, en la cuarta semana de septiembre la cifra acumulada estimamos que fue del 7,4%, es decir, de la mitad de aquellos alt\u00edsimos registros tras las devaluaciones de agosto y la generalizaci\u00f3n a las importaciones de bienes del<a href=\"https:\/\/www.afip.gob.ar\/impuesto-pais\/\" target=\"_blank\" rel=\"noreferrer noopener\">&nbsp;Impuesto PA\u00cdS<\/a>\u201d, se detalla en el documento.<\/p>\n\n\n\n<figure data-spectra-id=\"spectra-f7631dfd-669e-40bd-a010-3eebee6c03d6\" class=\"wp-block-image\"><img decoding=\"async\" src=\"https:\/\/www.mdzol.com\/u\/fotografias\/m\/2023\/9\/29\/f768x432-1484070_1531484_6932.jpg\" alt=\"F768x432 1484070 1531484 6932\" title=\"Inflaci\u00f3n Massa: cu\u00e1l es el pron\u00f3stico del Gobierno seg\u00fan su medici\u00f3n\" \/><figcaption>La inflaci\u00f3n de la semana pasada fue del 1,3%<\/figcaption><\/figure>\n\n\n\n<p class=\"wp-block-paragraph\">De aqu\u00ed a las pr\u00f3ximas semanas, el equipo econ\u00f3mico espera que \u201clos datos confirmen el proceso de desaceleraci\u00f3n en marcha, aun cuando, como ha venido ocurriendo en todos los meses previos, las subas en las primeras semanas de cada mes suelen ser bastante mayores que las de las semanas previas\u201d.<\/p>\n\n\n\n<p class=\"wp-block-paragraph\">En ese sentido, anticipan que en la actual semana haya \u201cun alza mayor\u201d, antes de que vuelva a retomarse el proceso de baja en las tasas semanales de&nbsp;<strong>inflaci\u00f3n<\/strong>. &#8220;Aun cuando estos valores que rondan el 2% son muy elevados, es importante notar la fuerte baja respecto a los valores semanales de agosto&#8221;, indic\u00f3 el informe que fue publicado por la Secretar\u00eda en su cuenta de X.<\/p>\n\n\n\n<p class=\"wp-block-paragraph\">El \u00e1rea se\u00f1al\u00f3 que &#8220;este comportamiento de descenso de las tasas de inflaci\u00f3n se encuentra en l\u00ednea con lo esperado, al ir absorbi\u00e9ndose los efectos de la mayor devaluaci\u00f3n de agosto y el impacto del Impuesto PA\u00cdS en costos&#8221;.<\/p>\n\n\n\n<p class=\"wp-block-paragraph\">\u201cLa\u00a0<strong>inflaci\u00f3n\u00a0<\/strong>est\u00e1 bajando. No hay dudas de ello. Con Super\u00e1vit Fiscal Primario y d\u00f3lares para bajar brechas cambiarias podr\u00eda bajar mucho m\u00e1s\u201d, indic\u00f3 en esta l\u00ednea, el secretario de Pol\u00edtica Econ\u00f3mica, Gabriel\u00a0Rubinstein, en un mensaje a trav\u00e9s de su cuenta de X (Twitter).<\/p>\n\n\n\n<p class=\"wp-block-paragraph\">Fuente:<a href=\"https:\/\/www.mdzol.com\/\"> Mendoza online<\/a><\/p>","protected":false},"excerpt":{"rendered":"<p>El reloj corre y a&nbsp;16 d\u00edas de las elecciones, el Gobierno dio a conocer la medici\u00f3n semanal de la&nbsp;inflaci\u00f3n. La Secretar\u00eda de Pol\u00edtica Econ\u00f3mica inform\u00f3 que los&nbsp;precios&nbsp;a nivel consumidor subieron un 1,3% entre el 25 de septiembre y el 1 de octubre, lo que les da un dato mensual de un 7,4%. Desde el oficialismo [&hellip;]<\/p>\n","protected":false},"author":9,"featured_media":0,"comment_status":"open","ping_status":"open","sticky":false,"template":"","format":"standard","meta":{"site-sidebar-layout":"default","site-content-layout":"","ast-site-content-layout":"default","site-content-style":"default","site-sidebar-style":"default","ast-global-header-display":"","ast-banner-title-visibility":"","ast-main-header-display":"","ast-hfb-above-header-display":"","ast-hfb-below-header-display":"","ast-hfb-mobile-header-display":"","site-post-title":"","ast-breadcrumbs-content":"","ast-featured-img":"","footer-sml-layout":"","ast-disable-related-posts":"","theme-transparent-header-meta":"","adv-header-id-meta":"","stick-header-meta":"","header-above-stick-meta":"","header-main-stick-meta":"","header-below-stick-meta":"","astra-migrate-meta-layouts":"default","ast-page-background-enabled":"default","ast-page-background-meta":{"desktop":{"background-color":"","background-image":"","background-repeat":"repeat","background-position":"center center","background-size":"auto","background-attachment":"scroll","background-type":"","background-media":"","overlay-type":"","overlay-color":"","overlay-opacity":"","overlay-gradient":""},"tablet":{"background-color":"","background-image":"","background-repeat":"repeat","background-position":"center center","background-size":"auto","background-attachment":"scroll","background-type":"","background-media":"","overlay-type":"","overlay-color":"","overlay-opacity":"","overlay-gradient":""},"mobile":{"background-color":"","background-image":"","background-repeat":"repeat","background-position":"center center","background-size":"auto","background-attachment":"scroll","background-type":"","background-media":"","overlay-type":"","overlay-color":"","overlay-opacity":"","overlay-gradient":""}},"ast-content-background-meta":{"desktop":{"background-color":"var(--ast-global-color-5)","background-image":"","background-repeat":"repeat","background-position":"center center","background-size":"auto","background-attachment":"scroll","background-type":"","background-media":"","overlay-type":"","overlay-color":"","overlay-opacity":"","overlay-gradient":""},"tablet":{"background-color":"var(--ast-global-color-5)","background-image":"","background-repeat":"repeat","background-position":"center center","background-size":"auto","background-attachment":"scroll","background-type":"","background-media":"","overlay-type":"","overlay-color":"","overlay-opacity":"","overlay-gradient":""},"mobile":{"background-color":"var(--ast-global-color-5)","background-image":"","background-repeat":"repeat","background-position":"center center","background-size":"auto","background-attachment":"scroll","background-type":"","background-media":"","overlay-type":"","overlay-color":"","overlay-opacity":"","overlay-gradient":""}},"footnotes":""},"categories":[2],"tags":[],"class_list":["post-89406","post","type-post","status-publish","format-standard","hentry","category-politica"],"spectra_blocks_featured_image_url":null,"spectra_blocks_author_info":{"display_name":"Jorge Alfredo Baret","avatar_url":"https:\/\/secure.gravatar.com\/avatar\/31696f5ca83439b642450ec7d3f82f98451a5efacb414343d5478c982b337f26?s=96&d=mm&r=g","author_link":"https:\/\/100xd.com.ar\/es\/author\/jorge\/","description":"Ingeniero Qu\u00edmico UTN - Director Apoderado de Comunicaciones Auditadas SA. Editor Responsable 100xd.com.ar."},"_links":{"self":[{"href":"https:\/\/100xd.com.ar\/es\/wp-json\/wp\/v2\/posts\/89406","targetHints":{"allow":["GET"]}}],"collection":[{"href":"https:\/\/100xd.com.ar\/es\/wp-json\/wp\/v2\/posts"}],"about":[{"href":"https:\/\/100xd.com.ar\/es\/wp-json\/wp\/v2\/types\/post"}],"author":[{"embeddable":true,"href":"https:\/\/100xd.com.ar\/es\/wp-json\/wp\/v2\/users\/9"}],"replies":[{"embeddable":true,"href":"https:\/\/100xd.com.ar\/es\/wp-json\/wp\/v2\/comments?post=89406"}],"version-history":[{"count":1,"href":"https:\/\/100xd.com.ar\/es\/wp-json\/wp\/v2\/posts\/89406\/revisions"}],"predecessor-version":[{"id":89408,"href":"https:\/\/100xd.com.ar\/es\/wp-json\/wp\/v2\/posts\/89406\/revisions\/89408"}],"wp:attachment":[{"href":"https:\/\/100xd.com.ar\/es\/wp-json\/wp\/v2\/media?parent=89406"}],"wp:term":[{"taxonomy":"category","embeddable":true,"href":"https:\/\/100xd.com.ar\/es\/wp-json\/wp\/v2\/categories?post=89406"},{"taxonomy":"post_tag","embeddable":true,"href":"https:\/\/100xd.com.ar\/es\/wp-json\/wp\/v2\/tags?post=89406"}],"curies":[{"name":"wp","href":"https:\/\/api.w.org\/{rel}","templated":true}]}}