{"id":88810,"date":"2023-09-25T10:25:01","date_gmt":"2023-09-25T13:25:01","guid":{"rendered":"https:\/\/100xd.com.ar\/?p=88810"},"modified":"2023-09-25T10:25:01","modified_gmt":"2023-09-25T13:25:01","slug":"la-muerte-de-nisman-arroyo-salgado-denuncio-mensajes-mafiosos-y-accionar-inusual-de-servicios-el-dia-del-hecho","status":"publish","type":"post","link":"https:\/\/100xd.com.ar\/es\/la-muerte-de-nisman-arroyo-salgado-denuncio-mensajes-mafiosos-y-accionar-inusual-de-servicios-el-dia-del-hecho\/","title":{"rendered":"La muerte de Nisman: Arroyo Salgado denunci\u00f3 mensajes mafiosos y accionar inusual de servicios el d\u00eda del hecho"},"content":{"rendered":"<p class=\"wp-block-paragraph\">La jueza federal&nbsp;<strong>Sandra Arroyo Salgado<\/strong>&nbsp;confirm\u00f3 que no solo el d\u00eda que apareci\u00f3 muerto&nbsp;<strong>Alberto Nisman<\/strong>&nbsp;sino mucho tiempo despu\u00e9s<strong>&nbsp;not\u00f3 actividad inusual de personal civil que la segu\u00eda a ella y a sus hijas, que le sacaba fotos y que investigaba sus movimientos<\/strong>. Lo hizo luego de que la C\u00e1mara Federal&nbsp;<a href=\"https:\/\/www.lanacion.com.ar\/politica\/la-camara-federal-proceso-a-dos-personas-por-espiar-a-jaime-stiuso-y-a-la-jueza-arroyo-salgado-el-nid14092023\/\">procesara a dos funcionarios de Entre R\u00edos por espionaje ilegal contra ella y el exdirector de Operaciones de la SIDE, Jaime Stiuso<\/a>.<\/p>\n\n\n\n<p class=\"wp-block-paragraph\">En di\u00e1logo con TN, la exesposa de Nisman dijo que ese d\u00eda, a Stiuso lo espiaron varias horas antes de la data oficial de la muerte del fiscal y que tiempo despu\u00e9s ella percibi\u00f3 tambi\u00e9n como un mensaje \u201cperverso\u201d la tapa de ese mismo domingo del diario P\u00e1gina 12, \u201ccuando todav\u00eda Nisman no estaba muerto\u201d, que titul\u00f3 una nota: \u201cPor la puerta de servicio\u201d.<\/p>\n\n\n\n<p class=\"wp-block-paragraph\">Por otro lado, Arroyo Salgado consider\u00f3 una buena decisi\u00f3n<a href=\"https:\/\/www.lanacion.com.ar\/politica\/hotesur-los-sauces-la-camara-de-casacion-reabrio-la-causa-contra-cristina-kirchner-y-ordeno-apartar-nid18092023\/\">&nbsp;la reapertura de la investigaci\u00f3n por el Memor\u00e1ndum con Ir\u00e1n<\/a>, lo que habilitar\u00e1 el juicio oral,&nbsp;<strong>con Cristina Kirchner como principal acusada.<\/strong>&nbsp;La denuncia la present\u00f3, antes de aparecer sin vida, el propio fiscal Nisman, y apuntaba a un pacto con Ir\u00e1n a cambio de impunidad para los acusados de llevar a cabo el atentado a la AMIA. \u201cEst\u00e1 bien que se debata esto en un juicio oral\u201d, dijo. Y record\u00f3 que en su momento fue sorpresivo el sobreseimiento a la actual vicepresidenta, cuando ya estaba tomada la decisi\u00f3n de que la causa fuera a juicio oral.<\/p>\n\n\n\n<p class=\"wp-block-paragraph\">Sobre el seguimiento de agentes de inteligencia, dijo: \u201cSin dudas, a lo largo de todo 2015, era recurrente la aparici\u00f3n de fot\u00f3grafos de manera sorpresiva, los seguimientos, les tomaban fotos en las puertas del colegio a mis hijas. Esto fue posterior a la muerte de Nisman, acontenc\u00edan en nuestra presencia y de muchas otras personas de civil, eran acciones tendientes a intimidarnos, a silenciarnos\u201d.<\/p>\n\n\n\n<p class=\"wp-block-paragraph\">A\u00f1adi\u00f3 que esto sigui\u00f3 ocurriendo despu\u00e9s de ese a\u00f1o. Tambi\u00e9n, ratific\u00f3 que para ella Nisman fue asesinado. \u201cNo lo digo yo, es lo que figura en el expediente. Por eso, nosotros, como familia, nos retiramos como querellantes\u201d. Tambi\u00e9n apunt\u00f3 contra un abogado que en ese momento le advirti\u00f3 que si no dejaban de hacer denuncias aparecer\u00edan fotos y cosas \u00edntimas de Nisman. \u201cEn ese momento no me di cuenta\u201d, explic\u00f3. Y record\u00f3 que luego apareci\u00f3 toda la Ciudad de Buenos Aires empapeladas con im\u00e1genes del fiscal, ya muerto. \u201cAhora pienso que eran fotomontajes\u201d, analiz\u00f3.<\/p>\n\n\n\n<p class=\"wp-block-paragraph\">Fuente: <a href=\"https:\/\/www.lanacion.com.ar\/\">La Naci\u00f3n<\/a><\/p>","protected":false},"excerpt":{"rendered":"<p>La jueza federal&nbsp;Sandra Arroyo Salgado&nbsp;confirm\u00f3 que no solo el d\u00eda que apareci\u00f3 muerto&nbsp;Alberto Nisman&nbsp;sino mucho tiempo despu\u00e9s&nbsp;not\u00f3 actividad inusual de personal civil que la segu\u00eda a ella y a sus hijas, que le sacaba fotos y que investigaba sus movimientos. Lo hizo luego de que la C\u00e1mara Federal&nbsp;procesara a dos funcionarios de Entre R\u00edos por [&hellip;]<\/p>\n","protected":false},"author":9,"featured_media":0,"comment_status":"open","ping_status":"open","sticky":false,"template":"","format":"standard","meta":{"site-sidebar-layout":"default","site-content-layout":"","ast-site-content-layout":"default","site-content-style":"default","site-sidebar-style":"default","ast-global-header-display":"","ast-banner-title-visibility":"","ast-main-header-display":"","ast-hfb-above-header-display":"","ast-hfb-below-header-display":"","ast-hfb-mobile-header-display":"","site-post-title":"","ast-breadcrumbs-content":"","ast-featured-img":"","footer-sml-layout":"","ast-disable-related-posts":"","theme-transparent-header-meta":"","adv-header-id-meta":"","stick-header-meta":"","header-above-stick-meta":"","header-main-stick-meta":"","header-below-stick-meta":"","astra-migrate-meta-layouts":"default","ast-page-background-enabled":"default","ast-page-background-meta":{"desktop":{"background-color":"","background-image":"","background-repeat":"repeat","background-position":"center center","background-size":"auto","background-attachment":"scroll","background-type":"","background-media":"","overlay-type":"","overlay-color":"","overlay-opacity":"","overlay-gradient":""},"tablet":{"background-color":"","background-image":"","background-repeat":"repeat","background-position":"center center","background-size":"auto","background-attachment":"scroll","background-type":"","background-media":"","overlay-type":"","overlay-color":"","overlay-opacity":"","overlay-gradient":""},"mobile":{"background-color":"","background-image":"","background-repeat":"repeat","background-position":"center center","background-size":"auto","background-attachment":"scroll","background-type":"","background-media":"","overlay-type":"","overlay-color":"","overlay-opacity":"","overlay-gradient":""}},"ast-content-background-meta":{"desktop":{"background-color":"var(--ast-global-color-5)","background-image":"","background-repeat":"repeat","background-position":"center center","background-size":"auto","background-attachment":"scroll","background-type":"","background-media":"","overlay-type":"","overlay-color":"","overlay-opacity":"","overlay-gradient":""},"tablet":{"background-color":"var(--ast-global-color-5)","background-image":"","background-repeat":"repeat","background-position":"center center","background-size":"auto","background-attachment":"scroll","background-type":"","background-media":"","overlay-type":"","overlay-color":"","overlay-opacity":"","overlay-gradient":""},"mobile":{"background-color":"var(--ast-global-color-5)","background-image":"","background-repeat":"repeat","background-position":"center center","background-size":"auto","background-attachment":"scroll","background-type":"","background-media":"","overlay-type":"","overlay-color":"","overlay-opacity":"","overlay-gradient":""}},"footnotes":""},"categories":[25],"tags":[],"class_list":["post-88810","post","type-post","status-publish","format-standard","hentry","category-destacado"],"spectra_blocks_featured_image_url":null,"spectra_blocks_author_info":{"display_name":"Jorge Alfredo Baret","avatar_url":"https:\/\/secure.gravatar.com\/avatar\/31696f5ca83439b642450ec7d3f82f98451a5efacb414343d5478c982b337f26?s=96&d=mm&r=g","author_link":"https:\/\/100xd.com.ar\/es\/author\/jorge\/","description":"Ingeniero Qu\u00edmico UTN - Director Apoderado de Comunicaciones Auditadas SA. Editor Responsable 100xd.com.ar."},"_links":{"self":[{"href":"https:\/\/100xd.com.ar\/es\/wp-json\/wp\/v2\/posts\/88810","targetHints":{"allow":["GET"]}}],"collection":[{"href":"https:\/\/100xd.com.ar\/es\/wp-json\/wp\/v2\/posts"}],"about":[{"href":"https:\/\/100xd.com.ar\/es\/wp-json\/wp\/v2\/types\/post"}],"author":[{"embeddable":true,"href":"https:\/\/100xd.com.ar\/es\/wp-json\/wp\/v2\/users\/9"}],"replies":[{"embeddable":true,"href":"https:\/\/100xd.com.ar\/es\/wp-json\/wp\/v2\/comments?post=88810"}],"version-history":[{"count":1,"href":"https:\/\/100xd.com.ar\/es\/wp-json\/wp\/v2\/posts\/88810\/revisions"}],"predecessor-version":[{"id":88812,"href":"https:\/\/100xd.com.ar\/es\/wp-json\/wp\/v2\/posts\/88810\/revisions\/88812"}],"wp:attachment":[{"href":"https:\/\/100xd.com.ar\/es\/wp-json\/wp\/v2\/media?parent=88810"}],"wp:term":[{"taxonomy":"category","embeddable":true,"href":"https:\/\/100xd.com.ar\/es\/wp-json\/wp\/v2\/categories?post=88810"},{"taxonomy":"post_tag","embeddable":true,"href":"https:\/\/100xd.com.ar\/es\/wp-json\/wp\/v2\/tags?post=88810"}],"curies":[{"name":"wp","href":"https:\/\/api.w.org\/{rel}","templated":true}]}}