{"id":88613,"date":"2023-09-21T09:47:30","date_gmt":"2023-09-21T12:47:30","guid":{"rendered":"https:\/\/100xd.com.ar\/?p=88613"},"modified":"2023-09-21T09:47:30","modified_gmt":"2023-09-21T12:47:30","slug":"sergio-massa-no-acompanara-a-cristina-kirchner-en-el-acto-de-este-sabado","status":"publish","type":"post","link":"https:\/\/100xd.com.ar\/es\/sergio-massa-no-acompanara-a-cristina-kirchner-en-el-acto-de-este-sabado\/","title":{"rendered":"Sergio Massa no acompa\u00f1ar\u00e1 a Cristina Kirchner en el acto de este s\u00e1bado"},"content":{"rendered":"<p class=\"wp-block-paragraph\"><strong>Sergio Massa no asistir\u00e1 este s\u00e1bado al acto en el que Cristina Kirchner reaparecer\u00e1 en la escena p\u00fablica tras dos meses de silencio<\/strong>, pese a que la exmandataria lo invit\u00f3 personalmente a la presentaci\u00f3n de la reedici\u00f3n del libro&nbsp;<em>Despu\u00e9s del derrumbe. Conversaciones de Torcuato Di Tella y N\u00e9stor Kirchner<\/em>. Massa declin\u00f3 la invitaci\u00f3n, explicaron cerca suyo, aludiendo a que&nbsp;<mark>estar\u00e1 en Salta, una de las paradas de este fin de semana de su campa\u00f1a presidencial<\/mark>, en el que tambi\u00e9n visitar\u00e1 Santiago del Estero. \u201cEst\u00e1 todo m\u00e1s que bien, se hablan y se ven casi a diario, pero ya estaba en agenda la gira y quedan pocas semanas hasta las elecciones por delante\u201d, dijeron fuentes del comando de campa\u00f1a.<a href=\"https:\/\/www.lanacion.com.ar\/politica\/eduardo-eurnekian-elogio-a-bullrich-y-tomo-distancia-de-milei-si-no-se-modera-no-estamos-para-nid20092023\/\" target=\"_blank\" rel=\"noreferrer noopener\"><em><\/em>EDUARDO EURNEKIAN ELOGI\u00d3 A BULLRICH Y TOM\u00d3 DISTANCIA DE MILEI: \u201cSI NO SE MODERA, NO ESTAMOS PARA AGUANTAR OTRO DICTADOR\u201d<\/a><\/p>\n\n\n\n<p class=\"wp-block-paragraph\"><strong>Massa y Cristina Kirchner se mostraron juntos por \u00faltima vez el 17 de julio, en Ezeiza, un mes antes de las primarias.&nbsp;<\/strong>Fue un acto en el que Aerol\u00edneas Argentinas present\u00f3 nuevos simuladores de vuelo. Desde entonces, Kirchner se alej\u00f3 de la campa\u00f1a y se mantuvo al margen de la escena p\u00fablica, incluso el 13 de agosto, cuando se realizaron las PASO y su candidato qued\u00f3 tercero. Solo se mostr\u00f3 al momento de ir a votar, en R\u00edo Gallegos.&nbsp;<strong>La exmandataria siempre sostuvo que lo que pod\u00eda darse era lo que finalmente sucedi\u00f3: un escenario de tres tercios, en el que adem\u00e1s el peronismo hizo su peor elecci\u00f3n desde el retorno a la democracia.<\/strong><\/p>\n\n\n\n<h2 class=\"wp-block-heading\">Una reaparici\u00f3n a d\u00edas del rev\u00e9s judicial<\/h2>\n\n\n\n<p class=\"wp-block-paragraph\">La reaparici\u00f3n de la vicepresidenta se conoci\u00f3 el lunes, poco despu\u00e9s de la decisi\u00f3n de los camaristas Diego Barroetave\u00f1a y Daniel Petrone de&nbsp;<a href=\"https:\/\/www.lanacion.com.ar\/politica\/hotesur-los-sauces-la-camara-de-casacion-reabrio-la-causa-contra-cristina-kirchner-y-ordeno-apartar-nid18092023\/\">reabrir las causas Hotesur y Los Sauces y Pacto con Ir\u00e1n<\/a>, que la involucran junto a otros funcionarios y su propio hijo, M\u00e1ximo, en lo respectivo a los hoteles familiares.<\/p>\n\n\n\n<p class=\"wp-block-paragraph\">Cerca suyo explicaban esa misma jornada que el acto de presentaci\u00f3n del libro, que se har\u00e1 en la UMET, del sindicalista, V\u00edctor Santa Mar\u00eda, estaba prevista desde antes de que se conociera el rev\u00e9s judicial, al tiempo que dejaban trascender que&nbsp;<strong>all\u00ed podr\u00eda conocerse la primera respuesta de la vicepresidenta sobre el tema.<\/strong><\/p>\n\n\n\n<p class=\"wp-block-paragraph\">\u201cDe castas, herencias, derrumbes y futuro\u201d, es la consigna de la convocatoria, lo que, en medio de la dura contienda electoral, no deja pr\u00e1cticamente dudas de que Cristina Kirchner, fiel a su estilo, podr\u00eda meterse de lleno en el tema para dejar m\u00e1s de un mensaje cuando queda un mes para las elecciones generales y el pa\u00eds atraviesa un escenario de incertidumbre.<\/p>\n\n\n\n<p class=\"wp-block-paragraph\"><mark>Hace pocos d\u00edas, quien se hab\u00eda referido a una posible reaparici\u00f3n de Cristina fue su hijo M\u00e1ximo.<\/mark>&nbsp;<strong>\u201c\u00bfQuieren escuchar a Cristina? Compa\u00f1era, va a tener que hablar\u201d<\/strong>, dijo el diputado bonaerense en un acto de la militancia en Avellaneda, luego de que una militante le pidiera que quer\u00eda escucharla.<a href=\"https:\/\/www.lanacion.com.ar\/politica\/la-respuesta-de-los-radicales-a-mauricio-macri-tras-las-criticas-por-la-sesion-de-ganancias-nid20092023\/\" target=\"_blank\" rel=\"noreferrer noopener\"><em><\/em>LA RESPUESTA DE RADICALES A MAURICIO MACRI TRAS LAS CR\u00cdTICAS POR LA SESI\u00d3N DE GANANCIAS<\/a><\/p>\n\n\n\n<p class=\"wp-block-paragraph\">La reaparici\u00f3n se da tambi\u00e9n en momentos en que&nbsp;<strong>Massa viene buscando fortalecer la centralidad de su figura y se mueve con su impronta \u201cm\u00e1s pura\u201d<\/strong>, como reconocen internamente en el espacio. Sin embargo, seg\u00fan aclaran desde todas las terminales, la vicepresidenta y el ministro de Econom\u00eda mantienen una relaci\u00f3n diaria de visitas y llamados. De hecho varios de los consultados explicaban que la<mark>&nbsp;aparici\u00f3n de la exmandataria podr\u00eda ayudar a sumar votos que fueron propios y que en las PASO se habr\u00edan ido hacia Javier Milei, con quien el peronismo aspira a entrar en un eventual ballottage.<\/mark><\/p>\n\n\n\n<p class=\"wp-block-paragraph\">Por lo pronto, Massa pasar\u00e1 este fin de semana en Salta y Santiago del Estero, para luego poner el foco en el conurbano bonaerense, donde se concentra una importante porci\u00f3n del padr\u00f3n electoral.<\/p>\n\n\n\n<p class=\"wp-block-paragraph\">Fuente: <a href=\"https:\/\/www.lanacion.com.ar\/\">La Naci\u00f3n<\/a><\/p>","protected":false},"excerpt":{"rendered":"<p>Sergio Massa no asistir\u00e1 este s\u00e1bado al acto en el que Cristina Kirchner reaparecer\u00e1 en la escena p\u00fablica tras dos meses de silencio, pese a que la exmandataria lo invit\u00f3 personalmente a la presentaci\u00f3n de la reedici\u00f3n del libro&nbsp;Despu\u00e9s del derrumbe. Conversaciones de Torcuato Di Tella y N\u00e9stor Kirchner. Massa declin\u00f3 la invitaci\u00f3n, explicaron cerca [&hellip;]<\/p>\n","protected":false},"author":9,"featured_media":0,"comment_status":"open","ping_status":"open","sticky":false,"template":"","format":"standard","meta":{"site-sidebar-layout":"default","site-content-layout":"","ast-site-content-layout":"default","site-content-style":"default","site-sidebar-style":"default","ast-global-header-display":"","ast-banner-title-visibility":"","ast-main-header-display":"","ast-hfb-above-header-display":"","ast-hfb-below-header-display":"","ast-hfb-mobile-header-display":"","site-post-title":"","ast-breadcrumbs-content":"","ast-featured-img":"","footer-sml-layout":"","ast-disable-related-posts":"","theme-transparent-header-meta":"","adv-header-id-meta":"","stick-header-meta":"","header-above-stick-meta":"","header-main-stick-meta":"","header-below-stick-meta":"","astra-migrate-meta-layouts":"default","ast-page-background-enabled":"default","ast-page-background-meta":{"desktop":{"background-color":"","background-image":"","background-repeat":"repeat","background-position":"center center","background-size":"auto","background-attachment":"scroll","background-type":"","background-media":"","overlay-type":"","overlay-color":"","overlay-opacity":"","overlay-gradient":""},"tablet":{"background-color":"","background-image":"","background-repeat":"repeat","background-position":"center center","background-size":"auto","background-attachment":"scroll","background-type":"","background-media":"","overlay-type":"","overlay-color":"","overlay-opacity":"","overlay-gradient":""},"mobile":{"background-color":"","background-image":"","background-repeat":"repeat","background-position":"center center","background-size":"auto","background-attachment":"scroll","background-type":"","background-media":"","overlay-type":"","overlay-color":"","overlay-opacity":"","overlay-gradient":""}},"ast-content-background-meta":{"desktop":{"background-color":"var(--ast-global-color-5)","background-image":"","background-repeat":"repeat","background-position":"center center","background-size":"auto","background-attachment":"scroll","background-type":"","background-media":"","overlay-type":"","overlay-color":"","overlay-opacity":"","overlay-gradient":""},"tablet":{"background-color":"var(--ast-global-color-5)","background-image":"","background-repeat":"repeat","background-position":"center center","background-size":"auto","background-attachment":"scroll","background-type":"","background-media":"","overlay-type":"","overlay-color":"","overlay-opacity":"","overlay-gradient":""},"mobile":{"background-color":"var(--ast-global-color-5)","background-image":"","background-repeat":"repeat","background-position":"center center","background-size":"auto","background-attachment":"scroll","background-type":"","background-media":"","overlay-type":"","overlay-color":"","overlay-opacity":"","overlay-gradient":""}},"footnotes":""},"categories":[2],"tags":[],"class_list":["post-88613","post","type-post","status-publish","format-standard","hentry","category-politica"],"spectra_blocks_featured_image_url":null,"spectra_blocks_author_info":{"display_name":"Jorge Alfredo Baret","avatar_url":"https:\/\/secure.gravatar.com\/avatar\/31696f5ca83439b642450ec7d3f82f98451a5efacb414343d5478c982b337f26?s=96&d=mm&r=g","author_link":"https:\/\/100xd.com.ar\/es\/author\/jorge\/","description":"Ingeniero Qu\u00edmico UTN - Director Apoderado de Comunicaciones Auditadas SA. Editor Responsable 100xd.com.ar."},"_links":{"self":[{"href":"https:\/\/100xd.com.ar\/es\/wp-json\/wp\/v2\/posts\/88613","targetHints":{"allow":["GET"]}}],"collection":[{"href":"https:\/\/100xd.com.ar\/es\/wp-json\/wp\/v2\/posts"}],"about":[{"href":"https:\/\/100xd.com.ar\/es\/wp-json\/wp\/v2\/types\/post"}],"author":[{"embeddable":true,"href":"https:\/\/100xd.com.ar\/es\/wp-json\/wp\/v2\/users\/9"}],"replies":[{"embeddable":true,"href":"https:\/\/100xd.com.ar\/es\/wp-json\/wp\/v2\/comments?post=88613"}],"version-history":[{"count":1,"href":"https:\/\/100xd.com.ar\/es\/wp-json\/wp\/v2\/posts\/88613\/revisions"}],"predecessor-version":[{"id":88615,"href":"https:\/\/100xd.com.ar\/es\/wp-json\/wp\/v2\/posts\/88613\/revisions\/88615"}],"wp:attachment":[{"href":"https:\/\/100xd.com.ar\/es\/wp-json\/wp\/v2\/media?parent=88613"}],"wp:term":[{"taxonomy":"category","embeddable":true,"href":"https:\/\/100xd.com.ar\/es\/wp-json\/wp\/v2\/categories?post=88613"},{"taxonomy":"post_tag","embeddable":true,"href":"https:\/\/100xd.com.ar\/es\/wp-json\/wp\/v2\/tags?post=88613"}],"curies":[{"name":"wp","href":"https:\/\/api.w.org\/{rel}","templated":true}]}}