{"id":88377,"date":"2023-09-17T11:21:54","date_gmt":"2023-09-17T14:21:54","guid":{"rendered":"https:\/\/100xd.com.ar\/?p=88377"},"modified":"2023-09-17T11:21:54","modified_gmt":"2023-09-17T14:21:54","slug":"la-nueva-alianza-entre-milei-y-el-peronismo","status":"publish","type":"post","link":"https:\/\/100xd.com.ar\/es\/la-nueva-alianza-entre-milei-y-el-peronismo\/","title":{"rendered":"La nueva alianza entre Milei y el peronismo"},"content":{"rendered":"<p class=\"wp-block-paragraph\">Aveces, se parece al due\u00f1o de una querm\u00e9s rifando art\u00edculos del hogar a precios m\u00f3dicos; otras veces, simula ser un fil\u00e1ntropo dispuesto a donar su fortuna personal, aunque&nbsp;<mark>\u00e9l es generoso solo con el dinero del Estado<\/mark>.<strong>&nbsp;Sergio Massa<\/strong>&nbsp;est\u00e1 preparando su futuro, haya ganado o perdido en las pr\u00f3ximas elecciones presidenciales, e imagina ese destino de la mano de&nbsp;<strong>Javier Milei.<\/strong>&nbsp;El peronismo, en rigor, est\u00e1 entornando al l\u00edder libertario. \u201c\u00bfSaben cu\u00e1l es la diferencia entre Massa y Milei? Ninguna\u201d, pregunta y se responde un importante funcionario del gobierno de&nbsp;<strong>Alberto Fern\u00e1ndez<\/strong>. El compromiso de ambos con la verdad es casi inexistente; la indiferencia frente al rigor los hermana, argumenta ese peronista. Ya hab\u00edan surgido sospechas de un acercamiento del massismo a los libertarios cuando se supo que varios candidatos de Milei en Tigre, Escobar, Avellaneda y San Isidro, entre otros municipios del conurbano, hab\u00edan militado hasta el d\u00eda anterior en la filas del ministro de Econom\u00eda. Pero la mancha del recelo se ampli\u00f3 hacia todo el peronismo cuando aparecieron los infaltables dirigentes gremiales&nbsp;<strong>Luis Barrionuevo<\/strong>, gastron\u00f3mico, y&nbsp;<strong>Gerardo Mart\u00ednez<\/strong>, de la construcci\u00f3n, en cordiales conversaciones con Milei. El candidato libertario tropezar\u00e1 con un problema:&nbsp;<mark>no hay nada m\u00e1s parecido a una casta privilegiada, millonaria e impopular que la dirigencia sindical.<\/mark>&nbsp;Es el \u00fanico sector de la dirigencia pol\u00edtica o social argentina que tiene algunos l\u00edderes que comenzaron sus carreras antes del \u00faltimo r\u00e9gimen militar, como son los casos de&nbsp;<strong>Hugo Moyano<\/strong>, entre los camioneros; de&nbsp;<strong>Armando Cavalieri<\/strong>, entre los empleados de comercio, y de los propios Barrionuevo y Mart\u00ednez. Como es su costumbre, fue Barrionuevo el menos prudente en la exhibici\u00f3n verbal de su acrobacia pol\u00edtica. \u201c<mark>Y\u2026 nos tenemos que adaptar a los nuevos tiempos<\/mark>\u201d, se resign\u00f3 ante los micr\u00f3fonos el l\u00edder gastron\u00f3mico. Habr\u00e1 que tener fe y confiar en que no le ense\u00f1e a Milei a quemar urnas, que es lo que Barrionuevo hizo cuando fue un candidato perdidoso en Catamarca. El peronismo sabe que su porvenir m\u00e1s probable es la derrota; tambi\u00e9n constat\u00f3 que Milei es un hombre solo, que carece de estructura y hasta de eventuales candidatos para ocupar cargos p\u00fablicos. \u00bfPor qu\u00e9 no rodearlo desde ahora? \u00bfPor qu\u00e9 no so\u00f1ar con una presidencia breve de Milei, si fuera presidente, y con el regreso r\u00e1pido del peronismo al poder? Massa es la expresi\u00f3n pol\u00edtica de una alianza impl\u00edcita del peronismo con Milei; Barrionuevo y Mart\u00ednez, ambos con tanto olfato pol\u00edtico como insensibilidad moral, son las referencias sindicales del peronismo en ese consorcio inesperado.&nbsp;<mark>Massa muestra sin querer su simpat\u00eda por Milei hasta cuando lo enfrenta; as\u00ed, est\u00e1 sacando del combate electoral a&nbsp;<strong>Patricia Bullrich<\/strong><\/mark>, a quien el ministro prefiere en su casa porque ella representa a una coalici\u00f3n con m\u00e1s consistencia para conservar el poder. Massa exhibi\u00f3 tambi\u00e9n sin rubor tales simpat\u00edas cuando acept\u00f3 la invitaci\u00f3n p\u00fablica de Milei para tratar el presupuesto del a\u00f1o pr\u00f3ximo solo cuando haya asumido un nuevo gobierno.<\/p>\n\n\n\n<blockquote class=\"wp-block-quote is-layout-flow wp-block-quote-is-layout-flow\"><p>El actual desaf\u00edo de Patricia Bullrich es elegir correctamente a su enemigo<\/p><\/blockquote>\n\n\n\n<p class=\"wp-block-paragraph\">Hay argumentos m\u00e1s profundos que la mera rapi\u00f1a pol\u00edtica. En la grieta real entre republicanismo y antirrepublicanismo, entre el supuesto pueblo y el tambi\u00e9n supuesto antipueblo, Milei y el peronismo est\u00e1n m\u00e1s cerca de lo que se supone. \u00bfAcaso la \u201ccasta\u201d de Milei no es un enemigo muy parecido a los \u201cpoderes hegem\u00f3nicos\u201d que denuncia el peronismo kirchnerista? \u00bfLa \u201ccasta\u201d no es el \u201cantipueblo\u201d que agrede al \u201cpueblo\u201d, seg\u00fan la verborragia libertaria sustra\u00edda en parte del peronismo? \u00bfEl escaso respeto de Milei (casi una repulsi\u00f3n gen\u00e9tica) hacia el periodismo independiente no es una tara compartida hist\u00f3ricamente con el peronismo?&nbsp;<mark>El peronismo fantasea con un segunda vuelta en noviembre entre Milei y Massa<\/mark>. El ministro-candidato supone, adem\u00e1s, que los ballottages se pierden o se ganan por entre uno y cuatro puntos. Si le tocara perder, se ir\u00eda a su casa con el 45 o el 46 por ciento de los votos nacionales. \u201cEntonces empezar\u00e1 el tiempo de la renovaci\u00f3n peronista.&nbsp;<mark>Cristina Kirchner estar\u00e1 poco despu\u00e9s cumpliendo prisi\u00f3n domiciliaria<\/mark>\u201d, dicen interlocutores habituales del ministro de Econom\u00eda, sin escandalizarse.<\/p>\n\n\n\n<p class=\"wp-block-paragraph\">El obst\u00e1culo de Massa se oculta en su propia desfachatez como candidato y ministro. Seg\u00fan quienes han sido espectadores de&nbsp;<em>focus groups<\/em>, la sociedad est\u00e1 convencida de que Massa intenta sobornarla con sucesivos \u201cplanes platita\u201d. \u201cNo me comprar\u00e1\u201d, es, de acuerdo con tales testimonios, la frase m\u00e1s repetida en esos&nbsp;<em>focus<\/em>. Varios encuestadores sostienen que, de todos modos, Massa podr\u00e1 sumar solo uno o dos puntos hasta llegar al piso electoral m\u00e1s b\u00e1sico del peronismo, que ronda entre el 29 y el 30 por ciento del electorado. Pero aun con esos porcentajes podr\u00eda entrar en la segunda vuelta. El crecimiento de Milei se detuvo tras el primer envi\u00f3n luego de las elecciones primarias, cuando parec\u00eda que se encaminaba seguro a un triunfo en primera vuelta. Milei es, con todo, el \u00fanico protagonista seguro de un eventual ballottage.&nbsp;<mark>Massa podr\u00eda ser el otro actor de la segunda vuelta, si Patricia Bullrich no lograra encontrar un nuevo eje para su campa\u00f1a electoral.<\/mark><\/p>\n\n\n\n<p class=\"wp-block-paragraph\">Bullrich est\u00e1 haciendo una campa\u00f1a seg\u00fan los manuales cl\u00e1sicos de la encuestolog\u00eda y las ciencias pol\u00edticas: no se debe atacar, dicen esos libros, a los l\u00edderes antisistema porque tales embates terminan por fortalecerlos. Pas\u00f3 con&nbsp;<strong>Donald Trump<\/strong>; sucedi\u00f3 con&nbsp;<strong>Jair Bolsonaro<\/strong>. Sin embargo, hay otra conclusi\u00f3n que contradice esa hip\u00f3tesis: se\u00f1ala que la profunda crisis que vive la sociedad argentina quem\u00f3 los libros y la teor\u00eda. \u00bfO, acaso,&nbsp;<strong>Rodr\u00edguez Larreta<\/strong>&nbsp;no hizo una campa\u00f1a tambi\u00e9n guiado por los manuales cl\u00e1sicos, que indican que la gente com\u00fan se inclina por cambios serenos y previsibles? Sin embargo, la sociedad lo abandon\u00f3 y se fue con l\u00edderes m\u00e1s radicales en sus propuestas de cambio, como Bullrich y el propio Milei.<\/p>\n\n\n\n<p class=\"wp-block-paragraph\">Veamos las dificultades probables de Bullrich. Una consiste en que una parte importante de la sociedad (integrada por quienes tienen 37 a\u00f1os o menos) solo ha conocido la crisis actual. Lo que sucede es lo m\u00e1s grave que esos argentinos atravesaron en sus vidas. No tienen memoria vivencial del gran colapso de 2001\/2002. No vivieron los tiempos de los grupos armados insurgentes ni los de la dictadura militar ni los de las hiperinflaciones de&nbsp;<strong>Ra\u00fal Alfons\u00edn<\/strong>&nbsp;y de&nbsp;<strong>Carlos Menem<\/strong>.&nbsp;<mark>No saben, en s\u00edntesis, que se puede estar mucho peor<\/mark>. El otro problema se cifra en que una parte importante de la sociedad, harta del cuarto gobierno kirchnerista, vot\u00f3 en las elecciones legislativas de 2021 por&nbsp;<strong>Juntos por el Cambio<\/strong>; le permiti\u00f3 un triunfo a la coalici\u00f3n opositora por m\u00e1s de 8 puntos porcentuales. Pero luego no sucedi\u00f3 ning\u00fan cambio y, por el contrario, los principales referentes de la coalici\u00f3n se trenzaron en una interminable guerra civil por la candidatura presidencial. No pod\u00eda haber ning\u00fan cambio porque aquella fue una elecci\u00f3n de legisladores, no de funcionarios ejecutivos. Pero los dirigentes de Juntos por el Cambio podr\u00edan haber evitado el espect\u00e1culo de una desgastante lucha por el poder.<\/p>\n\n\n\n<p class=\"wp-block-paragraph\">Patricia Bullrich dirige sus diatribas al kirchnerismo y promete que terminar\u00e1 para siempre con esa corriente que lider\u00f3 el peronismo durante los \u00faltimos 20 a\u00f1os. El kirchnerismo se est\u00e1 yendo sin que nadie lo empuje o, m\u00e1s bien, empujado por sus propios errores. Para peor, lo aguardan desagradables resoluciones de la Justicia en tiempos muy inminentes. Tarde o temprano, Bullrich deber\u00e1 reconocer que su verdadero enemigo es Milei. La unanimidad de los consultores pol\u00edticos (no importa la generaci\u00f3n a la que pertenecen ni las ideas que profesan) sostiene que&nbsp;<mark>Bullrich deber\u00e1 enfrentar decididamente al candidato libertario si quiere competir con \u00e9l en una eventual segunda vuelta presidencial.<\/mark>&nbsp;\u201cLe tiene que pegar ahora en la frente a Milei, sin importarle si Macri est\u00e1 de acuerdo o no. Lo que est\u00e1 en juego es su destino pol\u00edtico\u201d, aconseja uno de ellos.<\/p>\n\n\n\n<p class=\"wp-block-paragraph\">El actual desaf\u00edo de Bullrich es, en efecto, elegir correctamente a su enemigo, que no es solo Massa. El ministro ya no es su problema; \u00e9l<mark>\u00a0se parece a un vendedor ambulante consumando el m\u00e1s descarado intento de soborno a la sociedad argentina que recuerde la democracia argentina.<\/mark>\u00a0Hace cosas que eran propias de los peque\u00f1os feudos peronistas del norte argentino. De paso, est\u00e1 quemando los pocos retazos que quedaban de confianza en la moneda nacional. Parafraseando a\u00a0<strong>Churchill,<\/strong>\u00a0aunque en el sentido inverso, nunca tan pocos hicieron tantos papelones en tan poco tiempo.<\/p>\n\n\n\n<p class=\"wp-block-paragraph\"><a href=\"https:\/\/www.lanacion.com.ar\/autor\/joaquin-morales-sola-51\/\">Joaqu\u00edn Morales Sol\u00e1<\/a><\/p>\n\n\n\n<p class=\"wp-block-paragraph\">Fuente: <a href=\"https:\/\/www.lanacion.com.ar\/\">La Naci\u00f3n<\/a><\/p>\n\n\n\n<h3 class=\"wp-block-heading\"><\/h3>","protected":false},"excerpt":{"rendered":"<p>Aveces, se parece al due\u00f1o de una querm\u00e9s rifando art\u00edculos del hogar a precios m\u00f3dicos; otras veces, simula ser un fil\u00e1ntropo dispuesto a donar su fortuna personal, aunque&nbsp;\u00e9l es generoso solo con el dinero del Estado.&nbsp;Sergio Massa&nbsp;est\u00e1 preparando su futuro, haya ganado o perdido en las pr\u00f3ximas elecciones presidenciales, e imagina ese destino de la [&hellip;]<\/p>\n","protected":false},"author":9,"featured_media":0,"comment_status":"open","ping_status":"open","sticky":false,"template":"","format":"standard","meta":{"site-sidebar-layout":"default","site-content-layout":"","ast-site-content-layout":"default","site-content-style":"default","site-sidebar-style":"default","ast-global-header-display":"","ast-banner-title-visibility":"","ast-main-header-display":"","ast-hfb-above-header-display":"","ast-hfb-below-header-display":"","ast-hfb-mobile-header-display":"","site-post-title":"","ast-breadcrumbs-content":"","ast-featured-img":"","footer-sml-layout":"","ast-disable-related-posts":"","theme-transparent-header-meta":"","adv-header-id-meta":"","stick-header-meta":"","header-above-stick-meta":"","header-main-stick-meta":"","header-below-stick-meta":"","astra-migrate-meta-layouts":"default","ast-page-background-enabled":"default","ast-page-background-meta":{"desktop":{"background-color":"","background-image":"","background-repeat":"repeat","background-position":"center center","background-size":"auto","background-attachment":"scroll","background-type":"","background-media":"","overlay-type":"","overlay-color":"","overlay-opacity":"","overlay-gradient":""},"tablet":{"background-color":"","background-image":"","background-repeat":"repeat","background-position":"center center","background-size":"auto","background-attachment":"scroll","background-type":"","background-media":"","overlay-type":"","overlay-color":"","overlay-opacity":"","overlay-gradient":""},"mobile":{"background-color":"","background-image":"","background-repeat":"repeat","background-position":"center center","background-size":"auto","background-attachment":"scroll","background-type":"","background-media":"","overlay-type":"","overlay-color":"","overlay-opacity":"","overlay-gradient":""}},"ast-content-background-meta":{"desktop":{"background-color":"var(--ast-global-color-5)","background-image":"","background-repeat":"repeat","background-position":"center center","background-size":"auto","background-attachment":"scroll","background-type":"","background-media":"","overlay-type":"","overlay-color":"","overlay-opacity":"","overlay-gradient":""},"tablet":{"background-color":"var(--ast-global-color-5)","background-image":"","background-repeat":"repeat","background-position":"center center","background-size":"auto","background-attachment":"scroll","background-type":"","background-media":"","overlay-type":"","overlay-color":"","overlay-opacity":"","overlay-gradient":""},"mobile":{"background-color":"var(--ast-global-color-5)","background-image":"","background-repeat":"repeat","background-position":"center center","background-size":"auto","background-attachment":"scroll","background-type":"","background-media":"","overlay-type":"","overlay-color":"","overlay-opacity":"","overlay-gradient":""}},"footnotes":""},"categories":[12],"tags":[],"class_list":["post-88377","post","type-post","status-publish","format-standard","hentry","category-opinion"],"spectra_blocks_featured_image_url":null,"spectra_blocks_author_info":{"display_name":"Jorge Alfredo Baret","avatar_url":"https:\/\/secure.gravatar.com\/avatar\/31696f5ca83439b642450ec7d3f82f98451a5efacb414343d5478c982b337f26?s=96&d=mm&r=g","author_link":"https:\/\/100xd.com.ar\/es\/author\/jorge\/","description":"Ingeniero Qu\u00edmico UTN - Director Apoderado de Comunicaciones Auditadas SA. Editor Responsable 100xd.com.ar."},"_links":{"self":[{"href":"https:\/\/100xd.com.ar\/es\/wp-json\/wp\/v2\/posts\/88377","targetHints":{"allow":["GET"]}}],"collection":[{"href":"https:\/\/100xd.com.ar\/es\/wp-json\/wp\/v2\/posts"}],"about":[{"href":"https:\/\/100xd.com.ar\/es\/wp-json\/wp\/v2\/types\/post"}],"author":[{"embeddable":true,"href":"https:\/\/100xd.com.ar\/es\/wp-json\/wp\/v2\/users\/9"}],"replies":[{"embeddable":true,"href":"https:\/\/100xd.com.ar\/es\/wp-json\/wp\/v2\/comments?post=88377"}],"version-history":[{"count":1,"href":"https:\/\/100xd.com.ar\/es\/wp-json\/wp\/v2\/posts\/88377\/revisions"}],"predecessor-version":[{"id":88379,"href":"https:\/\/100xd.com.ar\/es\/wp-json\/wp\/v2\/posts\/88377\/revisions\/88379"}],"wp:attachment":[{"href":"https:\/\/100xd.com.ar\/es\/wp-json\/wp\/v2\/media?parent=88377"}],"wp:term":[{"taxonomy":"category","embeddable":true,"href":"https:\/\/100xd.com.ar\/es\/wp-json\/wp\/v2\/categories?post=88377"},{"taxonomy":"post_tag","embeddable":true,"href":"https:\/\/100xd.com.ar\/es\/wp-json\/wp\/v2\/tags?post=88377"}],"curies":[{"name":"wp","href":"https:\/\/api.w.org\/{rel}","templated":true}]}}