{"id":87600,"date":"2023-09-04T10:39:02","date_gmt":"2023-09-04T13:39:02","guid":{"rendered":"https:\/\/100xd.com.ar\/?p=87600"},"modified":"2023-09-04T10:39:02","modified_gmt":"2023-09-04T13:39:02","slug":"fuerte-aumento-de-tarifas-quienes-y-como-pueden-acceder-al-subsidio","status":"publish","type":"post","link":"https:\/\/100xd.com.ar\/es\/fuerte-aumento-de-tarifas-quienes-y-como-pueden-acceder-al-subsidio\/","title":{"rendered":"Fuerte aumento de tarifas, \u00bfqui\u00e9nes y c\u00f3mo pueden acceder al subsidio?"},"content":{"rendered":"<p class=\"wp-block-paragraph\">En el marco de la segmentaci\u00f3n de&nbsp;<a target=\"_blank\" href=\"https:\/\/www.perfil.com\/noticias\/actualidad\/el-fmi-pidio-que-suban-las-tarifas-pero-en-economia-no-definieron-todavia-quien-paga.phtml\" rel=\"noreferrer noopener\">tarifas&nbsp;<\/a>que anunci\u00f3 el gobierno, es posible solicitar el&nbsp;<a target=\"_blank\" href=\"http:\/\/https\/\/www.perfil.com\/noticias\/economia\/que-se-sabe-sobre-la-proxima-quita-de-subsidios-a-las-tarifas-de-luz.phtml\" rel=\"noreferrer noopener\">subsidio<\/a>&nbsp;a las tarifas de energ\u00eda.&nbsp;Pero algo que no es muy popular,&nbsp;<strong>es que es posible modificar el subsidio si cambiaron los ingresos de los integrantes de la vivienda.<\/strong>https:\/\/rudo.video\/vod\/oWE6ke46zs?volume=0<\/p>\n\n\n\n<p class=\"wp-block-paragraph\">L<strong>os topes de cada grupo de la segmentaci\u00f3n cambian mes a mes seg\u00fan la variaci\u00f3n de la canasta b\u00e1sica del INDEC,<\/strong>&nbsp;es por esto que puede haber modificaciones.<\/p>\n\n\n\n<p class=\"wp-block-paragraph\"><strong>De esta manera quienes perdieron subsidios, pueden recuperarlos, o tambi\u00e9n pasar a otra categor\u00eda con m\u00e1s descuento<\/strong>.<\/p>\n\n\n\n<p class=\"wp-block-paragraph\"><strong>Para esto habr\u00e1 que entrar en argentina.gob.ar\/subsidios y podremos hacer la solicitud por primera vez,<\/strong>&nbsp;modificar una ya hecha, o bien pedir la reevaluaci\u00f3n del caso.<\/p>\n\n\n\n<p class=\"wp-block-paragraph\">Se recomienda que en caso de haber notado variaciones en la categor\u00eda del subsidio, o en caso de haberlo perdido, se verifiquen los datos en este sitio web.<\/p>\n\n\n\n<p class=\"wp-block-paragraph\">Fuente:<a href=\"https:\/\/www.perfil.com\/\"> Perfil.com<\/a><\/p>","protected":false},"excerpt":{"rendered":"<p>En el marco de la segmentaci\u00f3n de&nbsp;tarifas&nbsp;que anunci\u00f3 el gobierno, es posible solicitar el&nbsp;subsidio&nbsp;a las tarifas de energ\u00eda.&nbsp;Pero algo que no es muy popular,&nbsp;es que es posible modificar el subsidio si cambiaron los ingresos de los integrantes de la vivienda.https:\/\/rudo.video\/vod\/oWE6ke46zs?volume=0 Los topes de cada grupo de la segmentaci\u00f3n cambian mes a mes seg\u00fan la variaci\u00f3n [&hellip;]<\/p>\n","protected":false},"author":9,"featured_media":0,"comment_status":"open","ping_status":"open","sticky":false,"template":"","format":"standard","meta":{"site-sidebar-layout":"default","site-content-layout":"","ast-site-content-layout":"default","site-content-style":"default","site-sidebar-style":"default","ast-global-header-display":"","ast-banner-title-visibility":"","ast-main-header-display":"","ast-hfb-above-header-display":"","ast-hfb-below-header-display":"","ast-hfb-mobile-header-display":"","site-post-title":"","ast-breadcrumbs-content":"","ast-featured-img":"","footer-sml-layout":"","ast-disable-related-posts":"","theme-transparent-header-meta":"","adv-header-id-meta":"","stick-header-meta":"","header-above-stick-meta":"","header-main-stick-meta":"","header-below-stick-meta":"","astra-migrate-meta-layouts":"default","ast-page-background-enabled":"default","ast-page-background-meta":{"desktop":{"background-color":"","background-image":"","background-repeat":"repeat","background-position":"center center","background-size":"auto","background-attachment":"scroll","background-type":"","background-media":"","overlay-type":"","overlay-color":"","overlay-opacity":"","overlay-gradient":""},"tablet":{"background-color":"","background-image":"","background-repeat":"repeat","background-position":"center center","background-size":"auto","background-attachment":"scroll","background-type":"","background-media":"","overlay-type":"","overlay-color":"","overlay-opacity":"","overlay-gradient":""},"mobile":{"background-color":"","background-image":"","background-repeat":"repeat","background-position":"center center","background-size":"auto","background-attachment":"scroll","background-type":"","background-media":"","overlay-type":"","overlay-color":"","overlay-opacity":"","overlay-gradient":""}},"ast-content-background-meta":{"desktop":{"background-color":"var(--ast-global-color-5)","background-image":"","background-repeat":"repeat","background-position":"center center","background-size":"auto","background-attachment":"scroll","background-type":"","background-media":"","overlay-type":"","overlay-color":"","overlay-opacity":"","overlay-gradient":""},"tablet":{"background-color":"var(--ast-global-color-5)","background-image":"","background-repeat":"repeat","background-position":"center center","background-size":"auto","background-attachment":"scroll","background-type":"","background-media":"","overlay-type":"","overlay-color":"","overlay-opacity":"","overlay-gradient":""},"mobile":{"background-color":"var(--ast-global-color-5)","background-image":"","background-repeat":"repeat","background-position":"center center","background-size":"auto","background-attachment":"scroll","background-type":"","background-media":"","overlay-type":"","overlay-color":"","overlay-opacity":"","overlay-gradient":""}},"footnotes":""},"categories":[25],"tags":[],"class_list":["post-87600","post","type-post","status-publish","format-standard","hentry","category-destacado"],"spectra_blocks_featured_image_url":null,"spectra_blocks_author_info":{"display_name":"Jorge Alfredo Baret","avatar_url":"https:\/\/secure.gravatar.com\/avatar\/31696f5ca83439b642450ec7d3f82f98451a5efacb414343d5478c982b337f26?s=96&d=mm&r=g","author_link":"https:\/\/100xd.com.ar\/es\/author\/jorge\/","description":"Ingeniero Qu\u00edmico UTN - Director Apoderado de Comunicaciones Auditadas SA. Editor Responsable 100xd.com.ar."},"_links":{"self":[{"href":"https:\/\/100xd.com.ar\/es\/wp-json\/wp\/v2\/posts\/87600","targetHints":{"allow":["GET"]}}],"collection":[{"href":"https:\/\/100xd.com.ar\/es\/wp-json\/wp\/v2\/posts"}],"about":[{"href":"https:\/\/100xd.com.ar\/es\/wp-json\/wp\/v2\/types\/post"}],"author":[{"embeddable":true,"href":"https:\/\/100xd.com.ar\/es\/wp-json\/wp\/v2\/users\/9"}],"replies":[{"embeddable":true,"href":"https:\/\/100xd.com.ar\/es\/wp-json\/wp\/v2\/comments?post=87600"}],"version-history":[{"count":1,"href":"https:\/\/100xd.com.ar\/es\/wp-json\/wp\/v2\/posts\/87600\/revisions"}],"predecessor-version":[{"id":87602,"href":"https:\/\/100xd.com.ar\/es\/wp-json\/wp\/v2\/posts\/87600\/revisions\/87602"}],"wp:attachment":[{"href":"https:\/\/100xd.com.ar\/es\/wp-json\/wp\/v2\/media?parent=87600"}],"wp:term":[{"taxonomy":"category","embeddable":true,"href":"https:\/\/100xd.com.ar\/es\/wp-json\/wp\/v2\/categories?post=87600"},{"taxonomy":"post_tag","embeddable":true,"href":"https:\/\/100xd.com.ar\/es\/wp-json\/wp\/v2\/tags?post=87600"}],"curies":[{"name":"wp","href":"https:\/\/api.w.org\/{rel}","templated":true}]}}