{"id":87525,"date":"2023-09-02T11:51:25","date_gmt":"2023-09-02T14:51:25","guid":{"rendered":"https:\/\/100xd.com.ar\/?p=87525"},"modified":"2023-09-02T11:51:25","modified_gmt":"2023-09-02T14:51:25","slug":"empleo-publico-el-dato-que-preocupa-de-un-gobierno-en-retirada","status":"publish","type":"post","link":"https:\/\/100xd.com.ar\/es\/empleo-publico-el-dato-que-preocupa-de-un-gobierno-en-retirada\/","title":{"rendered":"Empleo p\u00fablico: el dato que preocupa de un gobierno en retirada"},"content":{"rendered":"<p class=\"wp-block-paragraph\">En agosto de 2022, el&nbsp;Indec&nbsp;comenz\u00f3 a publicar&nbsp;un informe de&nbsp;<strong>empleados<\/strong>&nbsp;dependientes del Estado nacional&nbsp;y eran 323.372. En mayo de este a\u00f1o el total de la misma plantilla salt\u00f3 a los 342.311, todo un&nbsp;r\u00e9cord. El dato preocupa a solo unos meses del cambio de gobierno.<\/p>\n\n\n\n<p class=\"wp-block-paragraph\">Si se toma el total de&nbsp;<strong>empleados p\u00fablicos<\/strong>&nbsp;incluyendo estados y empresas provinciales se podr\u00eda decir que las cosas no son muy distintas. La cantidad de&nbsp;personas que cobran salario de la Naci\u00f3n y de las provincias es la m\u00e1s alta de los \u00faltimos diez a\u00f1os.&nbsp;Tanto los estados provinciales como el Nacional, incluyendo empresas y sociedades del Estado,&nbsp;llegaron al m\u00e1ximo de dotaci\u00f3n&nbsp;de personal en un decenio.<\/p>\n\n\n\n<p class=\"wp-block-paragraph\">La planta lleva 31 meses consecutivos en expansi\u00f3n&nbsp;y alcanz\u00f3 en mayo un valor sin precedentes,&nbsp;casi 3,5 millones de&nbsp;<strong>empleados p\u00fablicos<\/strong>. 3.429.784, para ser exactos, aunque es de esperarse que al ritmo actual de nombramientos los n\u00fameros sean mayores cuando los informes se actualicen.<\/p>\n\n\n\n<figure data-spectra-id=\"spectra-74705e20-e2bf-4cec-b10a-97726908a980\" class=\"wp-block-image\"><img decoding=\"async\" src=\"https:\/\/www.mdzol.com\/u\/fotografias\/m\/2023\/8\/12\/f768x1-1458034_1458161_5050.jpg\" alt=\"F768x1 1458034 1458161 5050\" title=\"Empleo p\u00fablico: el dato que preocupa de un gobierno en retirada\" \/><\/figure>\n\n\n\n<p class=\"wp-block-paragraph\">El INCAA, por ejemplo,&nbsp;lanz\u00f3 un concurso para ocupar&nbsp;108 cargos vacantes&nbsp;en la planta permanente. La inscripci\u00f3n electr\u00f3nica para los postulantes comenz\u00f3 el 22 de agosto y culmin\u00f3 el 25, seg\u00fan la Resoluci\u00f3n 1180\/2023, firmada por Nicol\u00e1s Batlle, presidente del Instituto.<strong>NOTICIAS RELACIONADAS<\/strong><\/p>\n\n\n\n<ul class=\"wp-block-list\"><li><a href=\"https:\/\/www.mdzol.com\/politica\/2023\/8\/29\/bono-de-60000-que-empleados-alcanza-en-los-departamentos-radicales-364511.html\">Bono de $60.000: a qu\u00e9 empleados alcanza en los departamentos radicales<\/a><\/li><li><a href=\"https:\/\/www.mdzol.com\/sociedad\/2023\/8\/21\/conflicto-en-empresas-por-empleados-que-cobran-en-mano-mas-que-sus-jefes-362283.html\">Conflicto en empresas por empleados que cobran en mano m\u00e1s que sus jefes<\/a><\/li><\/ul>\n\n\n\n<p class=\"wp-block-paragraph\">Y todo esto&nbsp;a menos de 100 d\u00edas de dejar el Gobierno. En una econom\u00eda con alta inflaci\u00f3n pareciera que la \u00fanica manera de generar empleo es a costa del dinero de los contribuyentes.<\/p>\n\n\n\n<p class=\"wp-block-paragraph\">Durante el mes de agosto&nbsp;el&nbsp;<strong>festival de nombramientos<\/strong>&nbsp;y ascensos sigui\u00f3 como si nada.&nbsp;Hubo designaciones tanto en condici\u00f3n transitoria como en plantas permanentes de distintas dependencias p\u00fablicas.<\/p>\n\n\n\n<p class=\"wp-block-paragraph\">Solo durante el octavo mes del a\u00f1o hubo designaciones en las Plantas Permanentes del Ministerio de Cultura y la Direcci\u00f3n Nacional de Migraciones. Tambi\u00e9n a comienzos de agosto se nombr\u00f3 una&nbsp;asesora en el INADI.<\/p>\n\n\n\n<p class=\"wp-block-paragraph\">Argentina ya tiene asesora de planificaci\u00f3n e implementaci\u00f3n de pol\u00edticas p\u00fablicas en el Inadi; se trata de&nbsp;Carolina Bel\u00e9n Demonte. Por otra parte, se design\u00f3 a&nbsp;Pablo Exequiel Berm\u00fadez&nbsp;como Director Nacional de An\u00e1lisis de Pol\u00edticas de Interior, cargo que depende del Ministerio del Interior de&nbsp;Eduardo &#8220;Wado&#8221; de Pedro.<\/p>\n\n\n\n<p class=\"wp-block-paragraph\">Pero por sobre todos, en el mes de agosto se destacan dos concursos que entre ambos significan casi 300 sueldos m\u00e1s para las alica\u00eddas cuentas p\u00fablicas.<\/p>\n\n\n\n<p class=\"wp-block-paragraph\">En los dos casos hablamos de ingresos a la planta permanente. Se dio inicio al proceso de R\u00e9gimen para la Selecci\u00f3n de Personal Profesional para la cobertura de 172 cargos vacantes para la planta permanente del Hospital Nacional en Red Especializado en Salud Mental y adicciones \u201cLicenciada Laura Bonaparte\u201d<\/p>\n\n\n\n<p class=\"wp-block-paragraph\">La&nbsp;semana&nbsp;que termin\u00f3 estuvo&nbsp;cargada de designaciones&nbsp;para la estructura nacional.&nbsp;El lunes 28 de agosto hubo 16 nombramientos. La mayor\u00eda son cargos temporales como administrativos en la&nbsp;Polic\u00eda de Seguridad Aeroportuaria.&nbsp;Entre los nuevos funcionarios se destaca el nuevo Director de Vigilancia, Control en Fronteras, Hidrov\u00edas y Centros de Monitoreo (Ministerio de Seguridad), Guillermo Melo.<\/p>\n\n\n\n<figure data-spectra-id=\"spectra-84bba15f-ea0a-4932-9017-8e7a8647331d\" class=\"wp-block-image\"><img decoding=\"async\" src=\"https:\/\/www.mdzol.com\/u\/fotografias\/m\/2023\/8\/6\/f768x1-1454372_1454499_2729.jpg\" alt=\"F768x1 1454372 1454499 2729\" title=\"Empleo p\u00fablico: el dato que preocupa de un gobierno en retirada\" \/><\/figure>\n\n\n\n<p class=\"wp-block-paragraph\">Este martes 29 de agosto&nbsp;de 2023, se publicaron&nbsp;dos nombramientos en el Estado&nbsp;en el Bolet\u00edn Oficial de la Naci\u00f3n, ambos en el&nbsp;Ministerio de Relaciones Exteriores (Canciller\u00eda).&nbsp;Entre los nombramientos se destaca el de la arquitecta&nbsp;Mar\u00eda Bel\u00e9n Fortich, como directora de Planeamiento y Proyectos de la Direcci\u00f3n General de Infraestructura.<\/p>\n\n\n\n<p class=\"wp-block-paragraph\">Se cre\u00f3 una comisi\u00f3n dentro de la Secretar\u00eda de DDHH&nbsp;para investigar las&nbsp;denuncias&nbsp;sobre lo ocurrido en Jujuy. Pero tambi\u00e9n nombraron nuevos funcionarios. La creaci\u00f3n de una comisi\u00f3n dedicada exclusivamente a recibir e investigar denuncias de violencia institucional en Jujuy fue oficializada este mi\u00e9rcoles, ante la publicaci\u00f3n del decreto pertinente. Pero no fue la \u00fanica novedad vinculada a la Secretar\u00eda de Derechos Humanos.<\/p>\n\n\n\n<p class=\"wp-block-paragraph\">Al mismo tiempo, en el Bolet\u00edn Oficial,&nbsp;se nombr\u00f3 a un nuevo funcionario en la Secretar\u00eda de Derechos Humanos de la Naci\u00f3n: Facundo Ram\u00f3n Fern\u00e1ndez,&nbsp;flamante &#8220;Referente de Administraci\u00f3n y Gesti\u00f3n de Personal del Centro Internacional para la Promoci\u00f3n de los DDHH&#8221;.<\/p>\n\n\n\n<p class=\"wp-block-paragraph\">Solo&nbsp;esta \u00faltima semana hubo m\u00e1s de<strong>&nbsp;20 nombramientos<\/strong>, entre transitorios de 180 d\u00edas que luego se suelen renovar y permanentes. Adem\u00e1s de una gran cantidad de promociones, suplementos salariales y&nbsp; asignaciones de tareas, todas diferentes formas de engordar las cuentas del erario p\u00fablico.<\/p>\n\n\n\n<p class=\"wp-block-paragraph\">Este viernes mismo, primer d\u00eda del mes de septiembre, se publicaron en Bolet\u00edn Oficial de la Naci\u00f3n distintas decisiones administrativas y resoluciones que hacen ver que las cosas no van a cambiar demasiado.<\/p>\n\n\n\n<p class=\"wp-block-paragraph\">El 1 de septiembre se pueden contabilizar una&nbsp;designaci\u00f3n transitoria en el Ministerio de Justicia; 9 promociones en Desarrollo Social;&nbsp;una suplemento salarial tambi\u00e9n en la cartera que encabeza&nbsp;Victoria Tolosa Paz;&nbsp;6 promociones, es decir ascensos, en el Tribunal de Tasaci\u00f3n de la Naci\u00f3n; una promoci\u00f3n en el Ministerio de Econom\u00eda y 2 ascensos en la Secretar\u00eda de Asuntos Estrat\u00e9gicos.&nbsp;<\/p>\n\n\n\n<p class=\"wp-block-paragraph\">Tambi\u00e9n se pueden contabilizar, solo en el d\u00eda de ayer,\u00a024 asignaciones de tareas en la Secretar\u00eda Legal y T\u00e9cnica,\u00a0una forma elegante de acomodar a la tropa para seguir agrand\u00e1ndola.\u00a0<\/p>\n\n\n\n<p class=\"wp-block-paragraph\">Fuente: <a href=\"https:\/\/www.mdzol.com\/\">Mendoza online<\/a><\/p>","protected":false},"excerpt":{"rendered":"<p>En agosto de 2022, el&nbsp;Indec&nbsp;comenz\u00f3 a publicar&nbsp;un informe de&nbsp;empleados&nbsp;dependientes del Estado nacional&nbsp;y eran 323.372. En mayo de este a\u00f1o el total de la misma plantilla salt\u00f3 a los 342.311, todo un&nbsp;r\u00e9cord. El dato preocupa a solo unos meses del cambio de gobierno. Si se toma el total de&nbsp;empleados p\u00fablicos&nbsp;incluyendo estados y empresas provinciales se podr\u00eda [&hellip;]<\/p>\n","protected":false},"author":9,"featured_media":0,"comment_status":"open","ping_status":"open","sticky":false,"template":"","format":"standard","meta":{"site-sidebar-layout":"default","site-content-layout":"","ast-site-content-layout":"default","site-content-style":"default","site-sidebar-style":"default","ast-global-header-display":"","ast-banner-title-visibility":"","ast-main-header-display":"","ast-hfb-above-header-display":"","ast-hfb-below-header-display":"","ast-hfb-mobile-header-display":"","site-post-title":"","ast-breadcrumbs-content":"","ast-featured-img":"","footer-sml-layout":"","ast-disable-related-posts":"","theme-transparent-header-meta":"","adv-header-id-meta":"","stick-header-meta":"","header-above-stick-meta":"","header-main-stick-meta":"","header-below-stick-meta":"","astra-migrate-meta-layouts":"default","ast-page-background-enabled":"default","ast-page-background-meta":{"desktop":{"background-color":"","background-image":"","background-repeat":"repeat","background-position":"center center","background-size":"auto","background-attachment":"scroll","background-type":"","background-media":"","overlay-type":"","overlay-color":"","overlay-opacity":"","overlay-gradient":""},"tablet":{"background-color":"","background-image":"","background-repeat":"repeat","background-position":"center center","background-size":"auto","background-attachment":"scroll","background-type":"","background-media":"","overlay-type":"","overlay-color":"","overlay-opacity":"","overlay-gradient":""},"mobile":{"background-color":"","background-image":"","background-repeat":"repeat","background-position":"center center","background-size":"auto","background-attachment":"scroll","background-type":"","background-media":"","overlay-type":"","overlay-color":"","overlay-opacity":"","overlay-gradient":""}},"ast-content-background-meta":{"desktop":{"background-color":"var(--ast-global-color-5)","background-image":"","background-repeat":"repeat","background-position":"center center","background-size":"auto","background-attachment":"scroll","background-type":"","background-media":"","overlay-type":"","overlay-color":"","overlay-opacity":"","overlay-gradient":""},"tablet":{"background-color":"var(--ast-global-color-5)","background-image":"","background-repeat":"repeat","background-position":"center center","background-size":"auto","background-attachment":"scroll","background-type":"","background-media":"","overlay-type":"","overlay-color":"","overlay-opacity":"","overlay-gradient":""},"mobile":{"background-color":"var(--ast-global-color-5)","background-image":"","background-repeat":"repeat","background-position":"center center","background-size":"auto","background-attachment":"scroll","background-type":"","background-media":"","overlay-type":"","overlay-color":"","overlay-opacity":"","overlay-gradient":""}},"footnotes":""},"categories":[25],"tags":[],"class_list":["post-87525","post","type-post","status-publish","format-standard","hentry","category-destacado"],"spectra_blocks_featured_image_url":null,"spectra_blocks_author_info":{"display_name":"Jorge Alfredo Baret","avatar_url":"https:\/\/secure.gravatar.com\/avatar\/31696f5ca83439b642450ec7d3f82f98451a5efacb414343d5478c982b337f26?s=96&d=mm&r=g","author_link":"https:\/\/100xd.com.ar\/es\/author\/jorge\/","description":"Ingeniero Qu\u00edmico UTN - Director Apoderado de Comunicaciones Auditadas SA. Editor Responsable 100xd.com.ar."},"_links":{"self":[{"href":"https:\/\/100xd.com.ar\/es\/wp-json\/wp\/v2\/posts\/87525","targetHints":{"allow":["GET"]}}],"collection":[{"href":"https:\/\/100xd.com.ar\/es\/wp-json\/wp\/v2\/posts"}],"about":[{"href":"https:\/\/100xd.com.ar\/es\/wp-json\/wp\/v2\/types\/post"}],"author":[{"embeddable":true,"href":"https:\/\/100xd.com.ar\/es\/wp-json\/wp\/v2\/users\/9"}],"replies":[{"embeddable":true,"href":"https:\/\/100xd.com.ar\/es\/wp-json\/wp\/v2\/comments?post=87525"}],"version-history":[{"count":1,"href":"https:\/\/100xd.com.ar\/es\/wp-json\/wp\/v2\/posts\/87525\/revisions"}],"predecessor-version":[{"id":87527,"href":"https:\/\/100xd.com.ar\/es\/wp-json\/wp\/v2\/posts\/87525\/revisions\/87527"}],"wp:attachment":[{"href":"https:\/\/100xd.com.ar\/es\/wp-json\/wp\/v2\/media?parent=87525"}],"wp:term":[{"taxonomy":"category","embeddable":true,"href":"https:\/\/100xd.com.ar\/es\/wp-json\/wp\/v2\/categories?post=87525"},{"taxonomy":"post_tag","embeddable":true,"href":"https:\/\/100xd.com.ar\/es\/wp-json\/wp\/v2\/tags?post=87525"}],"curies":[{"name":"wp","href":"https:\/\/api.w.org\/{rel}","templated":true}]}}