{"id":87323,"date":"2023-08-29T11:06:34","date_gmt":"2023-08-29T14:06:34","guid":{"rendered":"https:\/\/100xd.com.ar\/?p=87323"},"modified":"2023-08-29T11:06:34","modified_gmt":"2023-08-29T14:06:34","slug":"como-es-el-superministerio-de-economia-que-disena-el-equipo-de-milei-en-caso-de-llegar-al-gobierno","status":"publish","type":"post","link":"https:\/\/100xd.com.ar\/es\/como-es-el-superministerio-de-economia-que-disena-el-equipo-de-milei-en-caso-de-llegar-al-gobierno\/","title":{"rendered":"C\u00f3mo es el \u201csuperministerio de Econom\u00eda\u201d que dise\u00f1a el equipo de Milei en caso de llegar al Gobierno"},"content":{"rendered":"<p class=\"wp-block-paragraph\">Dada las principales propuestas de campa\u00f1a que viene anunciando, entre las que se incluyen un&nbsp;<strong>fuerte ajuste en el gasto p\u00fablico y la dolarizaci\u00f3n<\/strong>, se prev\u00e9 que el Ministerio de Econom\u00eda ser\u00e1 una de las carteras m\u00e1s importantes en un eventual gobierno de&nbsp;<strong>Javier Milei.&nbsp;<\/strong>Es por eso que parte de su equipo ya est\u00e1 trabajando en el dise\u00f1o que tendr\u00e1 y las \u00e1reas que concentrar\u00e1.<a href=\"https:\/\/www.infobae.com\/politica\/2023\/04\/29\/las-10-propuestas-de-javier-milei-si-llega-a-ser-presidente-dolarizacion-recortes-y-que-hara-con-las-empresas-publicas\/\" target=\"_blank\" rel=\"noreferrer noopener\">Te puede interesar:<strong>Las 10 propuestas de Javier Milei si llega a ser presidente: dolarizaci\u00f3n, recortes y qu\u00e9 har\u00e1 con las empresas p\u00fablicas<\/strong><\/a><a href=\"https:\/\/www.infobae.com\/politica\/2023\/08\/29\/las-cuentas-del-gobierno-de-cara-a-octubre-milei-primero-caida-de-bullrich-y-massa-en-el-balotaje\/\" target=\"_blank\" rel=\"noreferrer noopener\">Te puede interesar:<strong>Las cuentas del Gobierno de cara a octubre: Milei primero, ca\u00edda de Bullrich y Massa en el balotaje<\/strong><\/a><\/p>\n\n\n\n<p class=\"wp-block-paragraph\">Si bien todav\u00eda hay cautela en el espacio, y ni siquiera est\u00e1 definido el nombre de la persona que estar\u00e1 al frente del Palacio de Hacienda, el entorno del candidato presidencial de La Libertad Avanza est\u00e1 dise\u00f1ando un posible organigrama que luego se pondr\u00e1 en consideraci\u00f3n del dirigente opositor.<\/p>\n\n\n\n<p class=\"wp-block-paragraph\">De acuerdo con lo que precisaron a<strong>&nbsp;Infobae<\/strong>&nbsp;fuentes cercanas al l\u00edder del partido, este lunes al mediod\u00eda se reunieron&nbsp;<strong>Dar\u00edo Epstein<\/strong>, que es el hombre de consulta en temas financieros y del mercado, y&nbsp;<strong>Nicol\u00e1s Posse<\/strong>, que coordina los equipos t\u00e9cnicos.<\/p>\n\n\n\n<p class=\"wp-block-paragraph\">Durante&nbsp;<strong>alrededor de una hora y media<\/strong>, ambos estuvieron pensando la estructura que tendr\u00eda este \u201cSuper Ministerio de Econom\u00eda\u201d, que ser\u00eda similar al que en su momento encabez\u00f3&nbsp;<strong>Domingo Cavallo&nbsp;<\/strong>durante la gesti\u00f3n de&nbsp;<strong>Carlos Menem<\/strong>.<\/p>\n\n\n\n<p class=\"wp-block-paragraph\">En m\u00e1s de una oportunidad, el propio Milei sostuvo que la primera administraci\u00f3n del fallecido presidente riojano fue \u201cla mejor de la historia argentina\u201d, debido a la efectividad que logr\u00f3 el plan de convertibilidad para controlar los precios tras la hiperinflaci\u00f3n que se desat\u00f3 durante el mandato de Ra\u00fal Alfons\u00edn.<img loading=\"lazy\" decoding=\"async\" alt=\"El equipo de Javier Milei considera que el Ministerio de Econom\u00eda debe ser similar al que comand\u00f3 Domingo Cavallo \" height=\"1080\" width=\"1920\" src=\"https:\/\/www.infobae.com\/new-resizer\/YGxsFSuK6P4WsVgrqiJJy8mtUvU=\/arc-anglerfish-arc2-prod-infobae\/public\/MPXEC237YZDFXHSH4GULBCR2IA.jpg\" srcset=\"https:\/\/www.infobae.com\/new-resizer\/6pOVgSnX9yZdKZg2LvEjq_MNV7s=\/420x236\/filters:format(webp):quality(85)\/cloudfront-us-east-1.images.arcpublishing.com\/infobae\/MPXEC237YZDFXHSH4GULBCR2IA.jpg 420w,https:\/\/www.infobae.com\/new-resizer\/9HJxzUwzxBB_MZ25qL9IymwZt-M=\/768x432\/filters:format(webp):quality(85)\/cloudfront-us-east-1.images.arcpublishing.com\/infobae\/MPXEC237YZDFXHSH4GULBCR2IA.jpg 768w,https:\/\/www.infobae.com\/new-resizer\/yblGzMwbH7RBEeUBkeu_5Ob_J38=\/992x558\/filters:format(webp):quality(85)\/cloudfront-us-east-1.images.arcpublishing.com\/infobae\/MPXEC237YZDFXHSH4GULBCR2IA.jpg 992w,https:\/\/www.infobae.com\/new-resizer\/L1voEtNZFBsPQyeBmAec5IgORTo=\/1200x675\/filters:format(webp):quality(85)\/cloudfront-us-east-1.images.arcpublishing.com\/infobae\/MPXEC237YZDFXHSH4GULBCR2IA.jpg 1200w,https:\/\/www.infobae.com\/new-resizer\/fsC8YY2IuvpkNuzWwkkU0SDstHA=\/1440x810\/filters:format(webp):quality(85)\/cloudfront-us-east-1.images.arcpublishing.com\/infobae\/MPXEC237YZDFXHSH4GULBCR2IA.jpg 1440w\" title=\"C\u00f3mo es el \u201csuperministerio de Econom\u00eda\u201d que dise\u00f1a el equipo de Milei en caso de llegar al Gobierno\">El equipo de Javier Milei considera que el Ministerio de Econom\u00eda debe ser similar al que comand\u00f3 Domingo Cavallo<\/p>\n\n\n\n<p class=\"wp-block-paragraph\">\u201cCavallo hizo la convertibilidad y la Argentina tuvo un incremento de la producci\u00f3n como nunca en la historia. Yo hablo con Cavallo. Discutimos de econom\u00eda, hablamos de econom\u00eda. Para m\u00ed es un honor hablar con \u00e9l\u201d, lleg\u00f3 a decir durante una entrevista radial.<\/p>\n\n\n\n<p class=\"wp-block-paragraph\">En el encuentro de este lunes, Epstein y Posse analizaron las secretar\u00edas que integran actualmente la cartera que comanda Sergio Massa y&nbsp;<strong>comenzaron a pensar en las atribuciones que debe mantener, o incluso sumar,<\/strong>&nbsp;si es que La Libertad Avanza gana las elecciones y alcanza el poder.<\/p>\n\n\n\n<p class=\"wp-block-paragraph\">Para los asesores del libertario, el organismo deber\u00eda ser m\u00e1s parecido al que ten\u00eda Cavallo en su momento que al \u201cloteado\u201d que plante\u00f3&nbsp;<strong>Mauricio Macri&nbsp;<\/strong>durante el gobierno de Cambiemos, ya que consideran que tiene que ser fuerte para poder articular toda la pol\u00edtica econ\u00f3mica en un periodo de transici\u00f3n,&nbsp;<strong>de cara a la disoluci\u00f3n del Banco Central y la dolarizaci\u00f3n del pa\u00eds.<\/strong><\/p>\n\n\n\n<p class=\"wp-block-paragraph\">En este sentido, el Palacio de Hacienda concentrar\u00eda tanto el comercio exterior e interior, como las \u00e1reas de agricultura, ganader\u00eda y pesca; energ\u00eda, finanzas; miner\u00eda; econom\u00eda del conocimiento; producci\u00f3n; varios asuntos internacionales y, quiz\u00e1s,&nbsp;<strong>podr\u00eda agregarse infraestructura<\/strong>, que hasta el momento aparec\u00eda como un Ministerio independiente en el esquema que ven\u00eda ideando Milei.<img loading=\"lazy\" decoding=\"async\" alt=\"Javier Milei ya anticip\u00f3 que en su gobierno tendr\u00eda solamente ocho Ministerios (Adri\u00e1n Escandar)\" height=\"1280\" width=\"1920\" src=\"https:\/\/www.infobae.com\/new-resizer\/YAxHFontxzEH3ZEa5oyrpR1-n3k=\/arc-anglerfish-arc2-prod-infobae\/public\/QGC6TEPKLJHEFLZWLSGDHGMHPE.jpg\" srcset=\"https:\/\/www.infobae.com\/new-resizer\/TN0T3gPsgNvL1N4UnbXBHJgY3es=\/420x280\/filters:format(webp):quality(85)\/cloudfront-us-east-1.images.arcpublishing.com\/infobae\/QGC6TEPKLJHEFLZWLSGDHGMHPE.jpg 420w,https:\/\/www.infobae.com\/new-resizer\/QBZviqL9PVOvbF0FVtdsv3yDMSc=\/768x512\/filters:format(webp):quality(85)\/cloudfront-us-east-1.images.arcpublishing.com\/infobae\/QGC6TEPKLJHEFLZWLSGDHGMHPE.jpg 768w,https:\/\/www.infobae.com\/new-resizer\/yTsjo7fFgX-YWEJjeX5B-dPT6gE=\/992x661\/filters:format(webp):quality(85)\/cloudfront-us-east-1.images.arcpublishing.com\/infobae\/QGC6TEPKLJHEFLZWLSGDHGMHPE.jpg 992w,https:\/\/www.infobae.com\/new-resizer\/hZB_mEGXd6inLYXns7ykj-2V3XM=\/1200x800\/filters:format(webp):quality(85)\/cloudfront-us-east-1.images.arcpublishing.com\/infobae\/QGC6TEPKLJHEFLZWLSGDHGMHPE.jpg 1200w,https:\/\/www.infobae.com\/new-resizer\/0Nrp478RCj-P0h-ypgXU85yNunY=\/1440x960\/filters:format(webp):quality(85)\/cloudfront-us-east-1.images.arcpublishing.com\/infobae\/QGC6TEPKLJHEFLZWLSGDHGMHPE.jpg 1440w\" title=\"C\u00f3mo es el \u201csuperministerio de Econom\u00eda\u201d que dise\u00f1a el equipo de Milei en caso de llegar al Gobierno\">Javier Milei ya anticip\u00f3 que en su gobierno tendr\u00eda solamente ocho Ministerios (Adri\u00e1n Escandar)<\/p>\n\n\n\n<p class=\"wp-block-paragraph\">No obstante, el equipo de La Libertad Avanza resalta que&nbsp;<strong>no hay apuro<\/strong>&nbsp;en definir nombres para los cargos a ocupar y, menos a\u00fan,&nbsp;<strong>una fecha l\u00edmite<\/strong>&nbsp;para presentarle al candidato presidencial el organigrama del \u201cSuper Ministerio\u201d. Primero esperar\u00e1n a ver qu\u00e9 sucede en los comicios del&nbsp;<strong>pr\u00f3ximo 22 de octubre.<\/strong><\/p>\n\n\n\n<p class=\"wp-block-paragraph\">Epstein, especialista en mercado de capitales, fue parte del gobierno de Menem y estuvo involucrado en varias de las privatizaciones de empresas estatales que se llevaron adelante en la Argentina durante esos a\u00f1os. Se sum\u00f3 a principios de junio pasado al Consejo de Asesores Econ\u00f3micos del espacio, que encabeza&nbsp;<strong>Carlos Rodr\u00edguez<\/strong>.<\/p>\n\n\n\n<p class=\"wp-block-paragraph\">Hasta el momento, adem\u00e1s de estos dos expertos, el otro miembro del grupo que tambi\u00e9n est\u00e1 confirmado es\u00a0<strong>Roque Fern\u00e1ndez<\/strong>, quien estuvo al frente del Banco Central y reemplaz\u00f3 aCavallo en el Palacio de Hacienda durante la \u00faltima etapa de la segunda gesti\u00f3n del menemismo.<\/p>\n\n\n\n<p class=\"wp-block-paragraph\">Fuente:<a href=\"https:\/\/www.infobae.com\/?noredirect\"> Infobae.com<\/a><\/p>","protected":false},"excerpt":{"rendered":"<p>Dada las principales propuestas de campa\u00f1a que viene anunciando, entre las que se incluyen un&nbsp;fuerte ajuste en el gasto p\u00fablico y la dolarizaci\u00f3n, se prev\u00e9 que el Ministerio de Econom\u00eda ser\u00e1 una de las carteras m\u00e1s importantes en un eventual gobierno de&nbsp;Javier Milei.&nbsp;Es por eso que parte de su equipo ya est\u00e1 trabajando en el [&hellip;]<\/p>\n","protected":false},"author":9,"featured_media":0,"comment_status":"open","ping_status":"open","sticky":false,"template":"","format":"standard","meta":{"site-sidebar-layout":"default","site-content-layout":"","ast-site-content-layout":"default","site-content-style":"default","site-sidebar-style":"default","ast-global-header-display":"","ast-banner-title-visibility":"","ast-main-header-display":"","ast-hfb-above-header-display":"","ast-hfb-below-header-display":"","ast-hfb-mobile-header-display":"","site-post-title":"","ast-breadcrumbs-content":"","ast-featured-img":"","footer-sml-layout":"","ast-disable-related-posts":"","theme-transparent-header-meta":"","adv-header-id-meta":"","stick-header-meta":"","header-above-stick-meta":"","header-main-stick-meta":"","header-below-stick-meta":"","astra-migrate-meta-layouts":"default","ast-page-background-enabled":"default","ast-page-background-meta":{"desktop":{"background-color":"","background-image":"","background-repeat":"repeat","background-position":"center center","background-size":"auto","background-attachment":"scroll","background-type":"","background-media":"","overlay-type":"","overlay-color":"","overlay-opacity":"","overlay-gradient":""},"tablet":{"background-color":"","background-image":"","background-repeat":"repeat","background-position":"center center","background-size":"auto","background-attachment":"scroll","background-type":"","background-media":"","overlay-type":"","overlay-color":"","overlay-opacity":"","overlay-gradient":""},"mobile":{"background-color":"","background-image":"","background-repeat":"repeat","background-position":"center center","background-size":"auto","background-attachment":"scroll","background-type":"","background-media":"","overlay-type":"","overlay-color":"","overlay-opacity":"","overlay-gradient":""}},"ast-content-background-meta":{"desktop":{"background-color":"var(--ast-global-color-5)","background-image":"","background-repeat":"repeat","background-position":"center center","background-size":"auto","background-attachment":"scroll","background-type":"","background-media":"","overlay-type":"","overlay-color":"","overlay-opacity":"","overlay-gradient":""},"tablet":{"background-color":"var(--ast-global-color-5)","background-image":"","background-repeat":"repeat","background-position":"center center","background-size":"auto","background-attachment":"scroll","background-type":"","background-media":"","overlay-type":"","overlay-color":"","overlay-opacity":"","overlay-gradient":""},"mobile":{"background-color":"var(--ast-global-color-5)","background-image":"","background-repeat":"repeat","background-position":"center center","background-size":"auto","background-attachment":"scroll","background-type":"","background-media":"","overlay-type":"","overlay-color":"","overlay-opacity":"","overlay-gradient":""}},"footnotes":""},"categories":[2],"tags":[],"class_list":["post-87323","post","type-post","status-publish","format-standard","hentry","category-politica"],"spectra_blocks_featured_image_url":null,"spectra_blocks_author_info":{"display_name":"Jorge Alfredo Baret","avatar_url":"https:\/\/secure.gravatar.com\/avatar\/31696f5ca83439b642450ec7d3f82f98451a5efacb414343d5478c982b337f26?s=96&d=mm&r=g","author_link":"https:\/\/100xd.com.ar\/es\/author\/jorge\/","description":"Ingeniero Qu\u00edmico UTN - Director Apoderado de Comunicaciones Auditadas SA. Editor Responsable 100xd.com.ar."},"_links":{"self":[{"href":"https:\/\/100xd.com.ar\/es\/wp-json\/wp\/v2\/posts\/87323","targetHints":{"allow":["GET"]}}],"collection":[{"href":"https:\/\/100xd.com.ar\/es\/wp-json\/wp\/v2\/posts"}],"about":[{"href":"https:\/\/100xd.com.ar\/es\/wp-json\/wp\/v2\/types\/post"}],"author":[{"embeddable":true,"href":"https:\/\/100xd.com.ar\/es\/wp-json\/wp\/v2\/users\/9"}],"replies":[{"embeddable":true,"href":"https:\/\/100xd.com.ar\/es\/wp-json\/wp\/v2\/comments?post=87323"}],"version-history":[{"count":1,"href":"https:\/\/100xd.com.ar\/es\/wp-json\/wp\/v2\/posts\/87323\/revisions"}],"predecessor-version":[{"id":87325,"href":"https:\/\/100xd.com.ar\/es\/wp-json\/wp\/v2\/posts\/87323\/revisions\/87325"}],"wp:attachment":[{"href":"https:\/\/100xd.com.ar\/es\/wp-json\/wp\/v2\/media?parent=87323"}],"wp:term":[{"taxonomy":"category","embeddable":true,"href":"https:\/\/100xd.com.ar\/es\/wp-json\/wp\/v2\/categories?post=87323"},{"taxonomy":"post_tag","embeddable":true,"href":"https:\/\/100xd.com.ar\/es\/wp-json\/wp\/v2\/tags?post=87323"}],"curies":[{"name":"wp","href":"https:\/\/api.w.org\/{rel}","templated":true}]}}