{"id":8695,"date":"2015-08-30T13:30:46","date_gmt":"2015-08-30T16:30:46","guid":{"rendered":"http:\/\/www.100xd.com.ar\/?p=8695"},"modified":"2015-08-31T10:52:54","modified_gmt":"2015-08-31T13:52:54","slug":"japon-mas-de-cien-mil-personas-protestan-contra-una-inminente-nueva-ley-militar","status":"publish","type":"post","link":"https:\/\/100xd.com.ar\/es\/japon-mas-de-cien-mil-personas-protestan-contra-una-inminente-nueva-ley-militar\/","title":{"rendered":"Jap\u00f3n: M\u00e1s de 100.000 personas protestan contra una inminente nueva ley militar"},"content":{"rendered":"<p>En una movilizaci\u00f3n poco com\u00fan en Jap\u00f3n, m\u00e1s de 100.000 personas se concentraron frente al Parlamento nacional para protestar contra la inminente aprobaci\u00f3n de una nueva ley militar que permitir\u00e1 que el pa\u00eds participe de conflictos y guerras en el extranjero, algo prohibido por la Constituci\u00f3n pacifista aprobada despu\u00e9s de la Segunda Guerra Mundial.<\/p>\n<p>Liderados por grupos de estudiantes, la multitud soport\u00f3 durante el d\u00eda la constante lluvia y cant\u00f3 una y otra vez consignas como &#8220;No a la legislaci\u00f3n b\u00e9lica&#8221;, &#8220;Borren las leyes ya&#8221; y &#8220;Abe renunci\u00e1&#8221;, en referencia al primer ministro y principal impulsor de la reforma, Shinzo Abe.<\/p>\n<p>La reforma de la ley de las llamadas Fuerzas de Auto Defensa japonesas fue posible porque Abe aprob\u00f3 el a\u00f1o pasado una muy cuestionada reinterpretaci\u00f3n de la Constituci\u00f3n Nacional que el pa\u00eds aprob\u00f3 despu\u00e9s de la humillante y devastadora derrota al final de la Segunda Guerra Mundial.<\/p>\n<p>Uno de los puntos claves de esa Carta Magna, impuesto en gran medida por el principal vencedor de la Segunda Guerra Mundial, Estados Unidos, es el art\u00edculo 9, en el que el pa\u00eds &#8220;renuncia a la guerra&#8221; y, por ende, no tiene permitido hacer uso de la fuerza militar para resolver conflictos internacionales.<\/p>\n<p>El a\u00f1o pasado Abe consigui\u00f3 aprobar una redefinici\u00f3n de este art\u00edculo 9 que abri\u00f3 la puerta para una reutilizaci\u00f3n de las Fuerzas Armadas. Ahora necesita reformar la ley que reglamenta el uso de su poder militar.<\/p>\n<p>En julio pasado, la C\u00e1mara de Diputados japonesa dio media sanci\u00f3n a esta reforma impulsada por el gobierno de Abe para que el pa\u00eds pueda utilizar sus Fuerzas Armadas para responder a una agresi\u00f3n contra alguno de sus aliados, como Estados Unidos, o para sumarse a una misi\u00f3n militar aprobada por el Consejo de Seguridad de la ONU.<\/p>\n<p>Actualmente el proyecto de reforma est\u00e1 siendo debatido en el Senado y, dado que el Partido Liberal Dem\u00f3crata de Abe y sus aliados de gobierno tienen mayor\u00eda propia, se espera que sea aprobado sin problemas en este mes que comienza.<\/p>\n<p>Pese a que Abe revalid\u00f3 su mayor\u00eda legislativa en las urnas hace menos de un a\u00f1o, todas las encuestas publicadas en los \u00faltimos tiempos coinciden en que la mayor\u00eda de la poblaci\u00f3n no apoya esta reforma militar ni quiere que su pa\u00eds, un aliado f\u00e9rreo de la potencia m\u00e1s involucrada en conflictos en el mundo, Estados Unidos, comience a participar en guerras extranjeras.<\/p>","protected":false},"excerpt":{"rendered":"<p>En una movilizaci\u00f3n poco com\u00fan en Jap\u00f3n, m\u00e1s de 100.000 personas se concentraron frente al Parlamento nacional para protestar contra la inminente aprobaci\u00f3n de una nueva ley militar que permitir\u00e1 que el pa\u00eds participe de conflictos y guerras en el extranjero, algo prohibido por la Constituci\u00f3n pacifista aprobada despu\u00e9s de la Segunda Guerra Mundial. Liderados [&hellip;]<\/p>\n","protected":false},"author":4,"featured_media":0,"comment_status":"open","ping_status":"open","sticky":false,"template":"","format":"standard","meta":{"site-sidebar-layout":"default","site-content-layout":"","ast-site-content-layout":"default","site-content-style":"default","site-sidebar-style":"default","ast-global-header-display":"","ast-banner-title-visibility":"","ast-main-header-display":"","ast-hfb-above-header-display":"","ast-hfb-below-header-display":"","ast-hfb-mobile-header-display":"","site-post-title":"","ast-breadcrumbs-content":"","ast-featured-img":"","footer-sml-layout":"","ast-disable-related-posts":"","theme-transparent-header-meta":"","adv-header-id-meta":"","stick-header-meta":"","header-above-stick-meta":"","header-main-stick-meta":"","header-below-stick-meta":"","astra-migrate-meta-layouts":"default","ast-page-background-enabled":"default","ast-page-background-meta":{"desktop":{"background-color":"","background-image":"","background-repeat":"repeat","background-position":"center center","background-size":"auto","background-attachment":"scroll","background-type":"","background-media":"","overlay-type":"","overlay-color":"","overlay-opacity":"","overlay-gradient":""},"tablet":{"background-color":"","background-image":"","background-repeat":"repeat","background-position":"center center","background-size":"auto","background-attachment":"scroll","background-type":"","background-media":"","overlay-type":"","overlay-color":"","overlay-opacity":"","overlay-gradient":""},"mobile":{"background-color":"","background-image":"","background-repeat":"repeat","background-position":"center center","background-size":"auto","background-attachment":"scroll","background-type":"","background-media":"","overlay-type":"","overlay-color":"","overlay-opacity":"","overlay-gradient":""}},"ast-content-background-meta":{"desktop":{"background-color":"var(--ast-global-color-5)","background-image":"","background-repeat":"repeat","background-position":"center center","background-size":"auto","background-attachment":"scroll","background-type":"","background-media":"","overlay-type":"","overlay-color":"","overlay-opacity":"","overlay-gradient":""},"tablet":{"background-color":"var(--ast-global-color-5)","background-image":"","background-repeat":"repeat","background-position":"center center","background-size":"auto","background-attachment":"scroll","background-type":"","background-media":"","overlay-type":"","overlay-color":"","overlay-opacity":"","overlay-gradient":""},"mobile":{"background-color":"var(--ast-global-color-5)","background-image":"","background-repeat":"repeat","background-position":"center center","background-size":"auto","background-attachment":"scroll","background-type":"","background-media":"","overlay-type":"","overlay-color":"","overlay-opacity":"","overlay-gradient":""}},"footnotes":""},"categories":[8],"tags":[1647,2470,2469],"class_list":["post-8695","post","type-post","status-publish","format-standard","hentry","category-el-mundo","tag-japon","tag-nueva-ley-militar","tag-reforma-constitucional"],"spectra_blocks_featured_image_url":null,"spectra_blocks_author_info":{"display_name":"Facundo Novillo","avatar_url":"https:\/\/secure.gravatar.com\/avatar\/09745bc65ce6bf84291d6515d5f759c04b4fce4f329b8a975a8ac2982b552d3e?s=96&d=mm&r=g","author_link":"https:\/\/100xd.com.ar\/es\/author\/facundo\/","description":""},"_links":{"self":[{"href":"https:\/\/100xd.com.ar\/es\/wp-json\/wp\/v2\/posts\/8695","targetHints":{"allow":["GET"]}}],"collection":[{"href":"https:\/\/100xd.com.ar\/es\/wp-json\/wp\/v2\/posts"}],"about":[{"href":"https:\/\/100xd.com.ar\/es\/wp-json\/wp\/v2\/types\/post"}],"author":[{"embeddable":true,"href":"https:\/\/100xd.com.ar\/es\/wp-json\/wp\/v2\/users\/4"}],"replies":[{"embeddable":true,"href":"https:\/\/100xd.com.ar\/es\/wp-json\/wp\/v2\/comments?post=8695"}],"version-history":[{"count":2,"href":"https:\/\/100xd.com.ar\/es\/wp-json\/wp\/v2\/posts\/8695\/revisions"}],"predecessor-version":[{"id":8701,"href":"https:\/\/100xd.com.ar\/es\/wp-json\/wp\/v2\/posts\/8695\/revisions\/8701"}],"wp:attachment":[{"href":"https:\/\/100xd.com.ar\/es\/wp-json\/wp\/v2\/media?parent=8695"}],"wp:term":[{"taxonomy":"category","embeddable":true,"href":"https:\/\/100xd.com.ar\/es\/wp-json\/wp\/v2\/categories?post=8695"},{"taxonomy":"post_tag","embeddable":true,"href":"https:\/\/100xd.com.ar\/es\/wp-json\/wp\/v2\/tags?post=8695"}],"curies":[{"name":"wp","href":"https:\/\/api.w.org\/{rel}","templated":true}]}}