{"id":86130,"date":"2023-08-07T11:22:24","date_gmt":"2023-08-07T14:22:24","guid":{"rendered":"https:\/\/100xd.com.ar\/?p=86130"},"modified":"2023-08-07T11:22:24","modified_gmt":"2023-08-07T14:22:24","slug":"a-una-semana-de-las-paso-larreta-se-mostro-con-lousteau-y-jorge-macri-para-mantener-el-equilibrio-interno-en-la-ciudad","status":"publish","type":"post","link":"https:\/\/100xd.com.ar\/es\/a-una-semana-de-las-paso-larreta-se-mostro-con-lousteau-y-jorge-macri-para-mantener-el-equilibrio-interno-en-la-ciudad\/","title":{"rendered":"A una semana de las PASO, Larreta se mostr\u00f3 con Lousteau y Jorge Macri para mantener el equilibrio interno en la Ciudad"},"content":{"rendered":"<p class=\"wp-block-paragraph\">En la \u00faltima semana de campa\u00f1a,&nbsp;<strong>Horacio Rodr\u00edguez Larreta<\/strong>&nbsp;logr\u00f3 mantener un complicado&nbsp;<strong>equilibrio pol\u00edtico<\/strong>&nbsp;en la interna de Juntos por el Cambio (JxC) en la Ciudad de Buenos Aires, entre&nbsp;<strong>Jorge Macri&nbsp;<\/strong>y&nbsp;<strong>Mart\u00edn Lousteau<\/strong>. Son los dos aspirantes a imponerse el 13 de agosto en las Primarias, Abiertas, Simult\u00e1neas y Obligatorias (PASO) para disputar en octubre la sucesi\u00f3n del actual Jefe de Gobierno. Como colof\u00f3n de esa t\u00e1ctica, este fin de semana se mostr\u00f3, por separado, con ambos.<\/p>\n\n\n\n<p class=\"wp-block-paragraph\">El s\u00e1bado por la noche, Rodr\u00edguez Larreta particip\u00f3 en la cena del<strong>&nbsp;D\u00eda del Gastron\u00f3mico,<\/strong>&nbsp;que organiz\u00f3 la Uni\u00f3n de Trabajadores del Turismo, Hoteleros y Gastron\u00f3micos de la Rep\u00fablica Argentina (UTHGRA) de Capital. El titular de esa seccional es&nbsp;<strong>Dante Cama\u00f1o,&nbsp;<\/strong>dirigente alineado con el Encuentro Republicano de Miguel \u00c1ngel Pichetto y precandidato a diputado nacional por CABA en la lista del larretismo. En esa comida hizo una foto con Jorge Macri, en la que tambi\u00e9n aparece Cama\u00f1o. Otro de los asistentes a ese banquete fue Marcelo Orrego, diputado nacional y gobernador electo de San Juan -alineado con el larretismo-.<\/p>\n\n\n\n<p class=\"wp-block-paragraph\">En la semana, Larreta tambi\u00e9n hab\u00eda compartido una recorrida de campa\u00f1a con Jorge Macri. Son im\u00e1genes que tienen lugar luego de que el ministro de Gobierno de la Ciudad manifest\u00f3 que le gustar\u00eda que el apoyo de Larreta a su precandidatura sea \u201cm\u00e1s enf\u00e1tico\u201d. No suceder\u00e1.<img loading=\"lazy\" decoding=\"async\" alt=\"Horacio Rodr\u00edguez Larreta con Jorge Macri y Dante Cama\u00f1o\" height=\"1081\" width=\"1600\" src=\"https:\/\/www.infobae.com\/new-resizer\/HDxaN0JB19SzyKkhQ3sqbxtAvt0=\/arc-anglerfish-arc2-prod-infobae\/public\/VLXXGVKJLNHHVKSUZ7IEV7TRVE.jpeg\" srcset=\"https:\/\/www.infobae.com\/new-resizer\/tiNseWPh9jDuKw-wllfYBmrActA=\/420x280\/filters:format(webp):quality(85)\/cloudfront-us-east-1.images.arcpublishing.com\/infobae\/VLXXGVKJLNHHVKSUZ7IEV7TRVE.jpeg 420w,https:\/\/www.infobae.com\/new-resizer\/etRO6a_o7rSri3V7IPP2r9HuP8E=\/768x512\/filters:format(webp):quality(85)\/cloudfront-us-east-1.images.arcpublishing.com\/infobae\/VLXXGVKJLNHHVKSUZ7IEV7TRVE.jpeg 768w,https:\/\/www.infobae.com\/new-resizer\/yA10FLL8WNAbgPiwGqTxodnxshk=\/992x661\/filters:format(webp):quality(85)\/cloudfront-us-east-1.images.arcpublishing.com\/infobae\/VLXXGVKJLNHHVKSUZ7IEV7TRVE.jpeg 992w,https:\/\/www.infobae.com\/new-resizer\/ZOEKozln2bSZIEYkF7uCB4dOTDg=\/1200x800\/filters:format(webp):quality(85)\/cloudfront-us-east-1.images.arcpublishing.com\/infobae\/VLXXGVKJLNHHVKSUZ7IEV7TRVE.jpeg 1200w,https:\/\/www.infobae.com\/new-resizer\/XtIzOyg05ckaScps8g64BVa7E60=\/1440x960\/filters:format(webp):quality(85)\/cloudfront-us-east-1.images.arcpublishing.com\/infobae\/VLXXGVKJLNHHVKSUZ7IEV7TRVE.jpeg 1440w\" title=\"A una semana de las PASO, Larreta se mostr\u00f3 con Lousteau y Jorge Macri para mantener el equilibrio interno en la Ciudad\">Horacio Rodr\u00edguez Larreta con Jorge Macri y Dante Cama\u00f1o<\/p>\n\n\n\n<p class=\"wp-block-paragraph\">Larreta es miembro fundador del PRO. Se reivindica como referente de ese partido. Aunque dise\u00f1\u00f3 su proyecto presidencial en un esquema de poder coalicional, que implica acuerdos pol\u00edticos con otros partidos. El jefe de Gobierno piensa en t\u00e9rminos de JxC y no s\u00f3lo en el PRO.<\/p>\n\n\n\n<p class=\"wp-block-paragraph\">Esa concepci\u00f3n le gener\u00f3 costos pol\u00edticos al interior del partidos. Mauricio Macri, l\u00edder y fundador del espacio, no concibe que el PRO ceda ante el radicalismo el gobierno porte\u00f1o. Esa tensi\u00f3n lleg\u00f3 a su pico m\u00e1ximo cuando Larreta convoc\u00f3 a las elecciones concurrentes en CABA. Macri ley\u00f3 que se trataba de una ingenier\u00eda pol\u00edtica que tend\u00eda a beneficiar a Lousteau (o a beneficiarlo en la interna porte\u00f1a).<\/p>\n\n\n\n<p class=\"wp-block-paragraph\">Mientras que Macri presion\u00f3 para que el Gobierno porte\u00f1o inclinase la cancha en favor del candidato del PRO -su primo Jorge-, Larreta intent\u00f3 equilibrar la competencia entre ambos postulantes de JxC. Ese cortocircuito pol\u00edtico marc\u00f3 gran parte de la interna y la campa\u00f1a en JxC. Con foco en la Ciudad, ese punto de conflicto se extrapol\u00f3 a la pelea electoral nacional.<img loading=\"lazy\" decoding=\"async\" alt=\"Horacio Rodr\u00edguez Larreta acompa\u00f1\u00f3 a Mart\u00edn Lousteau en una actividad de campa\u00f1a\" height=\"1080\" width=\"1920\" src=\"https:\/\/www.infobae.com\/new-resizer\/gIsJ_1LmHy95m2nQ2pn6_f3GGQ4=\/arc-anglerfish-arc2-prod-infobae\/public\/JNTIQNHTKZE3XAFDRUUJD4SPZE.jpg\" srcset=\"https:\/\/www.infobae.com\/new-resizer\/zbq2y5VkhhK89hb-yJBcSgJ4Xvs=\/420x236\/filters:format(webp):quality(85)\/cloudfront-us-east-1.images.arcpublishing.com\/infobae\/JNTIQNHTKZE3XAFDRUUJD4SPZE.jpg 420w,https:\/\/www.infobae.com\/new-resizer\/kNDXyPfMFMZahjvMCyIFquEbFSQ=\/768x432\/filters:format(webp):quality(85)\/cloudfront-us-east-1.images.arcpublishing.com\/infobae\/JNTIQNHTKZE3XAFDRUUJD4SPZE.jpg 768w,https:\/\/www.infobae.com\/new-resizer\/V-cwzjjhmBvhOYvMucNGXHrOsw0=\/992x558\/filters:format(webp):quality(85)\/cloudfront-us-east-1.images.arcpublishing.com\/infobae\/JNTIQNHTKZE3XAFDRUUJD4SPZE.jpg 992w,https:\/\/www.infobae.com\/new-resizer\/Wlv7qnLYypkEzrSsEvqZ_uLnFgc=\/1200x675\/filters:format(webp):quality(85)\/cloudfront-us-east-1.images.arcpublishing.com\/infobae\/JNTIQNHTKZE3XAFDRUUJD4SPZE.jpg 1200w,https:\/\/www.infobae.com\/new-resizer\/HfvKuCBUvhsMIZhueYy6RykhQw4=\/1440x810\/filters:format(webp):quality(85)\/cloudfront-us-east-1.images.arcpublishing.com\/infobae\/JNTIQNHTKZE3XAFDRUUJD4SPZE.jpg 1440w\" title=\"A una semana de las PASO, Larreta se mostr\u00f3 con Lousteau y Jorge Macri para mantener el equilibrio interno en la Ciudad\">Horacio Rodr\u00edguez Larreta acompa\u00f1\u00f3 a Mart\u00edn Lousteau en una actividad de campa\u00f1a<\/p>\n\n\n\n<p class=\"wp-block-paragraph\">Y se sostiene a pocos d\u00edas de la gran batalla. Al d\u00eda siguiente de la comida con los Gastron\u00f3micos, en la que se retrat\u00f3 junto a Jorge Macri,<a rel=\"noreferrer noopener\" href=\"https:\/\/www.infobae.com\/politica\/2023\/08\/06\/rodriguez-larreta-acompano-a-lousteau-en-una-de-las-ultimas-recorridas-de-campana-antes-de-las-paso\/\" target=\"_blank\">&nbsp;acompa\u00f1\u00f3 a Lousteau en una actividad de campa\u00f1a.<\/a>&nbsp;Fue este domingo por la ma\u00f1ana, durante una visita conjunta al Museo S\u00edvori y un recorrido por el Parque Tres de Febrero.<\/p>\n\n\n\n<p class=\"wp-block-paragraph\">Incluso, el equipo de comunicaci\u00f3n difundi\u00f3 las fotos de la comida en Gastron\u00f3mico, pero no lo comunic\u00f3 como una foto con Macri. De hecho, el primo del ex Presidente aparece mencionado en el tercer p\u00e1rrafo de la gacetilla, en medio de una n\u00f3mina que incluye a otros funcionarios del Gobierno porte\u00f1o. \u201cA Jorge, que es el candidato a jefe de Gobierno del PRO, que es su candidato tambi\u00e9n, lo meten ah\u00ed como un asesor m\u00e1s\u201d, reneg\u00f3 un dirigente del c\u00edrculo de Jorge Macri. En cambio, el larretismo distribuy\u00f3 un comunicado en el que se ve la foto de Larreta con Lousteau cuyo t\u00edtulo y foco es que el jefe de Gobierno estuvo con el dirigente radical.<\/p>\n\n\n\n<p class=\"wp-block-paragraph\">La foto caus\u00f3 molestia en el ala dura del PRO. \u201cHoracio nunca se la jug\u00f3 por Jorge. Privilegi\u00f3 su arreglo con la UCR\u201d, consider\u00f3 un operador pol\u00edtico de Bullrich y remat\u00f3: \u201cC\u00f3mo le vas a dar la llave de la Ciudad a Lousteau\u201d. Desde el equipo pol\u00edtico del senador de Evoluci\u00f3n radical no descartaron, incluso, que pueda haber otra foto junto a Larreta antes del 13 de agosto.<img loading=\"lazy\" decoding=\"async\" alt=\"Jorge Macri y Mauricio Macri en una recorrida por la Ciudad, la semana pasada\" height=\"1080\" width=\"1920\" src=\"https:\/\/www.infobae.com\/new-resizer\/W-2xP-XzTi3D9chHQzr-jUFc_bw=\/arc-anglerfish-arc2-prod-infobae\/public\/MS4XOGYSOVGARAT6HB4INHQBIU.jpg\" srcset=\"https:\/\/www.infobae.com\/new-resizer\/2FuRqNlWYxzRibq-Tz00gTMaMNI=\/420x236\/filters:format(webp):quality(85)\/cloudfront-us-east-1.images.arcpublishing.com\/infobae\/MS4XOGYSOVGARAT6HB4INHQBIU.jpg 420w,https:\/\/www.infobae.com\/new-resizer\/NT-YzNbY9VvGAf1Eqekq_JEixro=\/768x432\/filters:format(webp):quality(85)\/cloudfront-us-east-1.images.arcpublishing.com\/infobae\/MS4XOGYSOVGARAT6HB4INHQBIU.jpg 768w,https:\/\/www.infobae.com\/new-resizer\/DaTFP3BpZ6DZyIo3tPFMivF2RsE=\/992x558\/filters:format(webp):quality(85)\/cloudfront-us-east-1.images.arcpublishing.com\/infobae\/MS4XOGYSOVGARAT6HB4INHQBIU.jpg 992w,https:\/\/www.infobae.com\/new-resizer\/iJC2vQ_M2UK0ajcMCUc9LC9K8_o=\/1200x675\/filters:format(webp):quality(85)\/cloudfront-us-east-1.images.arcpublishing.com\/infobae\/MS4XOGYSOVGARAT6HB4INHQBIU.jpg 1200w,https:\/\/www.infobae.com\/new-resizer\/93OXWoHN67iqv20kuntOFwMwd8A=\/1440x810\/filters:format(webp):quality(85)\/cloudfront-us-east-1.images.arcpublishing.com\/infobae\/MS4XOGYSOVGARAT6HB4INHQBIU.jpg 1440w\" title=\"A una semana de las PASO, Larreta se mostr\u00f3 con Lousteau y Jorge Macri para mantener el equilibrio interno en la Ciudad\">Jorge Macri y Mauricio Macri en una recorrida por la Ciudad, la semana pasada<\/p>\n\n\n\n<p class=\"wp-block-paragraph\">Es una postal que recalienta la interna en la coalici\u00f3n. Centralmente, en el PRO. Sobre todo, porque sucede el d\u00eda previo a la actividad con la que Jorge Macri cerrar\u00e1 su campa\u00f1a electoral: una actividad que se har\u00e1 ma\u00f1ana a la tarde en la Ciudad, que incluir\u00e1 una foto junto a Macri, Patricia Bullrich, Larreta, Gabriela Michetti, Mar\u00eda Eugenia Vidal y otros referentes del PRO.<\/p>\n\n\n\n<p class=\"wp-block-paragraph\">Fuente:<a href=\"https:\/\/www.infobae.com\/?noredirect\"> Infobae.com<\/a><\/p>","protected":false},"excerpt":{"rendered":"<p>En la \u00faltima semana de campa\u00f1a,&nbsp;Horacio Rodr\u00edguez Larreta&nbsp;logr\u00f3 mantener un complicado&nbsp;equilibrio pol\u00edtico&nbsp;en la interna de Juntos por el Cambio (JxC) en la Ciudad de Buenos Aires, entre&nbsp;Jorge Macri&nbsp;y&nbsp;Mart\u00edn Lousteau. Son los dos aspirantes a imponerse el 13 de agosto en las Primarias, Abiertas, Simult\u00e1neas y Obligatorias (PASO) para disputar en octubre la sucesi\u00f3n del actual [&hellip;]<\/p>\n","protected":false},"author":9,"featured_media":0,"comment_status":"open","ping_status":"open","sticky":false,"template":"","format":"standard","meta":{"site-sidebar-layout":"default","site-content-layout":"","ast-site-content-layout":"default","site-content-style":"default","site-sidebar-style":"default","ast-global-header-display":"","ast-banner-title-visibility":"","ast-main-header-display":"","ast-hfb-above-header-display":"","ast-hfb-below-header-display":"","ast-hfb-mobile-header-display":"","site-post-title":"","ast-breadcrumbs-content":"","ast-featured-img":"","footer-sml-layout":"","ast-disable-related-posts":"","theme-transparent-header-meta":"","adv-header-id-meta":"","stick-header-meta":"","header-above-stick-meta":"","header-main-stick-meta":"","header-below-stick-meta":"","astra-migrate-meta-layouts":"default","ast-page-background-enabled":"default","ast-page-background-meta":{"desktop":{"background-color":"","background-image":"","background-repeat":"repeat","background-position":"center center","background-size":"auto","background-attachment":"scroll","background-type":"","background-media":"","overlay-type":"","overlay-color":"","overlay-opacity":"","overlay-gradient":""},"tablet":{"background-color":"","background-image":"","background-repeat":"repeat","background-position":"center center","background-size":"auto","background-attachment":"scroll","background-type":"","background-media":"","overlay-type":"","overlay-color":"","overlay-opacity":"","overlay-gradient":""},"mobile":{"background-color":"","background-image":"","background-repeat":"repeat","background-position":"center center","background-size":"auto","background-attachment":"scroll","background-type":"","background-media":"","overlay-type":"","overlay-color":"","overlay-opacity":"","overlay-gradient":""}},"ast-content-background-meta":{"desktop":{"background-color":"var(--ast-global-color-5)","background-image":"","background-repeat":"repeat","background-position":"center center","background-size":"auto","background-attachment":"scroll","background-type":"","background-media":"","overlay-type":"","overlay-color":"","overlay-opacity":"","overlay-gradient":""},"tablet":{"background-color":"var(--ast-global-color-5)","background-image":"","background-repeat":"repeat","background-position":"center center","background-size":"auto","background-attachment":"scroll","background-type":"","background-media":"","overlay-type":"","overlay-color":"","overlay-opacity":"","overlay-gradient":""},"mobile":{"background-color":"var(--ast-global-color-5)","background-image":"","background-repeat":"repeat","background-position":"center center","background-size":"auto","background-attachment":"scroll","background-type":"","background-media":"","overlay-type":"","overlay-color":"","overlay-opacity":"","overlay-gradient":""}},"footnotes":""},"categories":[2],"tags":[],"class_list":["post-86130","post","type-post","status-publish","format-standard","hentry","category-politica"],"spectra_blocks_featured_image_url":null,"spectra_blocks_author_info":{"display_name":"Jorge Alfredo Baret","avatar_url":"https:\/\/secure.gravatar.com\/avatar\/31696f5ca83439b642450ec7d3f82f98451a5efacb414343d5478c982b337f26?s=96&d=mm&r=g","author_link":"https:\/\/100xd.com.ar\/es\/author\/jorge\/","description":"Ingeniero Qu\u00edmico UTN - Director Apoderado de Comunicaciones Auditadas SA. Editor Responsable 100xd.com.ar."},"_links":{"self":[{"href":"https:\/\/100xd.com.ar\/es\/wp-json\/wp\/v2\/posts\/86130","targetHints":{"allow":["GET"]}}],"collection":[{"href":"https:\/\/100xd.com.ar\/es\/wp-json\/wp\/v2\/posts"}],"about":[{"href":"https:\/\/100xd.com.ar\/es\/wp-json\/wp\/v2\/types\/post"}],"author":[{"embeddable":true,"href":"https:\/\/100xd.com.ar\/es\/wp-json\/wp\/v2\/users\/9"}],"replies":[{"embeddable":true,"href":"https:\/\/100xd.com.ar\/es\/wp-json\/wp\/v2\/comments?post=86130"}],"version-history":[{"count":1,"href":"https:\/\/100xd.com.ar\/es\/wp-json\/wp\/v2\/posts\/86130\/revisions"}],"predecessor-version":[{"id":86132,"href":"https:\/\/100xd.com.ar\/es\/wp-json\/wp\/v2\/posts\/86130\/revisions\/86132"}],"wp:attachment":[{"href":"https:\/\/100xd.com.ar\/es\/wp-json\/wp\/v2\/media?parent=86130"}],"wp:term":[{"taxonomy":"category","embeddable":true,"href":"https:\/\/100xd.com.ar\/es\/wp-json\/wp\/v2\/categories?post=86130"},{"taxonomy":"post_tag","embeddable":true,"href":"https:\/\/100xd.com.ar\/es\/wp-json\/wp\/v2\/tags?post=86130"}],"curies":[{"name":"wp","href":"https:\/\/api.w.org\/{rel}","templated":true}]}}