{"id":86075,"date":"2023-08-06T10:33:30","date_gmt":"2023-08-06T13:33:30","guid":{"rendered":"https:\/\/100xd.com.ar\/?p=86075"},"modified":"2023-08-06T10:33:30","modified_gmt":"2023-08-06T13:33:30","slug":"la-controvertida-estrategia-de-alberto-fernandez-a-dias-de-las-elecciones","status":"publish","type":"post","link":"https:\/\/100xd.com.ar\/es\/la-controvertida-estrategia-de-alberto-fernandez-a-dias-de-las-elecciones\/","title":{"rendered":"La controvertida estrategia de Alberto Fern\u00e1ndez a d\u00edas de las elecciones"},"content":{"rendered":"<p class=\"wp-block-paragraph\"><a href=\"https:\/\/www.instagram.com\/alferdezok\/\">&#8220;Alberto Responde&#8221;<\/a>, es la consigna a trav\u00e9s de la cual se public\u00f3 un video en&nbsp;<strong>Instagram&nbsp;<\/strong>de&nbsp;<a href=\"https:\/\/www.mdzol.com\/temas\/alberto-fernandez-82.html\"><strong>Alberto Fern\u00e1ndez<\/strong><\/a>. A solo d\u00edas de las elecciones, el presidente propone contestar las&nbsp;consultas que le realizar\u00e1n sus seguidores. Aunque todav\u00eda no se sabe si lo har\u00e1 durante una grabaci\u00f3n virtual en vivo o en otro video.&nbsp;<\/p>\n\n\n\n<p class=\"wp-block-paragraph\">Esta estrategia, que ya es utilizada por varios mandatarios del mundo, expone a&nbsp;<strong>Fern\u00e1ndez&nbsp;<\/strong>a recibir todo tipo de cuestionamientos y el resultado podr\u00eda ser insospechado.&nbsp;https:\/\/930fd0c62ad4c15b68520fe5079d9ab6.safeframe.googlesyndication.com\/safeframe\/1-0-40\/html\/container.html<\/p>\n\n\n\n<p class=\"wp-block-paragraph\">Las im\u00e1genes, en las que se puede ver acompa\u00f1ado de su perro Dylan, est\u00e1n acompa\u00f1adas solo de la frase: &#8220;Hoy: sus preguntas, mis respuestas&#8221;. As\u00ed no se dan m\u00e1s detalles sobre la hora o la modalidad que usar\u00e1 el jefe de Gobierno para emitir sus respuestas.&nbsp;<\/p>\n\n\n\n<p class=\"wp-block-paragraph\">&#8220;Se me ocurri\u00f3 que esta era una buena forma de analizar juntos estos cuatro a\u00f1os que est\u00e1n pasando&#8221;, asegura\u00a0<strong>Fern\u00e1ndez\u00a0<\/strong>mientras se lo ve sentado en los jardines de Olivos y suma: &#8220;Por eso les pregunt\u00e9, qu\u00e9 dudas tienen para ver si se las puedo aclarar&#8221;.\u00a0<\/p>\n\n\n\n<p class=\"wp-block-paragraph\">Fuente: <a href=\"https:\/\/www.mdzol.com\/\">Mendoza online<\/a><\/p>","protected":false},"excerpt":{"rendered":"<p>&#8220;Alberto Responde&#8221;, es la consigna a trav\u00e9s de la cual se public\u00f3 un video en&nbsp;Instagram&nbsp;de&nbsp;Alberto Fern\u00e1ndez. A solo d\u00edas de las elecciones, el presidente propone contestar las&nbsp;consultas que le realizar\u00e1n sus seguidores. Aunque todav\u00eda no se sabe si lo har\u00e1 durante una grabaci\u00f3n virtual en vivo o en otro video.&nbsp; Esta estrategia, que ya es [&hellip;]<\/p>\n","protected":false},"author":9,"featured_media":0,"comment_status":"open","ping_status":"open","sticky":false,"template":"","format":"standard","meta":{"site-sidebar-layout":"default","site-content-layout":"","ast-site-content-layout":"default","site-content-style":"default","site-sidebar-style":"default","ast-global-header-display":"","ast-banner-title-visibility":"","ast-main-header-display":"","ast-hfb-above-header-display":"","ast-hfb-below-header-display":"","ast-hfb-mobile-header-display":"","site-post-title":"","ast-breadcrumbs-content":"","ast-featured-img":"","footer-sml-layout":"","ast-disable-related-posts":"","theme-transparent-header-meta":"","adv-header-id-meta":"","stick-header-meta":"","header-above-stick-meta":"","header-main-stick-meta":"","header-below-stick-meta":"","astra-migrate-meta-layouts":"default","ast-page-background-enabled":"default","ast-page-background-meta":{"desktop":{"background-color":"","background-image":"","background-repeat":"repeat","background-position":"center center","background-size":"auto","background-attachment":"scroll","background-type":"","background-media":"","overlay-type":"","overlay-color":"","overlay-opacity":"","overlay-gradient":""},"tablet":{"background-color":"","background-image":"","background-repeat":"repeat","background-position":"center center","background-size":"auto","background-attachment":"scroll","background-type":"","background-media":"","overlay-type":"","overlay-color":"","overlay-opacity":"","overlay-gradient":""},"mobile":{"background-color":"","background-image":"","background-repeat":"repeat","background-position":"center center","background-size":"auto","background-attachment":"scroll","background-type":"","background-media":"","overlay-type":"","overlay-color":"","overlay-opacity":"","overlay-gradient":""}},"ast-content-background-meta":{"desktop":{"background-color":"var(--ast-global-color-5)","background-image":"","background-repeat":"repeat","background-position":"center center","background-size":"auto","background-attachment":"scroll","background-type":"","background-media":"","overlay-type":"","overlay-color":"","overlay-opacity":"","overlay-gradient":""},"tablet":{"background-color":"var(--ast-global-color-5)","background-image":"","background-repeat":"repeat","background-position":"center center","background-size":"auto","background-attachment":"scroll","background-type":"","background-media":"","overlay-type":"","overlay-color":"","overlay-opacity":"","overlay-gradient":""},"mobile":{"background-color":"var(--ast-global-color-5)","background-image":"","background-repeat":"repeat","background-position":"center center","background-size":"auto","background-attachment":"scroll","background-type":"","background-media":"","overlay-type":"","overlay-color":"","overlay-opacity":"","overlay-gradient":""}},"footnotes":""},"categories":[25],"tags":[],"class_list":["post-86075","post","type-post","status-publish","format-standard","hentry","category-destacado"],"spectra_blocks_featured_image_url":null,"spectra_blocks_author_info":{"display_name":"Jorge Alfredo Baret","avatar_url":"https:\/\/secure.gravatar.com\/avatar\/31696f5ca83439b642450ec7d3f82f98451a5efacb414343d5478c982b337f26?s=96&d=mm&r=g","author_link":"https:\/\/100xd.com.ar\/es\/author\/jorge\/","description":"Ingeniero Qu\u00edmico UTN - Director Apoderado de Comunicaciones Auditadas SA. Editor Responsable 100xd.com.ar."},"_links":{"self":[{"href":"https:\/\/100xd.com.ar\/es\/wp-json\/wp\/v2\/posts\/86075","targetHints":{"allow":["GET"]}}],"collection":[{"href":"https:\/\/100xd.com.ar\/es\/wp-json\/wp\/v2\/posts"}],"about":[{"href":"https:\/\/100xd.com.ar\/es\/wp-json\/wp\/v2\/types\/post"}],"author":[{"embeddable":true,"href":"https:\/\/100xd.com.ar\/es\/wp-json\/wp\/v2\/users\/9"}],"replies":[{"embeddable":true,"href":"https:\/\/100xd.com.ar\/es\/wp-json\/wp\/v2\/comments?post=86075"}],"version-history":[{"count":1,"href":"https:\/\/100xd.com.ar\/es\/wp-json\/wp\/v2\/posts\/86075\/revisions"}],"predecessor-version":[{"id":86077,"href":"https:\/\/100xd.com.ar\/es\/wp-json\/wp\/v2\/posts\/86075\/revisions\/86077"}],"wp:attachment":[{"href":"https:\/\/100xd.com.ar\/es\/wp-json\/wp\/v2\/media?parent=86075"}],"wp:term":[{"taxonomy":"category","embeddable":true,"href":"https:\/\/100xd.com.ar\/es\/wp-json\/wp\/v2\/categories?post=86075"},{"taxonomy":"post_tag","embeddable":true,"href":"https:\/\/100xd.com.ar\/es\/wp-json\/wp\/v2\/tags?post=86075"}],"curies":[{"name":"wp","href":"https:\/\/api.w.org\/{rel}","templated":true}]}}