{"id":85949,"date":"2023-08-03T15:34:02","date_gmt":"2023-08-03T18:34:02","guid":{"rendered":"https:\/\/100xd.com.ar\/?p=85949"},"modified":"2023-08-03T15:34:02","modified_gmt":"2023-08-03T18:34:02","slug":"sergio-massa-si-gano-el-jefe-del-gobierno-voy-a-ser-yo","status":"publish","type":"post","link":"https:\/\/100xd.com.ar\/es\/sergio-massa-si-gano-el-jefe-del-gobierno-voy-a-ser-yo\/","title":{"rendered":"Sergio Massa: &#8220;Si gano, el jefe del Gobierno voy a ser yo&#8221;"},"content":{"rendered":"<p class=\"wp-block-paragraph\">En campa\u00f1a en&nbsp;<strong>C\u00f3rdoba<\/strong>,&nbsp;<strong>Sergio Massa<\/strong>&nbsp;habl\u00f3 de su liderazgo en&nbsp;<strong>Uni\u00f3n por la Patria<\/strong>&nbsp;y de c\u00f3mo ser\u00e1 su v\u00ednculo con&nbsp;<strong>Cristina Fern\u00e1ndez<\/strong>&nbsp;si se convierte en el pr\u00f3ximo presidente. El ministro de Econom\u00eda se diferenci\u00f3 de&nbsp;<a target=\"_blank\" href=\"https:\/\/noticias.perfil.com\/noticias\/politica\/el-balance-de-alberto-fernandez-10-definiciones-sobre-su-gestion.phtml\" rel=\"noreferrer noopener\"><strong>Alberto Fern\u00e1ndez<\/strong><\/a>, quien mantuvo una relaci\u00f3n tensa con el kirchnerismo durante todo el Gobierno, y asegur\u00f3: &#8220;Si gano, el jefe del Gobierno voy a ser yo&#8221;.<\/p>\n\n\n\n<p class=\"wp-block-paragraph\">En una entrevista con el medio cordob\u00e9s Cadena 3,&nbsp;<strong>Massa<\/strong>&nbsp;asegur\u00f3 que las condiciones en las que gobernar\u00e1, si gana, son distintas que las de&nbsp;<strong>Alberto Fern\u00e1ndez<\/strong>&nbsp;porque \u00e9l no comparte&nbsp;<a target=\"_blank\" href=\"https:\/\/www.perfil.com\/noticias\/modo-fontevecchia\/finalmente-cristina-esta-tranquila-modof.phtml\" rel=\"noreferrer noopener\">f\u00f3rmula con la vicepresidenta<\/a>. Pero tambi\u00e9n destac\u00f3 caracter\u00edsticas de su personalidad para despejar cualquier duda sobre qui\u00e9n ejercer\u00e1 el poder.&nbsp;https:\/\/rudo.video\/vod\/bQ1Awc?volume=0<\/p>\n\n\n\n<p class=\"wp-block-paragraph\">&#8220;Cada persona es una persona en s\u00ed misma. Tengo la suficiente autonom\u00eda para encarar cualquiera de los temas que tengo que encarar. De hecho, cuando en agosto del a\u00f1o pasado nadie se animaba a agarrar un barco que estaba a la deriva y camino al choque, yo abandon\u00e9 la comodidad de la presidencia de la C\u00e1mara de Diputados para poner el cuerpo&#8221;, sostuvo&nbsp;<strong>Massa<\/strong>.&nbsp;<\/p>\n\n\n\n<p class=\"wp-block-paragraph\">La mala relaci\u00f3n entre&nbsp;<strong>Alberto Fern\u00e1ndez<\/strong>&nbsp;y&nbsp;<strong>Cristina Fern\u00e1ndez de Kirchner<\/strong>&nbsp;y las dificultades para gobernar aparece alrededor de&nbsp;<strong>Massa<\/strong>&nbsp;una y otra vez. De hecho, hace pocos d\u00edas&nbsp;<strong>Malena Galmarini&nbsp;<\/strong>tambi\u00e9n se hab\u00eda referido a la autonom\u00eda de su esposo:&nbsp;<a target=\"_blank\" href=\"https:\/\/www.perfil.com\/noticias\/modo-fontevecchia\/finalmente-cristina-esta-tranquila-modof.phtml\" rel=\"noreferrer noopener\">&#8220;No est\u00e1 condicionado por Cristina ni por nadie&#8221;<\/a>, dijo.&nbsp;&nbsp;<\/p>\n\n\n\n<p class=\"wp-block-paragraph\">El&nbsp;<strong>precandidato de Uni\u00f3n Por Todos<\/strong>, adem\u00e1s, sostuvo: &#8220;Lo digo para que quede&nbsp;claro: lo que tengo es una personalidad y un car\u00e1cter que a algunos les puede gustar m\u00e1s y a otros les puede gustar menos, pero es determnado. En ese sentido, lo que tengo es v\u00ednculos con respeto. Con&nbsp;<strong>Jos\u00e9&nbsp;<\/strong>(<strong>Manuel de la Sota<\/strong>)&nbsp;constru\u00ed una relaci\u00f3n porque nos vincul\u00e1bamos con enorme respeto diciendo lo que pens\u00e1bamos. Y de la misma manera me vinculo con Cristina&#8221;.&nbsp;<\/p>\n\n\n\n<p class=\"wp-block-paragraph\"><a target=\"_blank\" href=\"https:\/\/www.perfil.com\/noticias\/modo-fontevecchia\/sergio-massa-tiene-nuevos-voceros-y-va-por-los-indecisos-modof.phtml\" rel=\"noreferrer noopener\">Sergio Massa tiene nuevos voceros y va por los indecisos<\/a><\/p>\n\n\n\n<p class=\"wp-block-paragraph\">Consultado por si&nbsp;<strong>Cristina Fern\u00e1ndez&nbsp;<\/strong>ser\u00e1 la jefa de su espacio pol\u00edtico, m\u00e1s all\u00e1 de que no se postule para ning\u00fan cargo,&nbsp;<strong>Massa fue contudente:&nbsp;<\/strong>&#8220;El jefe de gobierno claramente voy a ser yo. Los que me conocen y los que no me conocen saben que es as\u00ed&#8221;.&nbsp;<\/p>\n\n\n\n<h2 class=\"wp-block-heading\">Sergio Massa en C\u00f3rdoba, agenda de campa\u00f1a<\/h2>\n\n\n\n<p class=\"wp-block-paragraph\">La entrevista de&nbsp;<strong>Massa<\/strong>&nbsp;con Cadena 3 se dio durante una visita a&nbsp;<strong>C\u00f3rdoba<\/strong>&nbsp;en medio de su gira nacional y a un a\u00f1o de que asumiera como ministro de Econom\u00eda. En la provincia, un distrito clave de cara a las PASO del 13 de agosto,&nbsp;<a target=\"_blank\" href=\"https:\/\/www.perfil.com\/noticias\/modo-fontevecchia\/elecciones-en-cordoba-martin-llaryora-le-marca-la-cancha-a-juan-schiaretti-modof.phtml\" rel=\"noreferrer noopener\">acaba de ganar&nbsp;<strong>Martin Llaryora<\/strong><\/a>.<\/p>\n\n\n\n<p class=\"wp-block-paragraph\">La provincia es el octavo destino de la gira federal del precandidato. Durante la noche del mi\u00e9rcoles,&nbsp;<strong>Massa<\/strong>&nbsp;cen\u00f3 con la&nbsp;<strong>Mesa Sindical C\u00f3rdoba<\/strong>, integrada por 55 gremios. Su agenda se complet\u00f3 con reuniones con empresarios, rectores de universidades e industriales.&nbsp;&nbsp;<\/p>\n\n\n\n<p class=\"wp-block-paragraph\"><a target=\"_blank\" href=\"https:\/\/www.perfil.com\/noticias\/modo-fontevecchia\/como-sigue-la-campana-de-sergio-massa-modof.phtml\" rel=\"noreferrer noopener\">\u00bfC\u00f3mo sigue la campa\u00f1a de Sergio Massa?<\/a><\/p>\n\n\n\n<p class=\"wp-block-paragraph\">Para\u00a0<strong>Massa\u00a0<\/strong>se trata de un destino clave:\u00a0<strong>C\u00f3rdoba\u00a0<\/strong>es el segundo distrito del padr\u00f3n electoral. Adem\u00e1s, es gobernada por el\u00a0<strong>peronismo no kirchnerista<\/strong>\u00a0con el gobernador saliente\u00a0<a rel=\"noreferrer noopener\" target=\"_blank\" href=\"https:\/\/noticias.perfil.com\/noticias\/politica\/juan-schiaretti-el-cordobes-que-divide-el-voto.phtml?_gl=1*f179yd*_ga*MjMxNzE2MzUzLjE2NTg0NDI4Nzc.*_ga_ZVLDWW22SP*MTY5MTA4NTYwMC4xODguMS4xNjkxMDg3NDc0LjAuMC4w&amp;_ga=2.48417958.1685960376.1691085601-231716353.1658442877\"><strong>Juan Schiaretti<\/strong>\u00a0<\/a>-actual precandidato a presidente junto a\u00a0<strong>Florencio Randazzo<\/strong>&#8211; y el reci\u00e9n electo\u00a0<strong>Llaryora.\u00a0<\/strong><\/p>\n\n\n\n<p class=\"wp-block-paragraph\">Fuente: <a href=\"https:\/\/www.perfil.com\/\">Perfil.com<\/a><\/p>","protected":false},"excerpt":{"rendered":"<p>En campa\u00f1a en&nbsp;C\u00f3rdoba,&nbsp;Sergio Massa&nbsp;habl\u00f3 de su liderazgo en&nbsp;Uni\u00f3n por la Patria&nbsp;y de c\u00f3mo ser\u00e1 su v\u00ednculo con&nbsp;Cristina Fern\u00e1ndez&nbsp;si se convierte en el pr\u00f3ximo presidente. El ministro de Econom\u00eda se diferenci\u00f3 de&nbsp;Alberto Fern\u00e1ndez, quien mantuvo una relaci\u00f3n tensa con el kirchnerismo durante todo el Gobierno, y asegur\u00f3: &#8220;Si gano, el jefe del Gobierno voy a ser [&hellip;]<\/p>\n","protected":false},"author":9,"featured_media":0,"comment_status":"open","ping_status":"open","sticky":false,"template":"","format":"standard","meta":{"site-sidebar-layout":"default","site-content-layout":"","ast-site-content-layout":"default","site-content-style":"default","site-sidebar-style":"default","ast-global-header-display":"","ast-banner-title-visibility":"","ast-main-header-display":"","ast-hfb-above-header-display":"","ast-hfb-below-header-display":"","ast-hfb-mobile-header-display":"","site-post-title":"","ast-breadcrumbs-content":"","ast-featured-img":"","footer-sml-layout":"","ast-disable-related-posts":"","theme-transparent-header-meta":"","adv-header-id-meta":"","stick-header-meta":"","header-above-stick-meta":"","header-main-stick-meta":"","header-below-stick-meta":"","astra-migrate-meta-layouts":"default","ast-page-background-enabled":"default","ast-page-background-meta":{"desktop":{"background-color":"","background-image":"","background-repeat":"repeat","background-position":"center center","background-size":"auto","background-attachment":"scroll","background-type":"","background-media":"","overlay-type":"","overlay-color":"","overlay-opacity":"","overlay-gradient":""},"tablet":{"background-color":"","background-image":"","background-repeat":"repeat","background-position":"center center","background-size":"auto","background-attachment":"scroll","background-type":"","background-media":"","overlay-type":"","overlay-color":"","overlay-opacity":"","overlay-gradient":""},"mobile":{"background-color":"","background-image":"","background-repeat":"repeat","background-position":"center center","background-size":"auto","background-attachment":"scroll","background-type":"","background-media":"","overlay-type":"","overlay-color":"","overlay-opacity":"","overlay-gradient":""}},"ast-content-background-meta":{"desktop":{"background-color":"var(--ast-global-color-5)","background-image":"","background-repeat":"repeat","background-position":"center center","background-size":"auto","background-attachment":"scroll","background-type":"","background-media":"","overlay-type":"","overlay-color":"","overlay-opacity":"","overlay-gradient":""},"tablet":{"background-color":"var(--ast-global-color-5)","background-image":"","background-repeat":"repeat","background-position":"center center","background-size":"auto","background-attachment":"scroll","background-type":"","background-media":"","overlay-type":"","overlay-color":"","overlay-opacity":"","overlay-gradient":""},"mobile":{"background-color":"var(--ast-global-color-5)","background-image":"","background-repeat":"repeat","background-position":"center center","background-size":"auto","background-attachment":"scroll","background-type":"","background-media":"","overlay-type":"","overlay-color":"","overlay-opacity":"","overlay-gradient":""}},"footnotes":""},"categories":[25],"tags":[],"class_list":["post-85949","post","type-post","status-publish","format-standard","hentry","category-destacado"],"spectra_blocks_featured_image_url":null,"spectra_blocks_author_info":{"display_name":"Jorge Alfredo Baret","avatar_url":"https:\/\/secure.gravatar.com\/avatar\/31696f5ca83439b642450ec7d3f82f98451a5efacb414343d5478c982b337f26?s=96&d=mm&r=g","author_link":"https:\/\/100xd.com.ar\/es\/author\/jorge\/","description":"Ingeniero Qu\u00edmico UTN - Director Apoderado de Comunicaciones Auditadas SA. Editor Responsable 100xd.com.ar."},"_links":{"self":[{"href":"https:\/\/100xd.com.ar\/es\/wp-json\/wp\/v2\/posts\/85949","targetHints":{"allow":["GET"]}}],"collection":[{"href":"https:\/\/100xd.com.ar\/es\/wp-json\/wp\/v2\/posts"}],"about":[{"href":"https:\/\/100xd.com.ar\/es\/wp-json\/wp\/v2\/types\/post"}],"author":[{"embeddable":true,"href":"https:\/\/100xd.com.ar\/es\/wp-json\/wp\/v2\/users\/9"}],"replies":[{"embeddable":true,"href":"https:\/\/100xd.com.ar\/es\/wp-json\/wp\/v2\/comments?post=85949"}],"version-history":[{"count":1,"href":"https:\/\/100xd.com.ar\/es\/wp-json\/wp\/v2\/posts\/85949\/revisions"}],"predecessor-version":[{"id":85951,"href":"https:\/\/100xd.com.ar\/es\/wp-json\/wp\/v2\/posts\/85949\/revisions\/85951"}],"wp:attachment":[{"href":"https:\/\/100xd.com.ar\/es\/wp-json\/wp\/v2\/media?parent=85949"}],"wp:term":[{"taxonomy":"category","embeddable":true,"href":"https:\/\/100xd.com.ar\/es\/wp-json\/wp\/v2\/categories?post=85949"},{"taxonomy":"post_tag","embeddable":true,"href":"https:\/\/100xd.com.ar\/es\/wp-json\/wp\/v2\/tags?post=85949"}],"curies":[{"name":"wp","href":"https:\/\/api.w.org\/{rel}","templated":true}]}}