{"id":85500,"date":"2023-07-24T12:00:37","date_gmt":"2023-07-24T15:00:37","guid":{"rendered":"https:\/\/100xd.com.ar\/?p=85500"},"modified":"2023-07-24T12:00:37","modified_gmt":"2023-07-24T15:00:37","slug":"es-oficial-elon-musk-renombra-la-marca-twitter-como-x","status":"publish","type":"post","link":"https:\/\/100xd.com.ar\/es\/es-oficial-elon-musk-renombra-la-marca-twitter-como-x\/","title":{"rendered":"Es oficial: Elon Musk renombra la marca Twitter como &#8220;X&#8221;"},"content":{"rendered":"<p class=\"wp-block-paragraph\"><strong>(CNN) &#8212;<\/strong>&nbsp;En un cambio de marca radical, el propietario de Twitter, Elon Musk, reemplaz\u00f3 el ic\u00f3nico logotipo de p\u00e1jaro de Twitter con una X.<\/p>\n\n\n\n<p class=\"wp-block-paragraph\">Musk hizo el impactante anuncio de sus planes la madrugada de este domingo. Este lunes a primera hora, tiempo de EE.UU., tuite\u00f3 que&nbsp;<a href=\"http:\/\/x.com\/\">X.com<\/a>&nbsp;ahora apunta a&nbsp;<a href=\"http:\/\/twitter.com\/\">Twitter.com<\/a>.<\/p>\n\n\n\n<p class=\"wp-block-paragraph\">\u201cEl logotipo interino X se activa m\u00e1s tarde hoy\u201d, escribi\u00f3 Musk, poco antes de compartir una foto de la sede de Twitter iluminada por una nueva X gigante.<\/p>\n\n\n\n<p class=\"wp-block-paragraph\">El sitio web de Twitter ahora presenta el mismo logotipo, mientras que el familiar p\u00e1jaro azul ya no est\u00e1.<\/p>\n\n\n\n<ul class=\"wp-block-list\"><li><strong><a href=\"https:\/\/cnnespanol.cnn.com\/2023\/07\/23\/elon-musk-cambiar-logotipo-twitter-pajaros-abandonaran-gradualmente-trax\/\" target=\"_blank\" rel=\"noreferrer noopener\">Elon Musk dice que el logotipo de Twitter cambiar\u00e1, los p\u00e1jaros se abandonar\u00e1n gradualmente<\/a><\/strong><\/li><\/ul>\n\n\n\n<p class=\"wp-block-paragraph\"><a href=\"https:\/\/cnnespanol.cnn.com\/wp-content\/uploads\/2023\/07\/TWitter-X-new-brand-e1690192775580.jpeg?quality=100&amp;strip=info\"><\/a><\/p>\n\n\n\n<p class=\"wp-block-paragraph\" id=\"caption-attachment-1425839\">As\u00ed luce el nuevo logo de Twitter, ahora conocido como X, por Elon Musk.<\/p>\n\n\n\n<p class=\"wp-block-paragraph\">Anteriormente, Musk dijo que estaba diciendo \u201cadi\u00f3s a la marca de Twitter y, gradualmente, a todos los p\u00e1jaros\u201d.<\/p>\n\n\n\n<p class=\"wp-block-paragraph\">Twitter, fundado en 2006, ha utilizado su v\u00edvido emblema de p\u00e1jaro azul mundialmente reconocido durante m\u00e1s de una d\u00e9cada.<\/p>\n\n\n\n<p class=\"wp-block-paragraph\">El cambio de nombre podr\u00eda verse como una especie de revisi\u00f3n de la marca para la empresa: Musk ha advertido repetidamente en los \u00faltimos meses que Twitter, que enfrenta grandes p\u00e9rdidas en los ingresos publicitarios, estaba al borde de la bancarrota.<\/p>\n\n\n\n<p class=\"wp-block-paragraph\">Aumentando la presi\u00f3n, a principios de este mes, la plataforma rival de redes sociales Threads se lanz\u00f3 desde Meta, matriz de Facebook. Super\u00f3 los 100 millones de registros de usuarios en su primera semana.<\/p>\n\n\n\n<p class=\"wp-block-paragraph\">Twitter ten\u00eda 238 millones de usuarios activos antes de que Musk lo hiciera privado en octubre de 2022.<\/p>\n\n\n\n<h2 class=\"wp-block-heading\">Pol\u00e9micas y despidos masivos<\/h2>\n\n\n\n<p class=\"wp-block-paragraph\">Musk, uno de los hombres m\u00e1s ricos del mundo, fue conocido en su momento por sus esfuerzos innovadores a trav\u00e9s de las empresas SpaceX y Tesla para lanzar cohetes y construir coches el\u00e9ctricos.<\/p>\n\n\n\n<p class=\"wp-block-paragraph\">Ahora, muchos de los titulares que acapara son por sus exc\u00e9ntricos comentarios en su cuenta personal de Twitter, en la que a menudo comparte teor\u00edas conspirativas y se enzarza en ri\u00f1as p\u00fablicas.<\/p>\n\n\n\n<p class=\"wp-block-paragraph\">Musk revis\u00f3 el sitio tras adquirirlo por US$ 44.000 millones a finales de octubre de 2022, y luego sigui\u00f3 con despidos masivos, disputas sobre millones de d\u00f3lares supuestamente adeudados en indemnizaciones y la nota de Musk a los empleados de que permanecer en la empresa significar\u00eda &#8220;trabajar muchas horas a alta intensidad&#8221;. Escribi\u00f3: &#8220;S\u00f3lo un rendimiento excepcional constituir\u00e1 un aprobado&#8221;.<\/p>\n\n\n\n<p class=\"wp-block-paragraph\">La agitaci\u00f3n llev\u00f3 a organizaciones como la Liga Antidifamaci\u00f3n, Free Press y GLAAD a presionar a las marcas para que se replantearan la publicidad en Twitter.<\/p>\n\n\n\n<p class=\"wp-block-paragraph\">Los grupos se\u00f1alaron los despidos masivos como un factor clave en su pensamiento, citando el temor de que los recortes de Musk hicieran que las pol\u00edticas de integridad electoral de Twitter fueran efectivamente inaplicables, aunque t\u00e9cnicamente siguieran activas.<\/p>\n\n\n\n<p class=\"wp-block-paragraph\">Musk tambi\u00e9n empez\u00f3 a supervisar pol\u00e9micos cambios de pol\u00edtica que provocaron frecuentes interrupciones del servicio en Twitter y pusieron en entredicho su propia reputaci\u00f3n en el proceso.<\/p>\n\n\n\n<ul class=\"wp-block-list\"><li><strong><a href=\"https:\/\/cnnespanol.cnn.com\/2023\/07\/15\/twitter-ingresos-publucidad-twitter-trax\/\" target=\"_blank\" rel=\"noreferrer noopener\">Elon Musk dice que los ingresos publicitarios de Twitter han bajado un 50% y el flujo de caja es negativo<\/a><\/strong><\/li><\/ul>\n\n\n\n<p class=\"wp-block-paragraph\">\u00c9xodo masivo de usuarios de Twitter a otrasredes sociales tras la decisi\u00f3n de Elon Musk&nbsp;2:01<\/p>\n\n\n\n<h2 class=\"wp-block-heading\">Una segunda oportunidad<\/h2>\n\n\n\n<p class=\"wp-block-paragraph\">En junio, Musk nombr\u00f3 consejera delegada de la empresa a Linda Yaccarino, antigua ejecutiva de marketing de NBCUniversal.<\/p>\n\n\n\n<p class=\"wp-block-paragraph\">Ella coment\u00f3 el cambio de nombre en Twitter este domingo por la tarde: &#8220;Es algo excepcionalmente raro -en la vida o en los negocios- que tengas una segunda oportunidad de causar otra gran impresi\u00f3n. Twitter caus\u00f3 una gran impresi\u00f3n y cambi\u00f3 nuestra forma de comunicarnos. Ahora, X ir\u00e1 m\u00e1s all\u00e1, transformando la plaza de la ciudad global&#8221;.<\/p>\n\n\n\n<p class=\"wp-block-paragraph\">La nueva empresa se enfrenta a nuevos retos. Musk revel\u00f3 recientemente que la plataforma sigue teniendo un flujo de caja negativo debido a una ca\u00edda del 50% en los ingresos por publicidad y a la pesada carga de la deuda.<\/p>\n\n\n\n<p class=\"wp-block-paragraph\">Tras criticar la salida, o la pausa, de anunciantes de Twitter como General Mills, Macy&#8217;s y algunas empresas automovil\u00edsticas que compiten con Tesla, Musk se ha autodenominado &#8220;absolutista de la libertad de expresi\u00f3n&#8221; y ha dicho que quer\u00eda comprar Twitter para reforzar la capacidad de los usuarios de hablar libremente en la plataforma.<\/p>\n\n\n\n<p class=\"wp-block-paragraph\">Musk explic\u00f3 su enfoque de la libertad de expresi\u00f3n diciendo: &#8220;\u00bfSe permite a alguien que no te gusta decir algo que no te gusta? Y si ese es el caso, entonces tenemos libertad de expresi\u00f3n&#8221;.<\/p>\n\n\n\n<p class=\"wp-block-paragraph\">A\u00f1adi\u00f3 que Twitter &#8220;ser\u00eda muy reacio a borrar cosas&#8221; y que la plataforma tendr\u00eda como objetivo permitir toda expresi\u00f3n legal. Muchos usuarios temen que esto signifique un aumento de la incitaci\u00f3n al odio.<\/p>\n\n\n\n<p class=\"wp-block-paragraph\">Mientras tanto, el frenes\u00ed inicial en torno a su rival Threads parece haber vuelto a la tierra, sobre todo porque ha estado plagado de spam y carece de varias funciones f\u00e1ciles de usar que ofrece Twitter o, ahora X.<\/p>\n\n\n\n<p class=\"wp-block-paragraph\">Adam Mosseri, que supervisa el lanzamiento de Threads para Meta, ha insinuado planes para a\u00f1adir funciones como una versi\u00f3n de escritorio de la aplicaci\u00f3n, un feed de las \u00fanicas cuentas que sigue un usuario y un bot\u00f3n de edici\u00f3n.<\/p>\n\n\n\n<p class=\"wp-block-paragraph\">A\u00fan no se ha demostrado su capacidad para atraer publicidad.<\/p>\n\n\n\n<p class=\"wp-block-paragraph\">Fuente:<a href=\"https:\/\/cnnespanol.cnn.com\/\"> CNN<\/a><\/p>","protected":false},"excerpt":{"rendered":"<p>(CNN) &#8212;&nbsp;En un cambio de marca radical, el propietario de Twitter, Elon Musk, reemplaz\u00f3 el ic\u00f3nico logotipo de p\u00e1jaro de Twitter con una X. Musk hizo el impactante anuncio de sus planes la madrugada de este domingo. Este lunes a primera hora, tiempo de EE.UU., tuite\u00f3 que&nbsp;X.com&nbsp;ahora apunta a&nbsp;Twitter.com. \u201cEl logotipo interino X se activa [&hellip;]<\/p>\n","protected":false},"author":9,"featured_media":0,"comment_status":"open","ping_status":"open","sticky":false,"template":"","format":"standard","meta":{"site-sidebar-layout":"default","site-content-layout":"","ast-site-content-layout":"default","site-content-style":"default","site-sidebar-style":"default","ast-global-header-display":"","ast-banner-title-visibility":"","ast-main-header-display":"","ast-hfb-above-header-display":"","ast-hfb-below-header-display":"","ast-hfb-mobile-header-display":"","site-post-title":"","ast-breadcrumbs-content":"","ast-featured-img":"","footer-sml-layout":"","ast-disable-related-posts":"","theme-transparent-header-meta":"","adv-header-id-meta":"","stick-header-meta":"","header-above-stick-meta":"","header-main-stick-meta":"","header-below-stick-meta":"","astra-migrate-meta-layouts":"default","ast-page-background-enabled":"default","ast-page-background-meta":{"desktop":{"background-color":"","background-image":"","background-repeat":"repeat","background-position":"center center","background-size":"auto","background-attachment":"scroll","background-type":"","background-media":"","overlay-type":"","overlay-color":"","overlay-opacity":"","overlay-gradient":""},"tablet":{"background-color":"","background-image":"","background-repeat":"repeat","background-position":"center center","background-size":"auto","background-attachment":"scroll","background-type":"","background-media":"","overlay-type":"","overlay-color":"","overlay-opacity":"","overlay-gradient":""},"mobile":{"background-color":"","background-image":"","background-repeat":"repeat","background-position":"center center","background-size":"auto","background-attachment":"scroll","background-type":"","background-media":"","overlay-type":"","overlay-color":"","overlay-opacity":"","overlay-gradient":""}},"ast-content-background-meta":{"desktop":{"background-color":"var(--ast-global-color-5)","background-image":"","background-repeat":"repeat","background-position":"center center","background-size":"auto","background-attachment":"scroll","background-type":"","background-media":"","overlay-type":"","overlay-color":"","overlay-opacity":"","overlay-gradient":""},"tablet":{"background-color":"var(--ast-global-color-5)","background-image":"","background-repeat":"repeat","background-position":"center center","background-size":"auto","background-attachment":"scroll","background-type":"","background-media":"","overlay-type":"","overlay-color":"","overlay-opacity":"","overlay-gradient":""},"mobile":{"background-color":"var(--ast-global-color-5)","background-image":"","background-repeat":"repeat","background-position":"center center","background-size":"auto","background-attachment":"scroll","background-type":"","background-media":"","overlay-type":"","overlay-color":"","overlay-opacity":"","overlay-gradient":""}},"footnotes":""},"categories":[10,9],"tags":[],"class_list":["post-85500","post","type-post","status-publish","format-standard","hentry","category-buen-vivir","category-tecnologia"],"spectra_blocks_featured_image_url":null,"spectra_blocks_author_info":{"display_name":"Jorge Alfredo Baret","avatar_url":"https:\/\/secure.gravatar.com\/avatar\/31696f5ca83439b642450ec7d3f82f98451a5efacb414343d5478c982b337f26?s=96&d=mm&r=g","author_link":"https:\/\/100xd.com.ar\/es\/author\/jorge\/","description":"Ingeniero Qu\u00edmico UTN - Director Apoderado de Comunicaciones Auditadas SA. Editor Responsable 100xd.com.ar."},"_links":{"self":[{"href":"https:\/\/100xd.com.ar\/es\/wp-json\/wp\/v2\/posts\/85500","targetHints":{"allow":["GET"]}}],"collection":[{"href":"https:\/\/100xd.com.ar\/es\/wp-json\/wp\/v2\/posts"}],"about":[{"href":"https:\/\/100xd.com.ar\/es\/wp-json\/wp\/v2\/types\/post"}],"author":[{"embeddable":true,"href":"https:\/\/100xd.com.ar\/es\/wp-json\/wp\/v2\/users\/9"}],"replies":[{"embeddable":true,"href":"https:\/\/100xd.com.ar\/es\/wp-json\/wp\/v2\/comments?post=85500"}],"version-history":[{"count":1,"href":"https:\/\/100xd.com.ar\/es\/wp-json\/wp\/v2\/posts\/85500\/revisions"}],"predecessor-version":[{"id":85502,"href":"https:\/\/100xd.com.ar\/es\/wp-json\/wp\/v2\/posts\/85500\/revisions\/85502"}],"wp:attachment":[{"href":"https:\/\/100xd.com.ar\/es\/wp-json\/wp\/v2\/media?parent=85500"}],"wp:term":[{"taxonomy":"category","embeddable":true,"href":"https:\/\/100xd.com.ar\/es\/wp-json\/wp\/v2\/categories?post=85500"},{"taxonomy":"post_tag","embeddable":true,"href":"https:\/\/100xd.com.ar\/es\/wp-json\/wp\/v2\/tags?post=85500"}],"curies":[{"name":"wp","href":"https:\/\/api.w.org\/{rel}","templated":true}]}}