{"id":84735,"date":"2023-07-08T19:02:05","date_gmt":"2023-07-08T22:02:05","guid":{"rendered":"https:\/\/100xd.com.ar\/?p=84735"},"modified":"2023-07-08T19:02:05","modified_gmt":"2023-07-08T22:02:05","slug":"candilejas-consenso-y-palos-o-pais-de-sombrero","status":"publish","type":"post","link":"https:\/\/100xd.com.ar\/es\/candilejas-consenso-y-palos-o-pais-de-sombrero\/","title":{"rendered":"Candilejas, Consenso y Palos o Pa\u00eds de Sombrero"},"content":{"rendered":"<p class=\"wp-block-paragraph\"><em><strong>\u201c\u00bfYsi ganamos?\u201d.&nbsp;<\/strong><\/em><br>Brota de pronto la incipiente euforia que el oficialismo en banda distaba de merecer.<br>La postulaci\u00f3n de Sergio,&nbsp;<em>El Profesional<\/em>, gener\u00f3 en&nbsp;<em>Candilejas&nbsp;<\/em>un incierto \u00e1nimo de competencia.<br>Seg\u00fan Sintra Consultora, en los ejercicios de aproximaci\u00f3n de las encuestas, Sergio contiene solo dos puntos menos que Patricia y Horacio sumados.<br>Y con la carga de la pifiada econ\u00f3mica que marca 120% de inflaci\u00f3n. Pero pueden ser 150. Da igual.<br>Como el Riesgo Pa\u00eds o la sequedad de d\u00f3lares en el Banco Central.<br><strong>\u201cCon semejante quilombo, \u00bfc\u00f3mo estos audaces creen que a\u00fan pueden ganar?\u201d.<\/strong>Espacio publicitario<video preload=\"true\" src=\"https:\/\/gcdn.2mdn.net\/videoplayback\/id\/1e6f3cd21f329cf5\/itag\/347\/source\/web_video_ads\/ctier\/L\/acao\/yes\/ip\/0.0.0.0\/ipbits\/0\/expire\/3813760921\/sparams\/id,itag,source,ctier,acao,ip,ipbits,expire\/signature\/9DACA483D179E49F4A8CD54C9C21B6BBDCA9F81D.102016962970C8F3B961616CFB841ECD43E8228\/key\/ck2\/file\/file.mp4\"><\/video>javascript:false<img decoding=\"async\" src=\"https:\/\/ced-ns.sascdn.com\/diff\/templates\/images\/close-retina.png\" alt=\"Close Retina\" title=\"Candilejas, Consenso y Palos o Pa\u00eds de Sombrero\"><\/p>\n\n\n\n<p class=\"wp-block-paragraph\">La&nbsp;proeza literaria se instala a pesar del desperdiciado gobierno de&nbsp;<em>La Doctora<\/em>, que preside formalmente Alberto Fern\u00e1ndez,&nbsp;<em>El Poeta Impopular.<\/em><br>Justo cuando en Juntos por el Cambio celebran por anticipado. Gastan a cuenta de la toma del poder, mientras reproducen el desatino de pelearse.<\/p>\n\n\n\n<p class=\"wp-block-paragraph\">Cuando apenas faltaba averiguar cu\u00e1l de las dos l\u00edneas ser\u00eda la vencedora.<br>Si&nbsp;<em>Consenso y Palos<\/em>, que enarbola el ticket Horacio Rodr\u00edguez Larreta (<em>Geniol<\/em>)-Gerardo Morales (<em>Milagrito<\/em>).<br>O&nbsp;<em>Pa\u00eds de Sombrero<\/em>, l\u00ednea fundamentada por Mauricio,<em>&nbsp;El \u00c1ngel Exterminador<\/em>&nbsp;que pas\u00f3 de la categor\u00eda de estadista a ser mero jefe de facci\u00f3n.<br>Despu\u00e9s<strong><a target=\"_blank\" href=\"https:\/\/jorgeasisdigital.com\/2023\/03\/28\/el-arrugue-del-estadista-noble\/\" rel=\"noreferrer noopener\">&nbsp;del arrugue de barrera<\/a><\/strong>, el&nbsp;<em>\u00c1ngel&nbsp;<\/em>promueve para la presidencia a la se\u00f1ora Patricia Bullrich,&nbsp;<em>La Montonera del Bien<\/em>. Con el radical Luis Petri,&nbsp;<em>Carucha<\/em>.<\/p>\n\n\n\n<h2 class=\"wp-block-heading\">La glorificaci\u00f3n de los palos<\/h2>\n\n\n\n<p class=\"wp-block-paragraph\">En simult\u00e1neo, por extra\u00f1a coincidencia, se acelera el desmoronamiento programado de Javier Milei,&nbsp;<em>El C-Boy.<\/em><br>El le\u00f3n que venci\u00f3 a la manada de leones que volv\u00edan (los leones) con la furia de la venganza.<br>La estrategia de aniquilar al divisionario Milei es de una inteligencia elaborada con perversidad.<\/p>\n\n\n\n<p class=\"wp-block-paragraph\">En efecto, Milei hab\u00eda colonizado intelectualmente a la fragmentada Mutual PRO. Donde se jactan de mantener la unidad artesanal y falsa. Como la de&nbsp;<em>Candilejas<\/em>.<br>Milei perfor\u00f3 a la Mutual con un par de alaridos bastante precarios. Supo condicionarlos a trav\u00e9s de la interpretaci\u00f3n supuestamente austriaca del liberalismo.<br>Un vejestorio ideol\u00f3gico (el liberalismo) sabiamente tergiversado como inexplicable canal de protesta.<br>Por Javier, pero tambi\u00e9n por Jos\u00e9 Luis Espert,&nbsp;<em>El Lazarillo de Tormes&nbsp;<\/em>que sabe cotizar bien cara su debilidad.<\/p>\n\n\n\n<p class=\"wp-block-paragraph\">Pero a quien coloniz\u00f3 claramente Milei fue a Mauricio.<br>Junto a Patricia, se ilusionaron con Mauricio para armar algo con Milei, al menos una alianza post PASO.<br>Para expulsar despu\u00e9s del para\u00edso a los irritantes radicales que mangan carguitos con vocaci\u00f3n reverencial de ser segundos.<br>Y para desprenderse tambi\u00e9n de los transparentes car\u00edsimos de la estancada Coalici\u00f3n C\u00edvica. Blanqueadores a la cal.<br>Republicanos tibios que obligaron a Mauricio a la concesi\u00f3n de graduar. Sin acelerar. Ni \u201cbajar un cambio\u201d. Sin explicar siquiera \u201cel catastr\u00f3fico estado del pa\u00eds que hab\u00edan recibido\u201d.<\/p>\n\n\n\n<p class=\"wp-block-paragraph\">Pero ahora la sustancial motivaci\u00f3n para la campa\u00f1a es una consigna movilizadora:<strong>&nbsp;\u201cSomos el cambio o no somos nada\u201d.<\/strong><br>A los efectos de dinamitar pronto, o \u201csemi dinamitar\u201d, las estructuras obsoletas, equivocadas, mal\u00e9ficas. Y disponerse \u201ca cambiar\u201d. Para ponerse el pa\u00eds, acaso, de sombrero.<\/p>\n\n\n\n<p class=\"wp-block-paragraph\">Pero la l\u00ednea de Mauricio-Patricia manten\u00eda, en Milei, algo m\u00e1s grave que un aliado. Era un competidor.<br>El factor de divisi\u00f3n que perturbaba el crecimiento de Patricia, para algarab\u00eda de Horacio. Y facilitaba, en simult\u00e1neo, la euforia ilusionada de&nbsp;<em>Candilejas<\/em>.<br>El panorama se modific\u00f3 a partir de la irrupci\u00f3n de Sergio. Exponente del centro que nada ten\u00eda en com\u00fan con la chicana de Venezuela y Nicaragua y sab\u00eda ubicarse en la pol\u00edtica internacional.<br>Hac\u00eda una sutil artesan\u00eda de equilibrio entre Estados Unidos y China y traficaba, para consumo interno, una mercader\u00eda de centro similar a la de Horacio.<br>Pero con el inconveniente de mantener, como acoplado, el combo culposo del kirchnerismo. Obstinado a\u00fan en el romanticismo de la Revoluci\u00f3n Imaginaria.<\/p>\n\n\n\n<p class=\"wp-block-paragraph\">Mientras tanto Horacio, el sumador que se hab\u00eda emancipado de Mauricio, se presentaba como el impulsor del consenso b\u00e1sico del 70%.<br>Y tanto Patricia como Mauricio lo hostigaban a Horacio por tibio. O por un dialoguista que se empecinaba en construir puentes que no conduc\u00edan a ninguna parte.<\/p>\n\n\n\n<p class=\"wp-block-paragraph\">Para mostrarse tan duro como ellos, para reubicarse en la oportuna derechizaci\u00f3n de la sociedad, Horacio recurri\u00f3 al radical servido que lo esperaba.<br>Gerardo Morales,&nbsp;<em>Milagrito<\/em>, representaba la firmeza para ejercer la inclaudicable represi\u00f3n, complemento ideal del consenso.&nbsp;<strong>La glorificaci\u00f3n de los palos.<\/strong><\/p>\n\n\n\n<p class=\"wp-block-paragraph\">Reh\u00e9n del discurso cautivante, tan arrollador como insustancialmente fr\u00edvolo. Pero Milei se desprendi\u00f3 solo, y paulatinamente, de su encanto.<br>&nbsp;<\/p>\n\n\n\n<h2 class=\"wp-block-heading\">La v\u00edctima del rel\u00e1mpago<\/h2>\n\n\n\n<p class=\"wp-block-paragraph\">De pronto el victimario que castigaba a \u201clos pol\u00edticos chorros\u201d pas\u00f3 a convertirse en la v\u00edctima del rel\u00e1mpago que su estilo generaba.<br>El cuento de las candidaturas dolarizadas, que se conoc\u00eda desde hac\u00eda meses, repentinamente adquiri\u00f3 un s\u00fabito inter\u00e9s.<br>Consecuencia l\u00f3gica de la construcci\u00f3n estrafalaria de poder inspirada en la autofinanciaci\u00f3n de los postulantes.<br>Lo que el pensador Carlos Maslat\u00f3n,&nbsp;<em>El Doron de Fauda<\/em>, denominaba \u00abfranquiciado\u00bb. O \u201cventa de franquicias\u201d.<br><em>Doron de Fauda<\/em>&nbsp;divulgaba en soledad, pero no correspond\u00eda a\u00fan tomarlo en serio. Porque Milei med\u00eda. Encantaba.<br>Milei era redituable. Animaba la campa\u00f1a y era el \u00fanico que generaba debates. Alteraba la monoton\u00eda. Acentuaba la pavorosa carencia de ideas del resto.<\/p>\n\n\n\n<p class=\"wp-block-paragraph\">El fen\u00f3meno pol\u00edtico que gener\u00f3 Milei con la libertad lo hab\u00eda generado antes Juan Carlos Blumberg,&nbsp;<em>El Ingeniero<\/em>, con la seguridad.<\/p>\n\n\n\n<p class=\"wp-block-paragraph\">Y fue precisamente El Ingeniero quien&nbsp;<a target=\"_blank\" href=\"https:\/\/www.perfil.com\/noticias\/politica\/juan-carlos-blumberg-apunto-contra-milei-me-usaron-para-la-foto.phtml\" rel=\"noreferrer noopener\">le asest\u00f3 una decisiva pu\u00f1alada,<\/a>&nbsp;despu\u00e9s del decepcionado Egu\u00eda,&nbsp;<em>El Embocado.<\/em><br>Golpeaban con crueldad a Milei que no sab\u00eda, en efecto, defenderse. No estaba preparado para el embate feroz de la adversidad.<br>Deb\u00eda comprender que aquellos que hab\u00eda colonizado se dispon\u00edan, para completar el c\u00edrculo, a destruirlo.<\/p>\n\n\n\n<h2 class=\"wp-block-heading\">Fondo de Olla<\/h2>\n\n\n\n<p class=\"wp-block-paragraph\">Para cerrar el ef\u00edmero cuadro favorable a&nbsp;<em>Pa\u00eds de Sombrero<\/em>&nbsp;se produjo el desembarco de la lista&nbsp;<em>Fondo de Olla.<\/em><br>La conduce Juan Schiaretti,&nbsp;<em>El Gringo del Cuarteto<\/em>. Lo secunda Florencio Randazzo,&nbsp;<em>Cartel de Chivilcoy.<\/em><br>Para lanzar tard\u00edamente otra alternativa peronista, con petulancia antikirchnerista.<br>Cuesta encontrar diferencias entre el esquema Schiaretti-Randazzo con la proyecci\u00f3n, en Consenso y Palos, del peronista originario Miguel Pichetto,&nbsp;<em>El Lepenito.<\/em><br>Pichetto arrastra, como Schiaretti, utilizables peronistas en desuso. Con la medialuna enarbolada.<br>Al cierre del despacho, el \u00fanico peronista que moj\u00f3 la medialuna fue Pichetto.<br>Pero&nbsp;<em>Fondo de Olla<\/em>&nbsp;aspira a capturar los imaginarios votos peronistas que antagonizan con Candilejas.<br>El lanzamiento es recatadamente celebrado por el&nbsp;<em>&#8220;mauri-patricismo&#8221;.<\/em><br>Los m\u00e1ximos exponentes de&nbsp;<em>Pa\u00eds de Sombrero<\/em>, que se espantaron ante el acercamiento frustrado de Schiaretti con Larreta, se muestran ahora entusiasmados.<br>Ocurre que&nbsp;<em>Fondo de Olla<\/em>&nbsp;apenas puede despojarle votos a&nbsp;<em>Consenso y Palos<\/em>&nbsp;de Larreta.<br>Alguno quiz\u00e1 a Guillermo Moreno,&nbsp;<em>El Pen\u00faltimo Peronista Solitario<\/em>. Pero ninguno a Candilejas.<\/p>\n\n\n\n<p class=\"wp-block-paragraph\">Consta que,&nbsp;<a target=\"_blank\" href=\"https:\/\/jorgeasisdigital.com\/2023\/06\/17\/cierres-en-el-bazar-persa\/\" rel=\"noreferrer noopener\"><strong>en el Bazar Persa<\/strong><\/a>, cada punto se cotiza hoy a un palo verde. Blue.<br>En realidad se desconoce, al cierre del despacho, cu\u00e1l es el verdadero objetivo de la dupla Schiaretti-Randazzo.<br>Lo trafica Guillermo Seita,&nbsp;<em>El Paseador de Juez<\/em>, y cuenta con el fervor de Diego Bossio,&nbsp;<em>El Perseguido<\/em>, un r\u00e1pido economista que mantiene, en su haber, el desprecio que no prescribe de&nbsp;<em>La Doctora<\/em>.<br>Todos ellos distan de conmoverse con las tensiones alcistas del&nbsp;<em>Bazar<\/em>.<br>Como el currito de bajarse, para apoyar a Larreta. O insistir en la sigilosa b\u00fasqueda de 3 o 4 puntos (o para los profanos millones de d\u00f3lares).<br>Para favorecer, vaya a saberse por qu\u00e9 acuerdo inexistente, al&nbsp;<em>\u00c1ngel Exterminador.<\/em>&nbsp;Hip\u00f3tesis que circula y deber\u00eda descartarse, con \u00e9nfasis.<\/p>\n\n\n\n<p class=\"wp-block-paragraph\">De haberse lanzado a tiempo, Schiaretti estaba para ambicionar mucho m\u00e1s. Pod\u00eda haber sido el gran protagonista y la primera voz.<br>De ning\u00fan modo para ser parte complementaria del coro. O del paisaje.<\/p>\n\n\n\n<p class=\"wp-block-paragraph\">* Escribe\u00a0<strong>Oberd\u00e1n Rocamora.\u00a0<\/strong><em>Redactor Estrella<\/em>, especial para\u00a0<strong><em><a rel=\"noreferrer noopener\" target=\"_blank\" href=\"https:\/\/jorgeasisdigital.com\/\">JorgeAsisDigital.com<\/a><\/em><\/strong><\/p>\n\n\n\n<p class=\"wp-block-paragraph\">Fuente: <a href=\"https:\/\/www.perfil.com\/\">Perfil.com<\/a><\/p>","protected":false},"excerpt":{"rendered":"<p>\u201c\u00bfYsi ganamos?\u201d.&nbsp;Brota de pronto la incipiente euforia que el oficialismo en banda distaba de merecer.La postulaci\u00f3n de Sergio,&nbsp;El Profesional, gener\u00f3 en&nbsp;Candilejas&nbsp;un incierto \u00e1nimo de competencia.Seg\u00fan Sintra Consultora, en los ejercicios de aproximaci\u00f3n de las encuestas, Sergio contiene solo dos puntos menos que Patricia y Horacio sumados.Y con la carga de la pifiada econ\u00f3mica que marca [&hellip;]<\/p>\n","protected":false},"author":9,"featured_media":0,"comment_status":"open","ping_status":"open","sticky":false,"template":"","format":"standard","meta":{"site-sidebar-layout":"default","site-content-layout":"","ast-site-content-layout":"default","site-content-style":"default","site-sidebar-style":"default","ast-global-header-display":"","ast-banner-title-visibility":"","ast-main-header-display":"","ast-hfb-above-header-display":"","ast-hfb-below-header-display":"","ast-hfb-mobile-header-display":"","site-post-title":"","ast-breadcrumbs-content":"","ast-featured-img":"","footer-sml-layout":"","ast-disable-related-posts":"","theme-transparent-header-meta":"","adv-header-id-meta":"","stick-header-meta":"","header-above-stick-meta":"","header-main-stick-meta":"","header-below-stick-meta":"","astra-migrate-meta-layouts":"default","ast-page-background-enabled":"default","ast-page-background-meta":{"desktop":{"background-color":"","background-image":"","background-repeat":"repeat","background-position":"center center","background-size":"auto","background-attachment":"scroll","background-type":"","background-media":"","overlay-type":"","overlay-color":"","overlay-opacity":"","overlay-gradient":""},"tablet":{"background-color":"","background-image":"","background-repeat":"repeat","background-position":"center center","background-size":"auto","background-attachment":"scroll","background-type":"","background-media":"","overlay-type":"","overlay-color":"","overlay-opacity":"","overlay-gradient":""},"mobile":{"background-color":"","background-image":"","background-repeat":"repeat","background-position":"center center","background-size":"auto","background-attachment":"scroll","background-type":"","background-media":"","overlay-type":"","overlay-color":"","overlay-opacity":"","overlay-gradient":""}},"ast-content-background-meta":{"desktop":{"background-color":"var(--ast-global-color-5)","background-image":"","background-repeat":"repeat","background-position":"center center","background-size":"auto","background-attachment":"scroll","background-type":"","background-media":"","overlay-type":"","overlay-color":"","overlay-opacity":"","overlay-gradient":""},"tablet":{"background-color":"var(--ast-global-color-5)","background-image":"","background-repeat":"repeat","background-position":"center center","background-size":"auto","background-attachment":"scroll","background-type":"","background-media":"","overlay-type":"","overlay-color":"","overlay-opacity":"","overlay-gradient":""},"mobile":{"background-color":"var(--ast-global-color-5)","background-image":"","background-repeat":"repeat","background-position":"center center","background-size":"auto","background-attachment":"scroll","background-type":"","background-media":"","overlay-type":"","overlay-color":"","overlay-opacity":"","overlay-gradient":""}},"footnotes":""},"categories":[2],"tags":[],"class_list":["post-84735","post","type-post","status-publish","format-standard","hentry","category-politica"],"spectra_blocks_featured_image_url":null,"spectra_blocks_author_info":{"display_name":"Jorge Alfredo Baret","avatar_url":"https:\/\/secure.gravatar.com\/avatar\/31696f5ca83439b642450ec7d3f82f98451a5efacb414343d5478c982b337f26?s=96&d=mm&r=g","author_link":"https:\/\/100xd.com.ar\/es\/author\/jorge\/","description":"Ingeniero Qu\u00edmico UTN - Director Apoderado de Comunicaciones Auditadas SA. Editor Responsable 100xd.com.ar."},"_links":{"self":[{"href":"https:\/\/100xd.com.ar\/es\/wp-json\/wp\/v2\/posts\/84735","targetHints":{"allow":["GET"]}}],"collection":[{"href":"https:\/\/100xd.com.ar\/es\/wp-json\/wp\/v2\/posts"}],"about":[{"href":"https:\/\/100xd.com.ar\/es\/wp-json\/wp\/v2\/types\/post"}],"author":[{"embeddable":true,"href":"https:\/\/100xd.com.ar\/es\/wp-json\/wp\/v2\/users\/9"}],"replies":[{"embeddable":true,"href":"https:\/\/100xd.com.ar\/es\/wp-json\/wp\/v2\/comments?post=84735"}],"version-history":[{"count":1,"href":"https:\/\/100xd.com.ar\/es\/wp-json\/wp\/v2\/posts\/84735\/revisions"}],"predecessor-version":[{"id":84737,"href":"https:\/\/100xd.com.ar\/es\/wp-json\/wp\/v2\/posts\/84735\/revisions\/84737"}],"wp:attachment":[{"href":"https:\/\/100xd.com.ar\/es\/wp-json\/wp\/v2\/media?parent=84735"}],"wp:term":[{"taxonomy":"category","embeddable":true,"href":"https:\/\/100xd.com.ar\/es\/wp-json\/wp\/v2\/categories?post=84735"},{"taxonomy":"post_tag","embeddable":true,"href":"https:\/\/100xd.com.ar\/es\/wp-json\/wp\/v2\/tags?post=84735"}],"curies":[{"name":"wp","href":"https:\/\/api.w.org\/{rel}","templated":true}]}}