{"id":84674,"date":"2023-07-07T11:32:07","date_gmt":"2023-07-07T14:32:07","guid":{"rendered":"https:\/\/100xd.com.ar\/?p=84674"},"modified":"2023-07-07T11:32:07","modified_gmt":"2023-07-07T14:32:07","slug":"tras-el-traumatico-cierre-de-listas-axel-kicillof-y-maximo-kirchner-inauguraron-la-mesa-de-campana-bonaerense","status":"publish","type":"post","link":"https:\/\/100xd.com.ar\/es\/tras-el-traumatico-cierre-de-listas-axel-kicillof-y-maximo-kirchner-inauguraron-la-mesa-de-campana-bonaerense\/","title":{"rendered":"Tras el traum\u00e1tico cierre de listas, Axel Kicillof y M\u00e1ximo Kirchner inauguraron la \u201cmesa de campa\u00f1a\u201d bonaerense"},"content":{"rendered":"<p class=\"wp-block-paragraph\">En un<mark>&nbsp;ejercicio de resiliencia<\/mark>&nbsp;tras el traum\u00e1tico cierre de listas, Uni\u00f3n por la Patria estren\u00f3 la&nbsp;<strong>\u201cmesa de coordinaci\u00f3n de campa\u00f1a\u201d<\/strong>&nbsp;de la&nbsp;<strong>provincia de Buenos Aires.&nbsp;<\/strong>Las n\u00f3minas legislativas que diagram\u00f3 el presidente del PJ bonaerense,&nbsp;<strong>M\u00e1ximo Kirchner,&nbsp;<\/strong>dejaron un bols\u00f3n de heridos que incluy\u00f3 a muchos&nbsp;<strong>intendentes del conurbano<\/strong>&nbsp;y tambi\u00e9n a&nbsp;<strong>actores relevantes del kirchnerismo<\/strong>&nbsp;que se quedaron sin los lugares que aspiraban por el armado del fundador de La C\u00e1mpora. Varios de los que&nbsp;<mark>todav\u00eda tienen que metabolizar lo que pas\u00f3,<\/mark>&nbsp;no obstante, ahora fueron convocados por su peso territorial para organizar la carrera hacia las PASO de&nbsp;<strong>Axel Kicillof,<\/strong>&nbsp;que va por su reelecci\u00f3n.<\/p>\n\n\n\n<p class=\"wp-block-paragraph\">El mi\u00e9rcoles tuvo lugar el primer c\u00f3nclave de la mesa de campa\u00f1a bonaerense. All\u00ed tuvieron sillas, adem\u00e1s de&nbsp;<strong>M\u00e1ximo Kirchner, Kicillof&nbsp;<\/strong>y la vicegobernadora&nbsp;<strong>Ver\u00f3nica Magario<\/strong>, los intendentes de la tercera secci\u00f3n electoral&nbsp;<strong>Fernando Espinoza<\/strong>&nbsp;(La Matanza),<strong>&nbsp;Mart\u00edn Insaurralde<\/strong>&nbsp;(Lomas de Zamora) y&nbsp;<strong>Jorge Ferraresi&nbsp;<\/strong>(Avellaneda); y los referentes de la primera secci\u00f3n electoral, el ministro de Obras P\u00fablicas,&nbsp;<strong>Gabriel Katopodis&nbsp;<\/strong>(San Mart\u00edn) y&nbsp;<strong>Gustavo Men\u00e9ndez<\/strong>&nbsp;(Merlo).<a href=\"https:\/\/www.lanacion.com.ar\/politica\/massa-y-boudou-el-regreso-de-dos-comicos-de-la-legua-nid05072023\/\" target=\"_blank\" rel=\"noreferrer noopener\"><em><\/em>SERGIO MASSA Y AMADO BOUDOU, EL REGRESO DE DOS C\u00d3MICOS DE LA LEGUA<\/a><\/p>\n\n\n\n<p class=\"wp-block-paragraph\">La novena silla es para el ministro de Desarrollo de la Comunidad bonaerense,&nbsp;<strong>Andr\u00e9s \u201cCuervo\u201d Larroque<\/strong>, uno de los integrantes del tri\u00e1ngulo de confianza de Cristina Kirchner, que se completa con su hijo y con Eduardo \u201cWado\u201d De Pedro.&nbsp;<mark>\u00c9l no ser\u00e1 candidato a nada<\/mark>.<\/p>\n\n\n\n<p class=\"wp-block-paragraph\">En la primera reuni\u00f3n del grupo en La Plata, Kicillof cont\u00f3 sus planes de campa\u00f1a y comunic\u00f3 el&nbsp;<mark>cronograma de cortes de cinta<\/mark>&nbsp;e inauguraciones que puede hacer hasta la veda de anuncios. Tambi\u00e9n se abordaron lineamientos discursivos y&nbsp;<mark>la organizaci\u00f3n de la militancia<\/mark>&nbsp;en los territorios.&nbsp;<strong>\u201cSe llam\u00f3 a la unidad del trabajo, lo que pas\u00f3, pas\u00f3\u201d,<\/strong>&nbsp;dijo el colaborador de uno de los convocados a la mesa.<\/p>\n\n\n\n<p class=\"wp-block-paragraph\">Ma\u00f1ana habr\u00eda otro c\u00f3nclave, esta vez con&nbsp;<strong>De Pedro,<\/strong>&nbsp;designado jefe de la campa\u00f1a nacional del espacio.&nbsp;<mark><strong>Se espera para las pr\u00f3ximas horas la inauguraci\u00f3n del b\u00fanker nacional de Uni\u00f3n por la Patria, en el microcentro, sobre la calle Bartolom\u00e9 Mitre.<\/strong><\/mark><\/p>\n\n\n\n<figure data-spectra-id=\"spectra-8cb059df-481f-4bab-8da5-0962d1794af7\" class=\"wp-block-image\"><img decoding=\"async\" src=\"https:\/\/resizer.glanacion.com\/resizer\/Yq-Z7hrU6I5VwSV-RXVsatcddJI=\/310x0\/filters:format(webp):quality(80)\/cloudfront-us-east-1.images.arcpublishing.com\/lanacionar\/E2VQGNC5X5CW5MB3QRDY4DUKBY.JPG\" alt=\"Andr\u00e9s Larroque\" title=\"Tras el traum\u00e1tico cierre de listas, Axel Kicillof y M\u00e1ximo Kirchner inauguraron la \u201cmesa de campa\u00f1a\u201d bonaerense\" \/><figcaption>Andr\u00e9s LarroqueRicardo Pristupluk<\/figcaption><\/figure>\n\n\n\n<p class=\"wp-block-paragraph\">Si Massa busc\u00f3 dar vuelta la p\u00e1gina del cierre de listas al entronizar a&nbsp;<strong>De Pedro como su jefe de campa\u00f1a<\/strong>&nbsp;para poder llegar a las urnas de la mano del kirchnerismo, ahora M\u00e1ximo Kirchner y Kicillof buscaron contener en el comando provincial a referentes a los que todav\u00eda les cuesta digerir el cierre de listas del distrito.<\/p>\n\n\n\n<h2 class=\"wp-block-heading\">Los convocados<\/h2>\n\n\n\n<p class=\"wp-block-paragraph\">Socio fundador de La C\u00e1mpora y principal cuadro de la militancia territorial del kirchnerismo, el s\u00e1bado del cierre de listas muchos especularon con que&nbsp;<strong>Larroque<\/strong>&nbsp;tendr\u00eda una banca asegurada en Diputados, pero su nombre no figur\u00f3. Las diferencias de mirada que tiene con M\u00e1ximo Kirchner volvieron a quedar en evidencia y hoy el ministro bonaerense tiene mejor sinton\u00eda con Kicillof, que tiene una relaci\u00f3n muy tirante con el presidente del PJ bonaerense.<\/p>\n\n\n\n<p class=\"wp-block-paragraph\">Larroque fue uno de los adalides del operativo clamor para que Cristina fuera la candidata a presidenta, un plan que se perge\u00f1\u00f3 desde la llamada&nbsp;<strong>\u201cmesa de Ensenada\u201d.<\/strong>&nbsp;Otros de los hombres claves de ese grupo -que funcion\u00f3 durante meses, hasta que la vice ratific\u00f3 que no competir\u00eda- tampoco fueron beneficiados por las n\u00f3minas. El intendente anfitri\u00f3n,&nbsp;<strong>Mario Secco,<\/strong>&nbsp;no obtuvo un lugar expectante en la n\u00f3mina de la tercera secci\u00f3n electoral y tampoco lo logr\u00f3 su par de Avellaneda,&nbsp;<strong>Ferraresi,<\/strong>&nbsp;ahora integrado a la \u201cmesa de campa\u00f1a\u201d.<\/p>\n\n\n\n<figure data-spectra-id=\"spectra-c6e587b3-e338-47f8-98b1-045bd702e683\" class=\"wp-block-image\"><img decoding=\"async\" src=\"https:\/\/resizer.glanacion.com\/resizer\/I-uMDDi7-XNRUHbdj9eD4H-IRcc=\/310x0\/filters:format(webp):quality(80)\/cloudfront-us-east-1.images.arcpublishing.com\/lanacionar\/RI5W6J3WVFCLRALQQ2EOJ4APCY.jpg\" alt=\"Jorge Ferraresi de Avellaneda sale del encuentro con el gobernador Axel Kicillof\" title=\"Tras el traum\u00e1tico cierre de listas, Axel Kicillof y M\u00e1ximo Kirchner inauguraron la \u201cmesa de campa\u00f1a\u201d bonaerense\" \/><figcaption>Jorge Ferraresi de Avellaneda sale del encuentro con el gobernador Axel KicillofEVA CABRERA &#8211; T\u00e9lam<\/figcaption><\/figure>\n\n\n\n<p class=\"wp-block-paragraph\">Intendente super fiel a la vicepresidenta y&nbsp;<mark>actor fundamental del kirchnerismo en los a\u00f1os de la resistencia a Mauricio Macri<\/mark>, Ferraresi no solo no tendr\u00e1 a alguien de su ri\u00f1\u00f3n en la lista de senadores provinciales, como esperaba, sino que esa n\u00f3mina la encabeza&nbsp;<strong>el camporista Emmanuel Gonz\u00e1lez Santalla<\/strong>,<strong>&nbsp;<\/strong>uno de los delfines de M\u00e1ximo Kirchner en el conurbano que viene pisando fuerte en Avellaneda. El silencio de Ferraresi habla por s\u00ed solo: tras decir que Massa salv\u00f3 al Gobierno \u201cdel helic\u00f3ptero\u201d&nbsp;<mark>no public\u00f3 ni un tuit celebrando la f\u00f3rmula presidencial.<\/mark><\/p>\n\n\n\n<p class=\"wp-block-paragraph\"><strong>Katopodis es otro de los que estar\u00e1 en la mesa de campa\u00f1a sin ser candidato.<\/strong>&nbsp;\u201cFuncionario que funciona\u201d -en palabras de Cristina Kirchner- y referente bonaerense sentado en todas las mesas pol\u00edticas de los \u00faltimos cuatro a\u00f1os por lo que representa en San Mart\u00edn, en alg\u00fan momento del vertiginoso s\u00e1bado del cierre de listas le lleg\u00f3 el ofrecimiento para ocupar un casillero en la n\u00f3mina de diputados nacionales.&nbsp;<strong>El ministro de Obras P\u00fablicas no quiso<\/strong>.<\/p>\n\n\n\n<figure data-spectra-id=\"spectra-56b65925-03b2-4c82-9631-03c9f9a260fc\" class=\"wp-block-image\"><img decoding=\"async\" src=\"https:\/\/resizer.glanacion.com\/resizer\/Bn5Bh96a7aBfAQKRpti5aajBlDk=\/310x0\/filters:format(webp):quality(80)\/cloudfront-us-east-1.images.arcpublishing.com\/lanacionar\/JTUI753DK5FTTAJKH7B4CYS7QM.jpg\" alt=\"Cristina Kirchner junto a Alicia Kirchner y Gabriel Katopodis durante la inauguraci\u00f3n de un hospital en R\u00edo Gallegos\" title=\"Tras el traum\u00e1tico cierre de listas, Axel Kicillof y M\u00e1ximo Kirchner inauguraron la \u201cmesa de campa\u00f1a\u201d bonaerense\" \/><figcaption>Cristina Kirchner junto a Alicia Kirchner y Gabriel Katopodis durante la inauguraci\u00f3n de un hospital en R\u00edo GallegosHoracio Cordoba &#8211; LA NACION<\/figcaption><\/figure>\n\n\n\n<p class=\"wp-block-paragraph\">En la mesa de coordinaci\u00f3n de campa\u00f1a tambi\u00e9n estar\u00e1n los matanceros&nbsp;<strong>Espinoza y Magario.<\/strong>&nbsp;Ambos vivieron horas de nerviosismo aquel s\u00e1bado 24 de junio, porque&nbsp;<mark>hab\u00eda operaciones para instalar a Insaurralde como eventual candidato a vicegobernador.<\/mark>&nbsp;El binomio de Kicillof se anunci\u00f3 cerca de las 22 de ese d\u00eda, pese a que Magario se hab\u00eda asegurado ser la compa\u00f1era de f\u00f3rmula el d\u00eda previo, con la venia de Cristina. El intendente de La Matanza, por su parte,&nbsp;<strong>deber\u00e1 atravesar una PASO que no deseaba en su comarca<\/strong>, porque fue habilitada la lista de la referente del Movimiento Evita, Patricia Cubr\u00eda. Ella tendr\u00e1 como sigiloso promotor a Insaurralde, rival hist\u00f3rico de Espinoza por la correlaci\u00f3n de fuerzas en el conurbano.<a href=\"https:\/\/www.lanacion.com.ar\/politica\/caso-cecilia-strzyzowski-las-imagenes-minuto-a-minuto-de-los-movimientos-de-los-protagonistas-el-dia-nid06072023\/\" target=\"_blank\" rel=\"noreferrer noopener\"><em><\/em>CASO CECILIA STRZYZOWSKI: LAS IM\u00c1GENES, MINUTO A MINUTO, DE LOS MOVIMIENTOS DE LOS PROTAGONISTAS EL D\u00cdA DEL CRIMEN<\/a><\/p>\n\n\n\n<p class=\"wp-block-paragraph\"><strong>Kicillof<\/strong>, que aspira a su reelecci\u00f3n, tampoco pudo reservarse casilleros en las listas legislativas nacionales y bonaerenses, pese a ser el gobernador del distrito m\u00e1s importante del pa\u00eds.\u00a0<strong>\u201cAxel nunca pidi\u00f3 cargos legislativos, ni un concejal.<\/strong>\u00a0\u00c9l se concentra en el Ejecutivo. Si gana la provincia, su equipo seguir\u00e1 gestionando. Si pierde, se ir\u00e1 cada uno a su casa\u201d, dijeron cerca del mandatario bonaerense.<\/p>\n\n\n\n<p class=\"wp-block-paragraph\"><a href=\"https:\/\/www.lanacion.com.ar\/autor\/maia-jastreblansky-5\/\">Maia Jastreblansky<\/a><\/p>\n\n\n\n<p class=\"wp-block-paragraph\">Fuente: <a href=\"https:\/\/www.lanacion.com.ar\/\">La Naci\u00f3n<\/a><\/p>","protected":false},"excerpt":{"rendered":"<p>En un&nbsp;ejercicio de resiliencia&nbsp;tras el traum\u00e1tico cierre de listas, Uni\u00f3n por la Patria estren\u00f3 la&nbsp;\u201cmesa de coordinaci\u00f3n de campa\u00f1a\u201d&nbsp;de la&nbsp;provincia de Buenos Aires.&nbsp;Las n\u00f3minas legislativas que diagram\u00f3 el presidente del PJ bonaerense,&nbsp;M\u00e1ximo Kirchner,&nbsp;dejaron un bols\u00f3n de heridos que incluy\u00f3 a muchos&nbsp;intendentes del conurbano&nbsp;y tambi\u00e9n a&nbsp;actores relevantes del kirchnerismo&nbsp;que se quedaron sin los lugares que aspiraban [&hellip;]<\/p>\n","protected":false},"author":9,"featured_media":0,"comment_status":"open","ping_status":"open","sticky":false,"template":"","format":"standard","meta":{"site-sidebar-layout":"default","site-content-layout":"","ast-site-content-layout":"default","site-content-style":"default","site-sidebar-style":"default","ast-global-header-display":"","ast-banner-title-visibility":"","ast-main-header-display":"","ast-hfb-above-header-display":"","ast-hfb-below-header-display":"","ast-hfb-mobile-header-display":"","site-post-title":"","ast-breadcrumbs-content":"","ast-featured-img":"","footer-sml-layout":"","ast-disable-related-posts":"","theme-transparent-header-meta":"","adv-header-id-meta":"","stick-header-meta":"","header-above-stick-meta":"","header-main-stick-meta":"","header-below-stick-meta":"","astra-migrate-meta-layouts":"default","ast-page-background-enabled":"default","ast-page-background-meta":{"desktop":{"background-color":"","background-image":"","background-repeat":"repeat","background-position":"center center","background-size":"auto","background-attachment":"scroll","background-type":"","background-media":"","overlay-type":"","overlay-color":"","overlay-opacity":"","overlay-gradient":""},"tablet":{"background-color":"","background-image":"","background-repeat":"repeat","background-position":"center center","background-size":"auto","background-attachment":"scroll","background-type":"","background-media":"","overlay-type":"","overlay-color":"","overlay-opacity":"","overlay-gradient":""},"mobile":{"background-color":"","background-image":"","background-repeat":"repeat","background-position":"center center","background-size":"auto","background-attachment":"scroll","background-type":"","background-media":"","overlay-type":"","overlay-color":"","overlay-opacity":"","overlay-gradient":""}},"ast-content-background-meta":{"desktop":{"background-color":"var(--ast-global-color-5)","background-image":"","background-repeat":"repeat","background-position":"center center","background-size":"auto","background-attachment":"scroll","background-type":"","background-media":"","overlay-type":"","overlay-color":"","overlay-opacity":"","overlay-gradient":""},"tablet":{"background-color":"var(--ast-global-color-5)","background-image":"","background-repeat":"repeat","background-position":"center center","background-size":"auto","background-attachment":"scroll","background-type":"","background-media":"","overlay-type":"","overlay-color":"","overlay-opacity":"","overlay-gradient":""},"mobile":{"background-color":"var(--ast-global-color-5)","background-image":"","background-repeat":"repeat","background-position":"center center","background-size":"auto","background-attachment":"scroll","background-type":"","background-media":"","overlay-type":"","overlay-color":"","overlay-opacity":"","overlay-gradient":""}},"footnotes":""},"categories":[2],"tags":[],"class_list":["post-84674","post","type-post","status-publish","format-standard","hentry","category-politica"],"spectra_blocks_featured_image_url":null,"spectra_blocks_author_info":{"display_name":"Jorge Alfredo Baret","avatar_url":"https:\/\/secure.gravatar.com\/avatar\/31696f5ca83439b642450ec7d3f82f98451a5efacb414343d5478c982b337f26?s=96&d=mm&r=g","author_link":"https:\/\/100xd.com.ar\/es\/author\/jorge\/","description":"Ingeniero Qu\u00edmico UTN - Director Apoderado de Comunicaciones Auditadas SA. Editor Responsable 100xd.com.ar."},"_links":{"self":[{"href":"https:\/\/100xd.com.ar\/es\/wp-json\/wp\/v2\/posts\/84674","targetHints":{"allow":["GET"]}}],"collection":[{"href":"https:\/\/100xd.com.ar\/es\/wp-json\/wp\/v2\/posts"}],"about":[{"href":"https:\/\/100xd.com.ar\/es\/wp-json\/wp\/v2\/types\/post"}],"author":[{"embeddable":true,"href":"https:\/\/100xd.com.ar\/es\/wp-json\/wp\/v2\/users\/9"}],"replies":[{"embeddable":true,"href":"https:\/\/100xd.com.ar\/es\/wp-json\/wp\/v2\/comments?post=84674"}],"version-history":[{"count":1,"href":"https:\/\/100xd.com.ar\/es\/wp-json\/wp\/v2\/posts\/84674\/revisions"}],"predecessor-version":[{"id":84676,"href":"https:\/\/100xd.com.ar\/es\/wp-json\/wp\/v2\/posts\/84674\/revisions\/84676"}],"wp:attachment":[{"href":"https:\/\/100xd.com.ar\/es\/wp-json\/wp\/v2\/media?parent=84674"}],"wp:term":[{"taxonomy":"category","embeddable":true,"href":"https:\/\/100xd.com.ar\/es\/wp-json\/wp\/v2\/categories?post=84674"},{"taxonomy":"post_tag","embeddable":true,"href":"https:\/\/100xd.com.ar\/es\/wp-json\/wp\/v2\/tags?post=84674"}],"curies":[{"name":"wp","href":"https:\/\/api.w.org\/{rel}","templated":true}]}}