{"id":84671,"date":"2023-07-07T11:22:33","date_gmt":"2023-07-07T14:22:33","guid":{"rendered":"https:\/\/100xd.com.ar\/?p=84671"},"modified":"2023-07-07T11:22:33","modified_gmt":"2023-07-07T14:22:33","slug":"el-esoterismo-oculto-de-milei-viaje-al-centro-de-la-derecha-mesianica","status":"publish","type":"post","link":"https:\/\/100xd.com.ar\/es\/el-esoterismo-oculto-de-milei-viaje-al-centro-de-la-derecha-mesianica\/","title":{"rendered":"El esoterismo oculto de Milei: viaje al centro de la derecha mesi\u00e1nica"},"content":{"rendered":"<p class=\"wp-block-paragraph\"><strong>Javier Milei<\/strong>&nbsp;camina con delicadeza, casi en puntas de pie, como una bailarina dando sus primeros pasos en un escenario dif\u00edcil. Est\u00e1 en su casa en el Abasto, que desde hace un tiempo se convirti\u00f3 en una zona de riesgo hasta para su propio due\u00f1o. Un paso en falso o un descuido lo pueden mandar derecho al hospital. Es eso, de hecho, lo que est\u00e1 a punto de pasar esta noche.<\/p>\n\n\n\n<p class=\"wp-block-paragraph\">Cuando los seis clones de su perro Conan llegaron desde Estados Unidos eran apenas cachorros simpaticones. \u00c9l les puso el nombre de sus economistas liberales preferidos: Murray (por Rothbard), Milton (por Friedman), Robert y Lucas (por Robert Lucas), adem\u00e1s del reemplazo de Conan. Tambi\u00e9n hab\u00eda un sexto, que falleci\u00f3 al poco tiempo. Los animales clonados son m\u00e1s susceptibles a las enfermedades y tienen menos expectativa de vida, y en el caso de&nbsp;<strong>Milei tambi\u00e9n pueden llegar a tener un desenlace inesperado<\/strong>: ser\u00eda el cachorro muerto -\u201cel angelito\u201d, lo llama-, junto al Conan original, quienes le abrir\u00edan el \u201ccanal de luz\u201d que le permitir\u00eda \u201crecibir informaci\u00f3n del Uno\u201d, como le dice \u00e9l, as\u00ed en may\u00fascula.&nbsp;<\/p>\n\n\n\n<p class=\"wp-block-paragraph\">Los clones llegaron en mayo del 2018. Para el 31 de marzo del 2019, la noche del accidente, estaban cerca de cumplir un a\u00f1o. Lo cierto era que ten\u00eda a estos animales gigantescos metidos en un departamento de 100 metros cuadrados, en un edificio en el que viv\u00eda mucha m\u00e1s gente.&nbsp;<strong>El \u00faltimo manotazo del libertario fue separarlo<\/strong>s. Milei tem\u00eda que se salieran de control o se pelearan entre ellos, y por eso dividi\u00f3 el living en partes iguales para cada perro. Atornill\u00f3 ganchos en el piso, como las estacas que se usan para las carpas, desde donde ataba a cada uno.<br><img decoding=\"async\" alt=\"El Loco, Editorial Planeta\" src=\"https:\/\/fotos.perfil.com\/\/2023\/07\/01\/900\/0\/el-loco-editorial-planeta-1600615.jpg\" title=\"El esoterismo oculto de Milei: viaje al centro de la derecha mesi\u00e1nica\"><\/p>\n\n\n\n<p class=\"wp-block-paragraph\">As\u00ed, los canes se empezaron a mover s\u00f3lo por el largo que le permit\u00eda la correa, que iba atada hasta el gancho. En el medio hab\u00eda dejado un espacio libre, al que no pod\u00edan llegar, para poder transitar y darles comida. Adem\u00e1s del temor a un accidente, los mastines ingleses tra\u00edan otro problema.&nbsp;<strong>La casa se hab\u00eda convertido en un inmenso chiquero<\/strong>, tomada por los animales que hac\u00edan sus necesidades, tan grandes como ellos, en su lugar designado en el living.<\/p>\n\n\n\n<p class=\"wp-block-paragraph\">El 31 de marzo se cumplieron sus temores. Los detalles no son del todo claros. La versi\u00f3n oficial fue que dos de los perros se trenzaron en una furiosa pelea -algo debe haber fallado con su sistema de ganchos- y \u00e9l, jug\u00e1ndose la vida, se meti\u00f3 en el medio de la trifulca para separar. Pero a sus conocidos les cont\u00f3 otra cosa: que esa noche \u00e9l estaba yendo por el camino del living por el que pod\u00eda moverse, pero tropez\u00f3 y cay\u00f3 sobre uno de los animales. De cualquier manera, el resultado de ambas historias es el mismo. Uno de los mastines lo atac\u00f3 y lo mordi\u00f3 feo.<\/p>\n\n\n\n<p class=\"wp-block-paragraph\">Milei termin\u00f3 en el hospital. El brazo izquierdo ten\u00eda heridas serias y tuvieron que darle unos cuantos puntos de sutura. Tambi\u00e9n ponerle un yeso.&nbsp;<strong>Fue una lesi\u00f3n que le demand\u00f3 varias curaciones<\/strong>&nbsp;y regresos a la cl\u00ednica para terminar de sanar. Y, dentro de todo, el economista la hab\u00eda sacado barata.<\/p>\n\n\n\n<p class=\"wp-block-paragraph\">\u00c9l ya lo sab\u00eda desde antes, pero el incidente termin\u00f3 de confirm\u00e1rselo. No pod\u00eda llevar a nadie a su departamento, entre el peligro de los animales y la suciedad que generaban. Su hogar se empez\u00f3 a convertir en una fortaleza inexpugnable, a la que nadie pod\u00eda entrar. Milei ten\u00eda que inventar excusas una y otra vez para justificar por qu\u00e9 no pod\u00eda recibir personas en su hogar. \u201cEs que esto es Kosovo\u201d, dec\u00eda, y lo presentaba como si fuera un chiste. Pero nadie pod\u00eda imaginar lo real, lo cruda, que era esa frase. La casa de Milei era Kosovo, y su psiquis tambi\u00e9n. Se estaba cocinando una tormenta perfecta.<\/p>\n\n\n\n<h2 class=\"wp-block-heading\"><strong>Telepat\u00eda animal<\/strong><\/h2>\n\n\n\n<p class=\"wp-block-paragraph\"><strong>&nbsp;<\/strong>Para el momento del accidente, Conan llevaba muerto casi dos a\u00f1os. El 2017 hab\u00eda sido para \u00e9l un a\u00f1o tortuoso, imposible, probablemente el peor de su vida. A la par de que empezaba a hacer ruido en los medios y en la calle, lo que le demandaba un grado de exigencia profesional y de estr\u00e9s novedoso, le hab\u00eda llegado la peor noticia que podr\u00edan haberle dado: su \u201chijito de cuatro patas\u201d ten\u00eda una&nbsp;<strong>enfermedad degenerativa&nbsp;<\/strong>y hab\u00eda que prepararse para el final. Hay que entender que para Milei el perro no era s\u00f3lo una mascota, sino que literalmente lo pon\u00eda a la par de un hijo, ese que nunca tuvo. As\u00ed de grave era esa muerte para \u00e9l.<\/p>\n\n\n\n<p class=\"wp-block-paragraph\">La inminente desaparici\u00f3n del can lo enfrentaba, adem\u00e1s, con su propia soledad. No ten\u00eda novia, su \u00fanico amigo real era&nbsp;<strong>el economista Diego Giacomin<\/strong>i, y en ese momento tampoco manten\u00eda relaci\u00f3n con sus \u201cprogenitores\u201d, como los llamaba. Su hermana Karina y Conan eran casi toda su vida. O toda, como daba a entender en las entrevistas que daba. Si a esta realidad se le suman los a\u00f1os de tormentos y golpes que sufri\u00f3 en su infancia de parte de sus padres (ver recuadro), lo que le cost\u00f3 siempre conectar con las personas que lo rodeaban, y la importancia total que ten\u00eda el perro en su psiquis, el resultado devastador de la muerte de Conan se puede empezar a entender mejor.<\/p>\n\n\n\n<p class=\"wp-block-paragraph\">Es que fue en este punto donde la estabilidad emocional de Milei, que siempre hab\u00eda estado contra las cuerdas, sufri\u00f3 un duro golpe. Afrontar la muerte de Conan era, para \u00e9l, sencillamente imposible.<img decoding=\"async\" alt=\"La tapa de NOTICIAS\" src=\"https:\/\/via.placeholder.com\/64x64?text=NOTICIAS\" srcset=\"https:\/\/fotos.perfil.com\/2023\/06\/30\/trim\/64\/64\/la-tapa-de-noticias-1599865.jpg\" title=\"El esoterismo oculto de Milei: viaje al centro de la derecha mesi\u00e1nica\"><\/p>\n\n\n\n<h6 class=\"wp-block-heading\"><a href=\"https:\/\/noticias.perfil.com\/noticias\/tapas\/el-esoterismo-oculto-de-milei-anticipo-del-libro-el-loco.phtml\">Le\u00e9 tambi\u00e9n<\/a><\/h6>\n\n\n\n<h5 class=\"wp-block-heading\"><a href=\"https:\/\/noticias.perfil.com\/noticias\/tapas\/el-esoterismo-oculto-de-milei-anticipo-del-libro-el-loco.phtml\">EL ESOTERISMO OCULTO DE MILEI: ANTICIPO DEL LIBRO &#8220;EL LOCO&#8221;<\/a><a href=\"https:\/\/noticias.perfil.com\/noticias\/tapas\/el-esoterismo-oculto-de-milei-anticipo-del-libro-el-loco.phtml\"><\/a><\/h5>\n\n\n\n<p class=\"wp-block-paragraph\">about:blank<\/p>\n\n\n\n<p class=\"wp-block-paragraph\">Es este otro cap\u00edtulo central para entender lo que luego ser\u00eda su aventura pol\u00edtica: tan dif\u00edcil fue este proceso que para sobrellevarlo comenz\u00f3 a explorar nuevos lugares de la espiritualidad, que eventualmente lo llevar\u00edan a los di\u00e1logos con el \u201cn\u00famero Uno\u201d y a que este le encomendara \u201cla misi\u00f3n\u201d, que le dijera que ten\u00eda que meterse en pol\u00edtica. En un sentido, fue su perro y su muerte el primer pelda\u00f1o del camino que terminar\u00eda, a\u00f1os despu\u00e9s, con su rostro en una boleta presidencial.<\/p>\n\n\n\n<p class=\"wp-block-paragraph\">Es que ante la inminente muerte de Conan,&nbsp;<strong>Milei empez\u00f3 a buscar soluciones fuera de los par\u00e1metros tradicionales de la ciencia<\/strong>. Uno fue Gustavo, un brujo al que hab\u00eda conocido por Twitter, que compart\u00eda la ideolog\u00eda anarcocapitalista aunque no era un estudioso como \u00e9l. Ac\u00e1 hay, adem\u00e1s, otra prueba de las consecuencias que tuvo para el economista la desaparici\u00f3n del perro. Es que, al principio, en los domingos a la tarde en los que el brujo iba al departamento del Abasto, Milei no terminaba de confiar en el m\u00e9todo que tra\u00eda Gustavo. Este se ofrec\u00eda a ser el \u201cint\u00e9rprete\u201d entre Conan y su due\u00f1o, y en oficiar como \u201cprotector\u201d del animal, que ya daba signos de una avanzada enfermedad.<\/p>\n\n\n\n<p class=\"wp-block-paragraph\">Pero en alg\u00fan momento Milei, por convicci\u00f3n o resignaci\u00f3n, dej\u00f3 de resistirse y abraz\u00f3 las ideas del brujo. Ah\u00ed entr\u00f3 en escena otra persona que cambiar\u00eda profundamente las ideas del economista. Era la licenciada Celia Liliana Melamed, muy reconocida en lo suyo, que luego ser\u00eda tambi\u00e9n la mentora de Karina. Su \u00e1mbito de especialidad es la \u201ccomunicaci\u00f3n interespecies\u201d o, como a veces acepta traducir a rega\u00f1adientes, la \u201ctelepat\u00eda con animales\u201d, aunque ella prefiere presentarse de otra forma: m\u00e9dica veterinaria, maestra de Reiki Usui, practicante de chamanismo, t\u00e9cnica en ciencias psicof\u00edsicas y de&nbsp;<strong>sanaci\u00f3n y coaching con caballos<\/strong>, thetahealig y teor\u00eda del \u201cprograma de vida\u201d, y con la capacidad de hacer constelaciones familiares, constelaciones familiares con caballos, terapias florales y focusing.<\/p>\n\n\n\n<p class=\"wp-block-paragraph\">La licenciada de 63 a\u00f1os fue la que termin\u00f3 de introducir a Milei en el campo de la telepat\u00eda animal. Con un poco de esfuerzo hasta se puede imaginar la escena. La licenciada, con sus rulos grises y los ojos cerrados, frente al avejentado Conan en el departamento del Abasto. El hogar, antes de la llegada de los clones, manten\u00eda todav\u00eda su formato original. Desde el living suced\u00eda la \u201ccomunicaci\u00f3n\u201d. Ella se \u201cconectaba\u201d con el mast\u00edn ingl\u00e9s y lo \u201cprocesaba en palabras\u201d para que su due\u00f1o -su padre, en sus t\u00e9rminos- pudiera hablar con el perro.<\/p>\n\n\n\n<p class=\"wp-block-paragraph\">Fue un antes y un despu\u00e9s en la vida del libertario. A partir de entonces empezar\u00eda a \u201chablar\u201d con Conan, y Karina, su hermana, terminar\u00eda entren\u00e1ndose con Melamed hasta desarrollar la misma habilidad y ser otra m\u00e1s de sus \u201calumnas comunicadoras\u201d. A Milei el asunto le fascin\u00f3 y empez\u00f3 a recomend\u00e1rselo a amigos y a conocidos cuando estos ten\u00edan alg\u00fan tema con sus mascotas.<\/p>\n\n\n\n<p class=\"wp-block-paragraph\"><strong>\u201cTe proh\u00edbo contarlo\u201d.<\/strong>&nbsp;Hay algo que no deja de ser impresionante y que revela mucho de lo que sucede por la cabeza del economista. Es que a los que les pasaba el contacto de la licenciada y les dec\u00eda que se presentasen de parte suya -a algunos hasta les pagaba la primera sesi\u00f3n, a modo de cortes\u00eda-, les dejaba tambi\u00e9n una advertencia tajante. \u201cTe proh\u00edbo contarlo, van a decir que estamos locos\u201d, le orden\u00f3 a&nbsp;<strong>un amigo famoso con el que sigue en contacto<\/strong>, luego de hablarle maravillas de la telepat\u00eda con animales. Es curioso porque es esta la misma l\u00f3gica por la que nunca revel\u00f3 en p\u00fablico las tres visitas de Cristo que dice haber recibido. \u201cYo lo vi, pero s\u00e9 que si lo cuento van a decir que estoy loco\u201d.<\/p>\n\n\n\n<p class=\"wp-block-paragraph\">Es dif\u00edcil entender a fondo c\u00f3mo se lleva Milei con ese adjetivo. Lo cierto es que lo acompa\u00f1\u00f3 a lo largo de toda su vida. En forma del apodo -\u201cel loco\u201d- que le pusieron los compa\u00f1eros del colegio Cardenal Copello, que no lo pod\u00edan terminar de entender; en boca de su padre, cuando se quejaba con sus amigos de los comportamientos de su hijo y justificaba con ellos las tremendas palizas que le daba; en boca de su jefe,&nbsp;<strong>Eduardo Eurnekian<\/strong>, que dec\u00eda que era un \u201cloco\u201d cuando lo hac\u00eda re\u00edr con sus excentricidades; y, finalmente, en sus propios labios, que temblaban ante lo que la sociedad pod\u00eda llegar a pensar si descubr\u00eda la verdad.<\/p>\n\n\n\n<p class=\"wp-block-paragraph\">Quiz\u00e1s sea todo parte de un mismo proceso, el coraz\u00f3n del temor m\u00e1s profundo de Milei: que, como le pas\u00f3 en su hogar y en la escuela, lo vuelvan a considerar un paria, un raro, una presencia que estorba, alguien a quien no hay que tomar en serio. Que al \u201cloco\u201d, que tuvo que curtirse en a\u00f1os de soledad y falta de amor, lo vuelvan a dejar solo.<\/p>\n\n\n\n<p class=\"wp-block-paragraph\">Si esto \u00faltimo es cierto es lo que explica el porqu\u00e9 del impacto que tuvo la muerte de Conan. Si el perro y la hermana eran lo que lo separaba a \u00e9l de la soledad, de ese agujero negro contra el que luch\u00f3 la vida entera, es perfectamente l\u00f3gico que hiciera todo lo que estaba a su alcance para impedirlo. A\u00fan si eso supon\u00eda contratar a una m\u00e9dium que le hiciera de telepata. A\u00fan si eso supon\u00eda mandar al animal a ser clonado a Estados Unidos. A\u00fan si eso supon\u00eda mentir en cada charla, en cada entrevista, en cada comentario en las redes sociales, en cada posteo que hac\u00eda la cuenta que le cre\u00f3 en Twitter (@conan_milei).<\/p>\n\n\n\n<p class=\"wp-block-paragraph\">A\u00fan si eso supon\u00eda estirar la mentira desde entonces hasta hoy.<br><br><img decoding=\"async\" alt=\"El Loco, Editorial Planeta\" src=\"https:\/\/fotos.perfil.com\/\/2023\/07\/01\/900\/0\/el-loco-editorial-planeta-1600616.jpg\" title=\"El esoterismo oculto de Milei: viaje al centro de la derecha mesi\u00e1nica\"><\/p>\n\n\n\n<h2 class=\"wp-block-heading\"><strong>Reencarnaci\u00f3n<\/strong><\/h2>\n\n\n\n<p class=\"wp-block-paragraph\">El 19 de agosto de 2018 Milei llev\u00f3 a los clones por primera y \u00faltima vez a la televisi\u00f3n. Le hab\u00eda prometido a la producci\u00f3n de Am\u00e9rica ir tambi\u00e9n con Conan, algo que no sucedi\u00f3 por obvias razones. Para ese momento el mast\u00edn ya era una especie de estrella medi\u00e1tica, igual que su due\u00f1o. En junio, casi un a\u00f1o despu\u00e9s de su muerte, Milei hab\u00eda creado el usuario de Twitter (\u201cel primer libertario en cuatro patas\u201d) que se hac\u00eda pasar por el can.<strong>&nbsp;El perro causaba sensaci\u00f3n en las redes.<\/strong><\/p>\n\n\n\n<p class=\"wp-block-paragraph\">En aquel momento el libertario hab\u00eda empezado a salir con la cantante Daniela, la \u00fanica pareja que se le conoce, un romance que dur\u00f3 poco m\u00e1s de seis meses. La conductora del programa, P\u00eda Shaw, quiso saber si ya le hab\u00eda presentado a Conan. Milei fue esquivo en la respuesta, dijo que todav\u00eda no era el momento, y cambi\u00f3 r\u00e1pido de tema. Es esa una constante del libertario sobre este asunto, una gambeta que a esta altura tiene bien practicada y que le permiti\u00f3 esconder siempre la verdad.<\/p>\n\n\n\n<p class=\"wp-block-paragraph\">Es que cada vez que le preguntan un dato puntual sobre Conan, sobre su edad, sobre si lo puede llevar tal d\u00eda a un estudio de televisi\u00f3n, o sobre si se lo puede presentar, Milei intenta ser lo menos preciso posible e intenta desviar la conversaci\u00f3n hacia otro lado. Si no lo logra, siempre tiene un arsenal de excusas a mano. Laura di Marco, por ejemplo, fue la \u00fanica periodista en entrar a su nueva casa, en un country en Benav\u00eddez. A ella, en una entrevista para La Naci\u00f3n, le dijo que la ausencia del perro era porque se lo hab\u00edan llevado a una guarder\u00eda.<\/p>\n\n\n\n<p class=\"wp-block-paragraph\">Sin embargo, pensar que<strong>&nbsp;Milei miente acerca de la muerte de Conan<\/strong>&nbsp;es ver s\u00f3lo una parte del asunto. La realidad es a\u00fan m\u00e1s compleja. Es que el economista acept\u00f3, despu\u00e9s de un proceso largo y tortuoso que lo tuvo sumido en una profunda depresi\u00f3n, que la mascota hab\u00eda fallecido. Incluso hizo un viaje, muy sentido, a una playa famosa de Buenos Aires en la que tir\u00f3 sus cenizas.<\/p>\n\n\n\n<p class=\"wp-block-paragraph\">Fue en esta \u00e9poca donde el libertario empez\u00f3 a explorar nuevos rincones de su cerebro. Sea por el brujo, por Melamed y la telepat\u00eda con animales, por el tiempo y la importancia cada vez mayor que le dedicaba Karina al tema -que hoy habla con animales vivos y muertos con la misma facilidad que su mentora-, Milei se fue convenciendo de una realidad alternativa. Es la que dice que Conan no muri\u00f3, sino que esa fue su desaparici\u00f3n f\u00edsica, y que&nbsp;<strong>\u201creencarn\u00f3\u201d en uno de los clones.<\/strong><\/p>\n\n\n\n<h2 class=\"wp-block-heading\"><strong>Presencias<\/strong><\/h2>\n\n\n\n<p class=\"wp-block-paragraph\">Todo lo que tiene que ver con Milei y su misticismo sobrenatural es un tema tab\u00fa para su entorno, una trama delicada de la que algunos no quieren hablar por pudor, por miedo o por conveniencia pol\u00edtica. Pero, llamativamente, no es para nada un secreto.<\/p>\n\n\n\n<p class=\"wp-block-paragraph\">Para los que est\u00e1n en su espacio es un asunto no s\u00f3lo del comentario de radiopasillo sino tambi\u00e9n una parte importante de la estrategia a largo plazo. Hay quienes realmente est\u00e1n convencidos de que el equilibro emocional del libertario no puede aguantar mucho m\u00e1s, y traducen eso en una inc\u00f3gnita electoral: \u00bfpuede haber mileisismo sin Milei? La mayor\u00eda de las respuestas son afirmativas. El grueso de los popes de la nueva derecha local, al tanto del fen\u00f3meno que sucede en el mundo entero,&nbsp;<strong>creen que a Argentina lleg\u00f3 para quedarse esta corriente pol\u00edtica<\/strong>&nbsp;y que, con su actual l\u00edder o sin \u00e9l, va a durar al menos una o dos elecciones m\u00e1s. Por eso la gran pregunta es otra. \u00bfQui\u00e9n ser\u00e1 ese pr\u00f3ximo Milei? Algunos la formulan con codicia pol\u00edtica en sus ojos.<\/p>\n\n\n\n<p class=\"wp-block-paragraph\">Para todos los que conoc\u00edan al libertario de antes de la pol\u00edtica y estaban al tanto de sus conversaciones m\u00edsticas, las dudas son mucho m\u00e1s terrenales. Son personas sin ning\u00fan cargo p\u00fablico ni mucho menos, ciudadanos de a pie totalmente desconocidos a los que Milei llamaba amigos hasta hace no tanto. Ellos son, mucho antes que Larreta, Alberto Fern\u00e1ndez o cualquiera de sus pares, los que m\u00e1s tiemblan ante el crecimiento del libertario en las encuestas. \u201cSi gana, me tengo que ir del pa\u00eds.&nbsp;<strong>Me van a venir a buscar, est\u00e1n todos locos<\/strong>\u201d, dicen en este grupo, un miedo genuino y real por lo que saben y lo que vieron.<\/p>\n\n\n\n<p class=\"wp-block-paragraph\">Los que tambi\u00e9n est\u00e1n al tanto de esta realidad son todos los que pisaron la coqueta casa de Benav\u00eddez a la que se mud\u00f3 Milei a fines del 2021, mucho m\u00e1s exclusiva que su departamento en el Abasto. Ah\u00ed tiene cuatro mastines, divididos en dos grupos. A cada uno le toca un ambiente de la casa de dos plantas, habitaciones en las que los deja con el equipo de aire acondicionado fr\u00edo-calor prendido, seg\u00fan la \u00e9poca.<\/p>\n\n\n\n<p class=\"wp-block-paragraph\">El tema es que la matem\u00e1tica no cierra. En esa casa siempre hay cuatro perros y no cinco, como sumar\u00edan entre el Conan clonado y los otros cuatro \u201cnietos\u201d. M\u00e1s de una vez alguien le pregunt\u00f3 al due\u00f1o por esta aritm\u00e9tica extra\u00f1a y se sorprendi\u00f3 con la respuesta. \u201cPero si ac\u00e1 est\u00e1n los cinco, no entiendo de qu\u00e9 hablas\u201d, dice Milei. Es una frase que hace juego con una an\u00e9cdota famosa dentro de La Libertad Avanza. En un acto, de los primeros que hicieron, el economista pidi\u00f3 que le reservasen cinco sillas en la primera fila. Cuando nadie llegaba a ese lugar y el evento estaba por arrancar, el candidato a diputado avis\u00f3 que era para \u201clos chicos\u201d, que \u201cya estaban\u201d acomodados en los asientos vac\u00edos.<\/p>\n\n\n\n<p class=\"wp-block-paragraph\">Es que el diputado cree que los perros lo acompa\u00f1an a donde va. Y no s\u00f3lo eso, sino que cada uno lo ayuda en una tarea particular. El nuevo Conan es quien le da ideas sobre la \u201cestrategia general\u201d, Robert es el que le hace \u201cver el futuro\u201d y aprender \u201cde los errores\u201d, Milton se encarga del \u201can\u00e1lisis pol\u00edtico\u201d y Murray de la econom\u00eda. No son las \u00fanicas presencias que percibe el libertario.<\/p>\n\n\n\n<h2 class=\"wp-block-heading\"><strong>Muertos que hablan<\/strong><\/h2>\n\n\n\n<p class=\"wp-block-paragraph\">Tambi\u00e9n mantiene di\u00e1logos con todos los economistas que inspiraron los nombres de sus perros, y con la fil\u00f3sofa Ayn Rand. Amigos de otra \u00e9poca, colegas profesores y compa\u00f1eros de ruta en la pol\u00edtica tanto en la campa\u00f1a de Espert como en la actual fueron testigos de c\u00f3mo<strong>&nbsp;Milei \u201chabla\u201d con estos muertos<\/strong>. El economista, incluso en el transcurso de una conversaci\u00f3n con una persona, puede quedarse callado o hasta pedir silencio y rematar el inc\u00f3modo momento con un \u201cs\u00ed, habl\u00e9 reci\u00e9n con Rothbard y me dijo que eso est\u00e1 bien\u201d. Rand y Rotbhard fueron quienes lo encomendaron a meterse en la pol\u00edtica, seg\u00fan \u00e9l mismo cont\u00f3, en alg\u00fan momento de ese 2020 tan especial.<\/p>\n\n\n\n<p class=\"wp-block-paragraph\">Pero era Conan, siempre Conan, el que se lo iba a confirmar. \u00c9l se convirti\u00f3 en el \u201ccanal de luz\u201d que, sentado al lado de Dios, le permiti\u00f3 \u201crecibir informaci\u00f3n del Uno\u201d. Ac\u00e1 fue donde el perro \u201cempuj\u00f3 los l\u00edmites de lo posible\u201d y lo aventur\u00f3 \u201ca lo imposible y m\u00e1s all\u00e1 tambi\u00e9n\u201d, como escribi\u00f3 en la introducci\u00f3n de uno de sus art\u00edculos econ\u00f3micos.<\/p>\n\n\n\n<p class=\"wp-block-paragraph\">El detalle de la comunicaci\u00f3n es poco claro, pero lo que es seguro es que de ese ida y vuelta el economista<strong>&nbsp;sac\u00f3 la idea de \u201cla misi\u00f3n<\/strong>\u201d. Eso fue algo que empez\u00f3 a comentarle a sus allegados con cada vez mayor insistencia. Seg\u00fan cre\u00eda, este trabajo divino inclu\u00eda a varios de ellos. \u201cVos sos parte de \u2018la misi\u00f3n\u2019. El Uno me dijo que ten\u00e9s que venir conmigo\u201d, les dec\u00eda a los que quer\u00eda sumar a su aventura pol\u00edtica.<\/p>\n\n\n\n<p class=\"wp-block-paragraph\">Esa \u201cmisi\u00f3n\u201d no era otra cosa que<strong>\u00a0el plan que Dios le hab\u00eda encomendado<\/strong>. Que, como en un texto b\u00edblico, ten\u00eda que luchar contra las fuerzas \u201cdel Maligno\u201d, como el socialismo. Y que para eso ten\u00eda un desaf\u00edo clave. Ten\u00eda que llegar a ser Presidente. Dios y Conan as\u00ed se lo demandaban.<\/p>\n\n\n\n<p class=\"wp-block-paragraph\">Fuente:<a href=\"https:\/\/noticias.perfil.com\/\">Noticias<\/a><\/p>","protected":false},"excerpt":{"rendered":"<p>Javier Milei&nbsp;camina con delicadeza, casi en puntas de pie, como una bailarina dando sus primeros pasos en un escenario dif\u00edcil. Est\u00e1 en su casa en el Abasto, que desde hace un tiempo se convirti\u00f3 en una zona de riesgo hasta para su propio due\u00f1o. Un paso en falso o un descuido lo pueden mandar derecho [&hellip;]<\/p>\n","protected":false},"author":9,"featured_media":0,"comment_status":"open","ping_status":"open","sticky":false,"template":"","format":"standard","meta":{"site-sidebar-layout":"default","site-content-layout":"","ast-site-content-layout":"default","site-content-style":"default","site-sidebar-style":"default","ast-global-header-display":"","ast-banner-title-visibility":"","ast-main-header-display":"","ast-hfb-above-header-display":"","ast-hfb-below-header-display":"","ast-hfb-mobile-header-display":"","site-post-title":"","ast-breadcrumbs-content":"","ast-featured-img":"","footer-sml-layout":"","ast-disable-related-posts":"","theme-transparent-header-meta":"","adv-header-id-meta":"","stick-header-meta":"","header-above-stick-meta":"","header-main-stick-meta":"","header-below-stick-meta":"","astra-migrate-meta-layouts":"default","ast-page-background-enabled":"default","ast-page-background-meta":{"desktop":{"background-color":"","background-image":"","background-repeat":"repeat","background-position":"center center","background-size":"auto","background-attachment":"scroll","background-type":"","background-media":"","overlay-type":"","overlay-color":"","overlay-opacity":"","overlay-gradient":""},"tablet":{"background-color":"","background-image":"","background-repeat":"repeat","background-position":"center center","background-size":"auto","background-attachment":"scroll","background-type":"","background-media":"","overlay-type":"","overlay-color":"","overlay-opacity":"","overlay-gradient":""},"mobile":{"background-color":"","background-image":"","background-repeat":"repeat","background-position":"center center","background-size":"auto","background-attachment":"scroll","background-type":"","background-media":"","overlay-type":"","overlay-color":"","overlay-opacity":"","overlay-gradient":""}},"ast-content-background-meta":{"desktop":{"background-color":"var(--ast-global-color-5)","background-image":"","background-repeat":"repeat","background-position":"center center","background-size":"auto","background-attachment":"scroll","background-type":"","background-media":"","overlay-type":"","overlay-color":"","overlay-opacity":"","overlay-gradient":""},"tablet":{"background-color":"var(--ast-global-color-5)","background-image":"","background-repeat":"repeat","background-position":"center center","background-size":"auto","background-attachment":"scroll","background-type":"","background-media":"","overlay-type":"","overlay-color":"","overlay-opacity":"","overlay-gradient":""},"mobile":{"background-color":"var(--ast-global-color-5)","background-image":"","background-repeat":"repeat","background-position":"center center","background-size":"auto","background-attachment":"scroll","background-type":"","background-media":"","overlay-type":"","overlay-color":"","overlay-opacity":"","overlay-gradient":""}},"footnotes":""},"categories":[2],"tags":[],"class_list":["post-84671","post","type-post","status-publish","format-standard","hentry","category-politica"],"spectra_blocks_featured_image_url":null,"spectra_blocks_author_info":{"display_name":"Jorge Alfredo Baret","avatar_url":"https:\/\/secure.gravatar.com\/avatar\/31696f5ca83439b642450ec7d3f82f98451a5efacb414343d5478c982b337f26?s=96&d=mm&r=g","author_link":"https:\/\/100xd.com.ar\/es\/author\/jorge\/","description":"Ingeniero Qu\u00edmico UTN - Director Apoderado de Comunicaciones Auditadas SA. Editor Responsable 100xd.com.ar."},"_links":{"self":[{"href":"https:\/\/100xd.com.ar\/es\/wp-json\/wp\/v2\/posts\/84671","targetHints":{"allow":["GET"]}}],"collection":[{"href":"https:\/\/100xd.com.ar\/es\/wp-json\/wp\/v2\/posts"}],"about":[{"href":"https:\/\/100xd.com.ar\/es\/wp-json\/wp\/v2\/types\/post"}],"author":[{"embeddable":true,"href":"https:\/\/100xd.com.ar\/es\/wp-json\/wp\/v2\/users\/9"}],"replies":[{"embeddable":true,"href":"https:\/\/100xd.com.ar\/es\/wp-json\/wp\/v2\/comments?post=84671"}],"version-history":[{"count":1,"href":"https:\/\/100xd.com.ar\/es\/wp-json\/wp\/v2\/posts\/84671\/revisions"}],"predecessor-version":[{"id":84673,"href":"https:\/\/100xd.com.ar\/es\/wp-json\/wp\/v2\/posts\/84671\/revisions\/84673"}],"wp:attachment":[{"href":"https:\/\/100xd.com.ar\/es\/wp-json\/wp\/v2\/media?parent=84671"}],"wp:term":[{"taxonomy":"category","embeddable":true,"href":"https:\/\/100xd.com.ar\/es\/wp-json\/wp\/v2\/categories?post=84671"},{"taxonomy":"post_tag","embeddable":true,"href":"https:\/\/100xd.com.ar\/es\/wp-json\/wp\/v2\/tags?post=84671"}],"curies":[{"name":"wp","href":"https:\/\/api.w.org\/{rel}","templated":true}]}}