{"id":84609,"date":"2023-07-06T11:21:38","date_gmt":"2023-07-06T14:21:38","guid":{"rendered":"https:\/\/100xd.com.ar\/?p=84609"},"modified":"2023-07-06T11:21:38","modified_gmt":"2023-07-06T14:21:38","slug":"sergio-massa-y-amado-boudou-el-regreso-de-dos-comicos-de-la-legua","status":"publish","type":"post","link":"https:\/\/100xd.com.ar\/es\/sergio-massa-y-amado-boudou-el-regreso-de-dos-comicos-de-la-legua\/","title":{"rendered":"Sergio Massa y Amado Boudou, el regreso de dos c\u00f3micos de la legua"},"content":{"rendered":"<p class=\"wp-block-paragraph\">En la representaci\u00f3n teatral del Siglo de Oro espa\u00f1ol ocuparon un lugar destacado&nbsp;<strong>los c\u00f3micos de la legua<\/strong>. Se trataba de actores populares, que promov\u00edan carcajadas con sus picard\u00edas.&nbsp;<strong>La caracter\u00edstica sobresaliente de estos farsantes es que mudaban de disfraz, pero tambi\u00e9n de lugar<\/strong>. Eran c\u00f3micos itinerantes. De all\u00ed derivaba su nombre: por una restricci\u00f3n legal s\u00f3lo se los dejaba dormir a una legua de la ciudad en la que montaban sus representaciones. La evocaci\u00f3n de esos comediantes permite entender mejor los movimientos de&nbsp;<mark>dos grandes de la escena pol\u00edtica, que acaban de recomponer su viejo d\u00fao. Sergio Massa y Amado Boudou<\/mark>. Ellos tambi\u00e9n, como aquellos profesionales de las tablas, cambian todo el tiempo de ropaje y de lugar.<\/p>\n\n\n\n<p class=\"wp-block-paragraph\">Massa fue designado por&nbsp;<strong>Cristina Kirchner<\/strong>&nbsp;para representar a Uni\u00f3n por la Patria. Conquist\u00f3 el puesto por varias peculiaridades. Es&nbsp;<strong>muy conocido<\/strong>, para bien o para mal; estuvo&nbsp;<strong>mucho tiempo distanciado<\/strong>&nbsp;de la expresidenta; expresa&nbsp;<strong>posiciones de derecha<\/strong>.&nbsp;<mark>Nadie pensar\u00eda, por lo tanto, que una derrota de \u00e9l es una derrota de quien lo design\u00f3<\/mark>. Estas capacidades decantan en un defecto: de tan diferente,&nbsp;<strong>deja a una franja muy amplia sin representar<\/strong>. Por eso para su tutora fue inevitable levantar la candidatura de<strong>&nbsp;Juan Grabois<\/strong>. Hab\u00eda que contener a \u201clos pibes para la liberaci\u00f3n\u201d.&nbsp;<mark>Hay una lista de unidad, pero dos candidaturas. Literatura fant\u00e1stica.<\/mark><a href=\"https:\/\/www.lanacion.com.ar\/politica\/el-caso-cecilia-strzyzowski-nuevas-pruebas-comprometen-a-marcela-acuna-en-el-encubrimiento-del-nid05072023\/\" target=\"_blank\" rel=\"noreferrer noopener\"><em><\/em>EL CASO CECILIA STRZYZOWSKI: NUEVAS PRUEBAS COMPROMETEN A MARCELA ACU\u00d1A EN EL ENCUBRIMIENTO DEL CRIMEN<\/a><\/p>\n\n\n\n<p class=\"wp-block-paragraph\">No es la \u00fanica extravagancia. Grabois se ofrece como el abanderado del desafiante reformismo kirchnerista. Aunque comparta las listas de legisladores con Massa, lo que significa que en el Congreso los dos prometen iniciativas parecidas. Este ecumenismo, por el cual&nbsp;<strong>se puede elegir a Massa o a Grabois sin que los candidatos kirchneristas pierdan un solo voto<\/strong>, crea otra dificultad. Y es que&nbsp;<strong>la candidatura de Grabois se puede volver m\u00e1s amenazante<\/strong>. Massa no ignora que ese es uno de los principales riesgos a tener en cuenta hasta las primarias del 13 de agosto.&nbsp;<mark>A fin de conjurarlo, convoc\u00f3 a su viejo amigo Boudou<\/mark>, para que recite en los medios de comunicaci\u00f3n alineados con el oficialismo los argumentos revolucionarios que demanda su competencia con Grabois.<\/p>\n\n\n\n<p class=\"wp-block-paragraph\">La relaci\u00f3n de Massa con Boudou se remonta a la prehistoria. Cuando el actual candidato a presidente dirig\u00eda la Anses y detect\u00f3 en esa burocracia al economista marplatense. Por entonces Boudou era famoso por usar trajes a los que le sobraban varios talles. Hab\u00eda hecho dieta y le faltaban recursos para adaptarlos.<\/p>\n\n\n\n<p class=\"wp-block-paragraph\">Compraba la ropa por kilo. Ambos proven\u00edan de la&nbsp;<strong>Uced\u00e9<\/strong>. Boudou ya hab\u00eda hecho sus primeros palotes en pol\u00edtica trabajando como secretario de Hacienda del Partido de la Costa, donde mucho m\u00e1s tarde fijar\u00eda uno de sus numerosos domicilios fantasma: un m\u00e9dano de San Bernardo, mutante como \u00e9l.<\/p>\n\n\n\n<p class=\"wp-block-paragraph\">La confianza que Massa deposit\u00f3 en su subordinado Boudou durante la gesti\u00f3n en el sistema previsional fue profund\u00edsima. A tal punto que&nbsp;<strong>le deleg\u00f3 la firma<\/strong>. En reciprocidad,&nbsp;<strong>Boudou se hizo simpatizante de Tigre,<\/strong>&nbsp;el club que hab\u00eda adoptado Massa una vez que abandon\u00f3 la afici\u00f3n por San Lorenzo. Hinchas tambi\u00e9n itinerantes.<\/p>\n\n\n\n<p class=\"wp-block-paragraph\">El&nbsp;<strong>condenado por apropiarse de Ciccone Calcogr\u00e1fica<\/strong>&nbsp;so\u00f1\u00f3 con varios proyectos de poder. Imagin\u00f3, por ejemplo, convertirse en&nbsp;<strong>intendente de Mar del Plata<\/strong>. Un plan que le inculc\u00f3&nbsp;<strong>Guillermo Seita<\/strong>, el ya legendario \u201cpaseador de perros\u201d descripto por<strong>&nbsp;Luis Juez<\/strong>. Tiempos en que, como ahora<strong>&nbsp;Horacio Rodr\u00edguez Larreta<\/strong>, Boudou comulgaba con&nbsp;<strong>Juan Schiaretti<\/strong>. \u00bfEl t\u00fanel? Siempre el mismo.<\/p>\n\n\n\n<p class=\"wp-block-paragraph\">Cuando Massa gan\u00f3 la intendencia de Tigre, Boudou qued\u00f3 a cargo de la Ans\u00e9s. Entre ambos hubo una inquebrantable continuidad. Sobre todo, en&nbsp;<strong>sospechosas operaciones con bonos que denunci\u00f3 otra celebridad del kirchnerismo: Claudio Lozano<\/strong>. Se entiende que, a los pocos d\u00edas de llegar al Ministerio de Econom\u00eda, Massa se empe\u00f1ara en que Lozano abandonara el cargo de director del Banco Naci\u00f3n en el que lo hab\u00eda designado&nbsp;<strong>Alberto Fern\u00e1ndez<\/strong>.<\/p>\n\n\n\n<p class=\"wp-block-paragraph\"><mark>La relaci\u00f3n entre Massa y Boudou se deterior\u00f3 cuando el disc\u00edpulo intent\u00f3 superar al maestro<\/mark>. Boudou se sac\u00f3 el atuendo ultraliberal y propuso la&nbsp;<strong>estatizaci\u00f3n de las AFJP<\/strong>. De ese modo, conquist\u00f3 el picaporte de la puerta de&nbsp;<strong>N\u00e9stor Kirchner<\/strong>, que nunca toler\u00f3 a Massa, en en aquel momento jefe de Gabinete. Massa no se lo perdon\u00f3. El fastidio fue rec\u00edproco. Cuando Massa rompi\u00f3 con la se\u00f1ora de Kirchner, Boudou se convirti\u00f3 el int\u00e9rprete oficial de sus movimientos. En agosto de 2013, a coro con quien era su m\u00e1s \u00edntimo colaborador desde los tiempos de la Ans\u00e9s,&nbsp;<strong>Juan \u201cJuanchi\u201d Zabaleta<\/strong>, hizo confundir a la Presidenta: \u201c<strong>No nos comamos el amague. Sergio no rompe. S\u00f3lo quiere sacarte ocho diputados<\/strong>\u201d. Fall\u00f3.<\/p>\n\n\n\n<p class=\"wp-block-paragraph\"><mark>Massa comenz\u00f3, como confes\u00f3 en aquellos d\u00edas, a sentir \u201casco por la corrupci\u00f3n\u201d<\/mark>. Recordaba a cada rato que \u201cJuanchi lleg\u00f3 a la Ans\u00e9s con las zapatillas rotas y ahora vive en Puerto Madero\u201d. Uno de sus blancos preferidos era Boudou, quien ya hab\u00eda alcanzado la vicepresidencia. Ard\u00eda la causa Ciccone, por la que el economista fue condenado a cinco a\u00f1os y diez meses de prisi\u00f3n, con inhabilitaci\u00f3n perpetua para ocupar cargos p\u00fablicos. Un caso de proscripci\u00f3n similar al de la vicepresidenta. Para esa \u00e9poca, Boudou fue procesado por falsificaci\u00f3n de documento p\u00fablico por&nbsp;<strong>Claudio Bonadio<\/strong>, uno de los m\u00e1s cercanos amigos de Massa en Comodoro Py.<\/p>\n\n\n\n<p class=\"wp-block-paragraph\">Del v\u00ednculo entre Massa y su actual asesor qued\u00f3 s\u00f3lo un hilo:&nbsp;<strong>la amistad entre Malena Galmarini y Daniela Andriuolo, la exesposa de Boudou<\/strong>, con la que \u00e9l desminti\u00f3 haber estado nunca casado. El juicio de divorcio se hizo c\u00e9lebre cuando el marplatense intent\u00f3 quedarse con un auto Honda Civic de 12 a\u00f1os de antig\u00fcedad, que figuraba como bien ganancial. Boudou pas\u00f3 por la c\u00e1rcel, donde radicaliz\u00f3 sus posiciones. Convertido en un paria pol\u00edtico, fue acogido por las Madres de Plaza de Mayo y por el grupo&nbsp;<strong>Soberanxs<\/strong>, que lideran<strong>&nbsp;Alicia Castro y Gabriel Mariotto<\/strong>.<\/p>\n\n\n\n<p class=\"wp-block-paragraph\">Massa, que es f\u00f3bico al fracaso ajeno, dej\u00f3 de verlo, hasta que regres\u00f3 al kirchnerismo, para las elecciones de 2019. A partir de ese momento&nbsp;<mark>retom\u00f3 el contacto con su viejo colaborador de manera casi clandestina<\/mark>. Los encargados de acercarlos fueron&nbsp;<strong>Ezequiel Melara\u00f1a, Kelo, la sombra de Massa, y Jorge \u201cCorcho\u201d Rodr\u00edguez<\/strong>, el empresario que acrecent\u00f3 su fama acusado de intermediar coimas de obras p\u00fablicas gestionadas por Odebrecht. Alg\u00fan d\u00eda<strong>&nbsp;Jos\u00e9 Luis Lingeri<\/strong>, conocido como el \u201cesp\u00eda-gremialista\u201d, deber\u00e1 hacer p\u00fablica su gratitud al silencio de Rodr\u00edguez.<\/p>\n\n\n\n<p class=\"wp-block-paragraph\">Ahora que volvi\u00f3 a convertirse en aspirante presidencial, Massa resolvi\u00f3 exhumar su amistad con Boudou. Se reunieron en la casa del expresidiario, en Barracas, abrieron los arcones, sacaron las viejas vestimentas y se caracterizaron para esta nueva aventura.&nbsp;<mark>A Boudou le asignaron dos tareas que para Massa son inc\u00f3modas. Una de ellas es denostar a dirigentes de la oposici\u00f3n, como Rodr\u00edguez Larreta o Gerardo Morales<\/mark>, que son amigos del candidato. M\u00e1s todav\u00eda: hasta hace pocos meses Morales cogobernaba Jujuy con el Frente Renovador de Massa.<\/p>\n\n\n\n<p class=\"wp-block-paragraph\">Los guiones todav\u00eda no est\u00e1n bien ensamblados. D\u00edas atr\u00e1s, en el programa Duro de Domar, la periodista Cynthia Garc\u00eda pidi\u00f3 a Boudou la raz\u00f3n por la cual Massa, a diferencia de Grabois, no se pronunci\u00f3 sobre la represi\u00f3n a los manifestantes de Jujuy. Histri\u00f3n consumado, Boudou pas\u00f3 de la dulzura a la ira y respondi\u00f3 con una extorsi\u00f3n: \u201cNo conviene avanzar por ese camino porque podemos decir cosas para todos lados, y eso no va a ser bueno\u201d.<\/p>\n\n\n\n<p class=\"wp-block-paragraph\"><strong>La otra tarea de Boudou es vaticinar una nueva estrategia frente al Fondo Monetario Internacional<\/strong>. Aqu\u00ed los c\u00f3micos de la legua deben apelar a todas sus destrezas. Massa se corre hacia la izquierda, gracias a que&nbsp;<strong>Boudou promete que la nueva pol\u00edtica oficial es liberar a la Patria del yugo del Fondo<\/strong>. Es decir:&nbsp;<strong>a ese organismo se le va a pagar para recuperar de una vez por todas la soberan\u00eda. \u201cComo hizo N\u00e9stor\u201d<\/strong>. La melod\u00eda es tan emocionante que hay que hacer esfuerzos para no caer en la trampa. Lo primero que no hay que olvidar es qu\u00e9 hizo N\u00e9stor:&nbsp;<mark>tom\u00f3 reservas del Banco Central para saldar una deuda barata con el Fondo, de 4% anual de tasa de inter\u00e9s, que lo oblig\u00f3 a contraer una mucho m\u00e1s cara con Hugo Chavez, de 15% anual de tasa de inter\u00e9s. Cuando la usura bolivariana se volvi\u00f3 intolerable apareci\u00f3 la soluci\u00f3n Boudou: capturar la caja de las AFJP<\/mark>. El objetivo de Kirchner era impedir cualquier auditor\u00eda externa a su gesti\u00f3n econ\u00f3mica, lo que permiti\u00f3, entre otras licencias, adulterar las estad\u00edsticas oficiales.<\/p>\n\n\n\n<p class=\"wp-block-paragraph\">El Massa de Boudou se parece mucho a N\u00e9stor, pero en nada al Massa de la realidad. Porque el ministro y candidato no podr\u00eda pagar con un solo cheque la gigantesca deuda con el Fondo. Y, por ahora, tampoco piensa entrar en default. Es decir, ir\u00e1 pagando con los recursos que desembolsa el mismo organismo. Para lo cual&nbsp;<strong>debe cumplir con un programa de ajustes a los que \u00e9l, a pesar de los incumplimientos, se va allanando<\/strong>. Sobre todo, en el campo fiscal:&nbsp;<mark>en mayo el gasto primario cay\u00f3 7,4% en t\u00e9rminos reales, y en lo que va de 2023 lo hizo 6,8%<\/mark>. Es la gran diferencia con la gesti\u00f3n de&nbsp;<strong>Mart\u00edn Guzm\u00e1n<\/strong>. En el primer semestre de 2022 el gasto primario hab\u00eda aumentado 11,3% por encima de la inflaci\u00f3n. Y en el segundo semestre, ya con Massa, se redujo 9,5% en t\u00e9rminos reales. Cuando Massa debi\u00f3 explicar por primera vez ante las autoridades del Fondo, en Washington, en qu\u00e9 se diferenciaba de su antecesor, fue contundente: \u201cEn que&nbsp;<mark>yo no prometo, yo hago un ajuste<\/mark>\u201d. En este tema est\u00e1 cumpliendo.<\/p>\n\n\n\n<p class=\"wp-block-paragraph\">Mientras tanto, intenta&nbsp;<strong>esconder las tijeras detr\u00e1s de una cortina de palabras<\/strong>. Es lo que viene haciendo desde que se incorpor\u00f3 al Palacio de Hacienda: prometi\u00f3 aceptar los repo que le hab\u00edan ofrecido varios bancos internacionales; asegur\u00f3 que llegar\u00eda plata del&nbsp;<strong>fondo soberano de Qatar<\/strong>; anunci\u00f3 que el<strong>&nbsp;swap con China<\/strong>&nbsp;ser\u00eda m\u00e1s voluminoso; se entusiasm\u00f3 con el dinero que le prestar\u00eda&nbsp;<strong>Lula da Silva<\/strong>, quien se limita a dar muestras de cari\u00f1o; confi\u00f3 en que&nbsp;<strong>el banco de los Brics<\/strong>&nbsp;financiar\u00eda importaciones para ahorrarse algunas reservas. Nada de eso se cumpli\u00f3.<\/p>\n\n\n\n<p class=\"wp-block-paragraph\">Massa se adapta gracias a Boudou al papel de insurrecto. Y Boudou se disfraza de moderado. Ahora dej\u00f3 el&nbsp;<em>hoody<\/em>, vuelve a ponerse trajes, esta vez a su medida, y propone pagar al Fondo Monetario. Una pirueta m\u00e1s en su biograf\u00eda. Porque el 1\u00b0 de diciembre de 2021, como integrante de la conducci\u00f3n de Soberanxs, Boudou firm\u00f3 una proclama diciendo no s\u00f3lo que no hab\u00eda que pagar al FMI, sino que hab\u00eda que someter a sus autoridades a la jurisdicci\u00f3n de la Corte Penal Internacional por las consecuencias que tuvo para la sociedad argentina el pr\u00e9stamo otorgado a la administraci\u00f3n de<strong>&nbsp;Mauricio Macri<\/strong>. Ese pronunciamiento fue acompa\u00f1ado de una denuncia contra las autoridades de esa administraci\u00f3n, que tambi\u00e9n suscribi\u00f3 Boudou. Ahora Boudou inventa un folclore nestoriano para, al final de cuentas, pagarle al Fondo.<\/p>\n\n\n\n<p class=\"wp-block-paragraph\"><strong>Massa se sirve de este hojaldre de simulaciones para contener, a trav\u00e9s de su viejo compinche de la Uced\u00e9, a los votantes que puedan irse con Grabois<\/strong>, a quien en su entorno menosprecian como \u201cun Amado sin Ciccone\u201d. Sin embargo, la discordia interna es m\u00e1s compleja.&nbsp;<mark>El problema no es Grabois. El problema es La C\u00e1mpora<\/mark>. En esa organizaci\u00f3n no quedaron contentos despu\u00e9s de que el ministro de Econom\u00eda, en un golpe de palacio,&nbsp;<strong>volte\u00f3 la candidatura de Eduardo \u201cWado\u201d De Pedro. M\u00e1ximo Kirchner&nbsp;<\/strong>se enter\u00f3 de la jugada porque el vicejefe de Gabinete,<strong>&nbsp;Juan Manuel Olmos<\/strong>, se la inform\u00f3 de buena fe, durante una reuni\u00f3n en el Congreso. Tal vez Kirchner esperaba que fuera Massa quien le adelantara su estrategia.<\/p>\n\n\n\n<p class=\"wp-block-paragraph\">Sobre este tel\u00f3n de fondo se entienden mejor los \u00faltimos movimientos. Despu\u00e9s de reparar a otras de sus v\u00edctimas, como&nbsp;<strong>Daniel Scioli y Juli\u00e1n Dom\u00ednguez<\/strong>, Massa realiz\u00f3 ayer una pomposa ceremonia para teatralizar que el maltratado De Pedro se incorporaba a su equipo como jefe de campa\u00f1a. A la misma hora, dos mujeres estelares de La C\u00e1mpora,&nbsp;<strong>Mayra Mendoza,&nbsp;<\/strong>intendenta de Quilmes, y&nbsp;<strong>Daniela Vilar<\/strong>, ministra de Ambiente de la provincia de Buenos Aires,&nbsp;<strong>recibieron a Grabois<\/strong>&nbsp;en ese municipio para inaugurar una obra destinada al reciclado de basura. Grabois agradeci\u00f3, diciendo que era una obra de los&nbsp;<strong>\u201chijos de la generaci\u00f3n diezmada\u201d<\/strong>. Es decir, del grupo del que surgir\u00eda el candidato que hab\u00eda prometido Cristina Kirchner antes de \u201cdejarse imponer\u201d a Massa. Para que se notara con m\u00e1s claridad el sarcasmo, Grabois reconoci\u00f3 que esa obra de Quilmes se deb\u00eda tambi\u00e9n al trabajo de De Pedro. Un detalle: Daniela Vilar es la esposa de&nbsp;<strong>Federico Oterm\u00edn<\/strong>, el candidato a intendente de Lomas de Zamora, a cuyo lanzamiento concurri\u00f3 M\u00e1ximo Kirchner hace dos lunes. Fue por ese lanzamiento que no pudo asistir a la desafortunada presentaci\u00f3n de Massa, en la ceremonia por la repatriaci\u00f3n de un avi\u00f3n de los \u201cvuelos de la muerte\u201d. Sin embargo, Massa s\u00ed pudo ir al acto de Oterm\u00edn. El s\u00e1bado pasado, en el acto de La C\u00e1mpora de Hurlingham, contra Zabaleta, el de las zapatillas, no se mencion\u00f3 a Massa. Es cierto: tampoco a Grabois.&nbsp;<strong>Todav\u00eda no hay una foto de Kirchner y Massa posterior a la defenestraci\u00f3n de De Pedro.<\/strong>&nbsp;La habr\u00e1 dentro de poco, \u00bfqu\u00e9 duda cabe? Manda la unidad.<a href=\"https:\/\/www.lanacion.com.ar\/politica\/nuevos-audios-exponen-como-desde-el-armado-politico-de-javier-milei-piden-dinero-a-los-candidatos-nid05072023\/\" target=\"_blank\" rel=\"noreferrer noopener\"><em><\/em>NUEVOS AUDIOS EXPONEN C\u00d3MO DESDE EL ARMADO POL\u00cdTICO DE JAVIER MILEI PIDEN DINERO A LOS CANDIDATOS<\/a><\/p>\n\n\n\n<p class=\"wp-block-paragraph\">Mientras tanto, en una burbuja de magia y fantas\u00eda, el presidente Fern\u00e1ndez alza los ojos so\u00f1adores y explica a sus ocasionales contertulios que la proyecci\u00f3n de Massa es el resultado de una estrategia ideada por \u00e9l. Y que ahora su misi\u00f3n sagrada es protegerlo de las operaciones a las que lo somete la vicepresidenta. Massa reflexiona ante su c\u00edrculo:&nbsp;<strong>\u201cAlberto me hace operaciones para defenderme de las operaciones de Cristina\u201d.<\/strong><\/p>\n\n\n\n<p class=\"wp-block-paragraph\">Seg\u00fan su doctrina convencional, el kirchnerismo se presenta como una corriente igualitaria, antiimperialista, que pretende remover el orden establecido.\u00a0<mark>Una legi\u00f3n rupturista, que para las elecciones se disimula detr\u00e1s de una pantalla moderada. Esa pantalla se llam\u00f3 Scioli en 2015, Alberto Fern\u00e1ndez en 2019, y ahora se llama Sergio Massa<\/mark>. Tal vez haya que revisar esa presentaci\u00f3n. Fern\u00e1ndez y Massa tramitan un ajuste en acuerdo con el Fondo, que se proyecta, m\u00e1s all\u00e1 de lo simb\u00f3lico, sobre la pol\u00edtica exterior y de Defensa. La principales corporaciones empresarias, conectadas al Estado con un eterno cord\u00f3n umbilical, aplauden la candidatura de Massa. Igual que los funcionarios de los Estados Unidos, que lo ven como un mal menor. El candidato se form\u00f3 en la Uced\u00e9 y mut\u00f3 despu\u00e9s en descendiente del duhaldismo, t\u00edpico producto del conurbano bonaerense. Boudou, otro dirigente itinerante, como los c\u00f3micos de la legua, va y vuelve desde Ciccone hasta la izquierda revolucionaria. Forman parte de un sistema transversal en el que, con diferencia de matices y por s\u00f3lo citar algunos nombres, militan Rodr\u00edguez Larreta, Emilio Monz\u00f3, Rogelio Frigerio, Diego Santilli, Cristian Ritondo y buena parte del partido radical, encabezada por Morales.\u00a0<strong>Cristina Kirchner no es el n\u00facleo. Con un Banco Central sin d\u00f3lares y un Estado a la miseria, es el mascar\u00f3n de proa<\/strong>.<\/p>\n\n\n\n<p class=\"wp-block-paragraph\"><a href=\"https:\/\/www.lanacion.com.ar\/autor\/carlos-pagni-81\/\">Carlos Pagni<\/a><\/p>\n\n\n\n<p class=\"wp-block-paragraph\">Fuente: <a href=\"https:\/\/www.lanacion.com.ar\/\">La Naci\u00f3n<\/a><\/p>","protected":false},"excerpt":{"rendered":"<p>En la representaci\u00f3n teatral del Siglo de Oro espa\u00f1ol ocuparon un lugar destacado&nbsp;los c\u00f3micos de la legua. Se trataba de actores populares, que promov\u00edan carcajadas con sus picard\u00edas.&nbsp;La caracter\u00edstica sobresaliente de estos farsantes es que mudaban de disfraz, pero tambi\u00e9n de lugar. Eran c\u00f3micos itinerantes. De all\u00ed derivaba su nombre: por una restricci\u00f3n legal s\u00f3lo [&hellip;]<\/p>\n","protected":false},"author":9,"featured_media":0,"comment_status":"open","ping_status":"open","sticky":false,"template":"","format":"standard","meta":{"site-sidebar-layout":"default","site-content-layout":"","ast-site-content-layout":"default","site-content-style":"default","site-sidebar-style":"default","ast-global-header-display":"","ast-banner-title-visibility":"","ast-main-header-display":"","ast-hfb-above-header-display":"","ast-hfb-below-header-display":"","ast-hfb-mobile-header-display":"","site-post-title":"","ast-breadcrumbs-content":"","ast-featured-img":"","footer-sml-layout":"","ast-disable-related-posts":"","theme-transparent-header-meta":"","adv-header-id-meta":"","stick-header-meta":"","header-above-stick-meta":"","header-main-stick-meta":"","header-below-stick-meta":"","astra-migrate-meta-layouts":"default","ast-page-background-enabled":"default","ast-page-background-meta":{"desktop":{"background-color":"","background-image":"","background-repeat":"repeat","background-position":"center center","background-size":"auto","background-attachment":"scroll","background-type":"","background-media":"","overlay-type":"","overlay-color":"","overlay-opacity":"","overlay-gradient":""},"tablet":{"background-color":"","background-image":"","background-repeat":"repeat","background-position":"center center","background-size":"auto","background-attachment":"scroll","background-type":"","background-media":"","overlay-type":"","overlay-color":"","overlay-opacity":"","overlay-gradient":""},"mobile":{"background-color":"","background-image":"","background-repeat":"repeat","background-position":"center center","background-size":"auto","background-attachment":"scroll","background-type":"","background-media":"","overlay-type":"","overlay-color":"","overlay-opacity":"","overlay-gradient":""}},"ast-content-background-meta":{"desktop":{"background-color":"var(--ast-global-color-5)","background-image":"","background-repeat":"repeat","background-position":"center center","background-size":"auto","background-attachment":"scroll","background-type":"","background-media":"","overlay-type":"","overlay-color":"","overlay-opacity":"","overlay-gradient":""},"tablet":{"background-color":"var(--ast-global-color-5)","background-image":"","background-repeat":"repeat","background-position":"center center","background-size":"auto","background-attachment":"scroll","background-type":"","background-media":"","overlay-type":"","overlay-color":"","overlay-opacity":"","overlay-gradient":""},"mobile":{"background-color":"var(--ast-global-color-5)","background-image":"","background-repeat":"repeat","background-position":"center center","background-size":"auto","background-attachment":"scroll","background-type":"","background-media":"","overlay-type":"","overlay-color":"","overlay-opacity":"","overlay-gradient":""}},"footnotes":""},"categories":[12],"tags":[],"class_list":["post-84609","post","type-post","status-publish","format-standard","hentry","category-opinion"],"spectra_blocks_featured_image_url":null,"spectra_blocks_author_info":{"display_name":"Jorge Alfredo Baret","avatar_url":"https:\/\/secure.gravatar.com\/avatar\/31696f5ca83439b642450ec7d3f82f98451a5efacb414343d5478c982b337f26?s=96&d=mm&r=g","author_link":"https:\/\/100xd.com.ar\/es\/author\/jorge\/","description":"Ingeniero Qu\u00edmico UTN - Director Apoderado de Comunicaciones Auditadas SA. Editor Responsable 100xd.com.ar."},"_links":{"self":[{"href":"https:\/\/100xd.com.ar\/es\/wp-json\/wp\/v2\/posts\/84609","targetHints":{"allow":["GET"]}}],"collection":[{"href":"https:\/\/100xd.com.ar\/es\/wp-json\/wp\/v2\/posts"}],"about":[{"href":"https:\/\/100xd.com.ar\/es\/wp-json\/wp\/v2\/types\/post"}],"author":[{"embeddable":true,"href":"https:\/\/100xd.com.ar\/es\/wp-json\/wp\/v2\/users\/9"}],"replies":[{"embeddable":true,"href":"https:\/\/100xd.com.ar\/es\/wp-json\/wp\/v2\/comments?post=84609"}],"version-history":[{"count":1,"href":"https:\/\/100xd.com.ar\/es\/wp-json\/wp\/v2\/posts\/84609\/revisions"}],"predecessor-version":[{"id":84611,"href":"https:\/\/100xd.com.ar\/es\/wp-json\/wp\/v2\/posts\/84609\/revisions\/84611"}],"wp:attachment":[{"href":"https:\/\/100xd.com.ar\/es\/wp-json\/wp\/v2\/media?parent=84609"}],"wp:term":[{"taxonomy":"category","embeddable":true,"href":"https:\/\/100xd.com.ar\/es\/wp-json\/wp\/v2\/categories?post=84609"},{"taxonomy":"post_tag","embeddable":true,"href":"https:\/\/100xd.com.ar\/es\/wp-json\/wp\/v2\/tags?post=84609"}],"curies":[{"name":"wp","href":"https:\/\/api.w.org\/{rel}","templated":true}]}}