{"id":84439,"date":"2023-07-03T11:09:03","date_gmt":"2023-07-03T14:09:03","guid":{"rendered":"https:\/\/100xd.com.ar\/?p=84439"},"modified":"2023-07-03T11:09:03","modified_gmt":"2023-07-03T14:09:03","slug":"un-autentico-cambio-de-signo-politico","status":"publish","type":"post","link":"https:\/\/100xd.com.ar\/es\/un-autentico-cambio-de-signo-politico\/","title":{"rendered":"Un aut\u00e9ntico cambio de signo pol\u00edtico"},"content":{"rendered":"<p class=\"wp-block-paragraph\"><mark>Un ciclo de 20 a\u00f1os de hegemon\u00eda acaba de concluir<\/mark>. Esta vez no hay atenuantes posibles para hablar de derrota del oficialismo peronista en una elecci\u00f3n provincial. El triunfo del Frente Unidos por San Juan y de su candidato a gobernador&nbsp;<strong>Marcelo Orrego<\/strong>, que pertenecen a Juntos por el Cambio, es&nbsp;<mark>una victoria no contaminada por la ayuda de desertores del partido gobernante<\/mark>. Como ocurri\u00f3 en Neuqu\u00e9n, primero, y en San Luis, despu\u00e9s.<\/p>\n\n\n\n<p class=\"wp-block-paragraph\">Lo ocurrido este domingo en la provincia cuyana se convierte as\u00ed en&nbsp;<strong>un acontecimiento de fuerte impacto a nivel nacional<\/strong>, m\u00e1s all\u00e1 de la relativa influencia directa que pueda tener sobre la elecci\u00f3n presidencial, por volumen de votos y por diferencias estructurales.<\/p>\n\n\n\n<p class=\"wp-block-paragraph\">A la derrota del oficialismo y el triunfo de la oposici\u00f3n sanjuaninos hay que a\u00f1adir&nbsp;<mark>la confirmaci\u00f3n de la tendencia a la baja en la participaci\u00f3n<\/mark>&nbsp;que ya se registr\u00f3 en otras provincias que adelantaron sus comicios. Esta vez, la ca\u00edda de la asistencia de votantes es de cinco puntos respecto de la anterior elecci\u00f3n para gobernador y de m\u00e1s de siete y medio frente a la de 2015. Otro llamado de atenci\u00f3n.<a href=\"https:\/\/www.lanacion.com.ar\/politica\/san-juan-cerraron-los-comicios-con-los-unac-aun-molestos-con-la-corte-y-una-oposicion-confiada-nid02072023\/\" target=\"_blank\" rel=\"noreferrer noopener\"><em><\/em>JUNTOS POR EL CAMBIO TRIUNF\u00d3 CON CLARIDAD EN SAN JUAN Y ORREGO SER\u00c1 EL PR\u00d3XIMO GOBERNADOR<\/a><\/p>\n\n\n\n<p class=\"wp-block-paragraph\">Una semana despu\u00e9s de haber comenzado la campa\u00f1a nacional, la ca\u00edda de&nbsp;<strong>Rub\u00e9n U\u00f1ac<\/strong>, tanto en la disputa interna como en la general, tiende tanto a darle&nbsp;<mark>un impulso vital a Juntos por el Cambio<\/mark>&nbsp;y, en especial, al espacio que lidera&nbsp;<strong>Horacio Rodr\u00edguez Larreta<\/strong>, en quien se referencia Orrego. M\u00e1s que una buena noticia y un motivo para celebrar despu\u00e9s de un arranque complicado y con fuertes tropiezos.<\/p>\n\n\n\n<figure data-spectra-id=\"spectra-0913338d-4ea7-4a40-9fac-c1958ad9454e\" class=\"wp-block-image\"><img decoding=\"async\" src=\"https:\/\/resizer.glanacion.com\/resizer\/0tFagJ13gQeFp56x1Vjl_mvVjLg=\/310x0\/filters:format(webp):quality(80)\/cloudfront-us-east-1.images.arcpublishing.com\/lanacionar\/2RQY6BFM6ZF2PDSU65P5TKCDII.JPG\" alt=\"Marcelo Orrego festeja junto a Horacio Rodr\u00edguez Larreta en San Juan\" title=\"Un aut\u00e9ntico cambio de signo pol\u00edtico\" \/><figcaption>Marcelo Orrego festeja junto a Horacio Rodr\u00edguez Larreta en San JuanMarcelo Aguilar<\/figcaption><\/figure>\n\n\n\n<p class=\"wp-block-paragraph\">Los resultados sanjuaninos reiteran, adem\u00e1s,&nbsp;<strong>el fracaso en el interior del pa\u00eds de los postulantes que tienen por candidato a Presidente a Javier Milei<\/strong>&nbsp;(que el viernes&nbsp;<a href=\"https:\/\/www.lanacion.com.ar\/politica\/desconocidos-por-javier-milei-los-candidatos-libertarios-sufrieron-un-duro-traspie-en-san-juan-nid02072023\/\">desconoci\u00f3 a los libertarios sanjuaninos<\/a>). La constataci\u00f3n, m\u00e1s all\u00e1 de confirmar que el fen\u00f3meno del economista libertario es, cuanto m\u00e1s,&nbsp;<strong>personal\u00edsimo<\/strong>, refuerza la duda sobre cu\u00e1nto pesa el componente&nbsp;<strong>ideol\u00f3gico&nbsp;<\/strong>en su atractivo. Los sondeos que empiezan a registrar un marcado estancamiento y aquellos que hablan de un retroceso de su candidatura encuentran en estos hitos provinciales motivos para reforzar la verosimilitud de esos datos y su potencial efecto en la opini\u00f3n p\u00fablica. Elementos relevantes en momentos en que la ciudadan\u00eda empieza a ponerse, de verdad, en modo elecciones.<\/p>\n\n\n\n<p class=\"wp-block-paragraph\">La presencia de Rodr\u00edguez Larreta y los suyos en la capital sanjuanina, que desde temprano confiaron en el triunfo y viajaron a San Juan, as\u00ed como los prematuros festejos de todo JxC, son muestras evidentes de lo que significa el triunfo de Orrego.<\/p>\n\n\n\n<p class=\"wp-block-paragraph\">La oposici\u00f3n cambiemita busc\u00f3 maximizar r\u00e1pido el r\u00e9dito de nacionalizar la elecci\u00f3n. Comicios que ya hab\u00edan adquirido relevancia fuera de las fronteras provinciales con&nbsp;<strong>el fallo de la Corte Suprema que inhabilit\u00f3 a Sergio U\u00f1ac<\/strong>, gobernador saliente y hermano del fallido postulante oficialista, tras su intento por ir a buscar la re-reelecci\u00f3n forzando la interpretaci\u00f3n de la Constituci\u00f3n local.&nbsp;<strong>En beneficio del mandatario se destaca el r\u00e1pido reconocimiento de la derrota sin chicanas ni excusas.<\/strong><\/p>\n\n\n\n<figure data-spectra-id=\"spectra-425ad568-c641-4a50-9714-c264d2beabd3\" class=\"wp-block-image\"><img decoding=\"async\" src=\"https:\/\/resizer.glanacion.com\/resizer\/nQIZlcMiReNX6DhoXi8ZWyt2Z1o=\/310x0\/filters:format(webp):quality(80)\/cloudfront-us-east-1.images.arcpublishing.com\/lanacionar\/BLZ5RZAWKNDWXGDSIB52AA3X6A.jpg\" alt=\"Sergio y Rub\u00e9n U\u00f1ac\" title=\"Un aut\u00e9ntico cambio de signo pol\u00edtico\" \/><figcaption>Sergio y Rub\u00e9n U\u00f1acTwitter<\/figcaption><\/figure>\n\n\n\n<p class=\"wp-block-paragraph\">A esas conclusiones incontrastables se suman otras tres derivaciones que exceden el marco sanjuanino. En primer lugar, se vuelve a demostrar que&nbsp;<mark>la transferencia de votos no es autom\u00e1tica, aunque el candidato lleve el apellido de quien se supon\u00eda que ten\u00eda el favor popular<\/mark>. Ni siquiera funcion\u00f3 para enmendar lo que U\u00f1ac (Sergio) consider\u00f3 una injusticia adoptada por la Corte, en complicidad con la oposici\u00f3n.<\/p>\n\n\n\n<p class=\"wp-block-paragraph\">Sus comprovincianos parecen haberse inclinado m\u00e1s por penar un intento de perpetuaci\u00f3n por otros medios antes que buscar la reparaci\u00f3n de una \u201cproscripci\u00f3n\u201d. El hermano Rub\u00e9n qued\u00f3 a 35 puntos de Orrego, y en la interna peronista su sublema fue doblado en votos por el que llevaba al viejo mandam\u00e1s sanjuanino&nbsp;<strong>Jos\u00e9 Luis Gioja<\/strong>, quien tampoco pudo tener descendencia pol\u00edtica, aunque lo intent\u00f3. Todo tiene un final.<\/p>\n\n\n\n<p class=\"wp-block-paragraph\">Tambi\u00e9n, se confirm\u00f3 que&nbsp;<mark>los cambios de reglas electorales, como fue la aplicaci\u00f3n de la ley de lemas, para mejorar las chances del partido gobernante tampoco aseguran una elecci\u00f3n cuando los candidatos tienen falencias que ni el apellido puede compensar.<\/mark><\/p>\n\n\n\n<figure data-spectra-id=\"spectra-76850d65-d4ca-4802-ac4c-f77d4db1bdc4\" class=\"wp-block-image\"><img decoding=\"async\" src=\"https:\/\/resizer.glanacion.com\/resizer\/qtSY9lV8azrGughXMSx5CmK1XWc=\/310x0\/filters:format(webp):quality(80)\/cloudfront-us-east-1.images.arcpublishing.com\/lanacionar\/H5XMA72RTVD5XGNNOSD4MLYR3Q.jpeg\" alt=\"Elecciones en San Juan. Votacion de Jos\u00e9 Luis Gioja\" title=\"Un aut\u00e9ntico cambio de signo pol\u00edtico\" \/><figcaption>Elecciones en San Juan. Votacion de Jos\u00e9 Luis GiojaMarcelo Aguilar &#8211; LA NACION<\/figcaption><\/figure>\n\n\n\n<p class=\"wp-block-paragraph\"><strong>Para los sanjuaninos, el \u00fanico m\u00e9rito pol\u00edtico de Rub\u00e9n U\u00f1ac era ser hermano del gobernador<\/strong>, que lo hab\u00eda llevado a convertirse en senador nacional, al que casi no se le conoci\u00f3 la voz en la C\u00e1mara alta y que cuando habl\u00f3 en la campa\u00f1a su lengua empastada tropez\u00f3 demasiadas veces. Algunos casos particulares hacen que las definiciones sem\u00e1nticas resulten insuficientes. Es el caso de&nbsp;<mark>nepotismo&nbsp;<\/mark>en esta elecci\u00f3n provincial.<\/p>\n\n\n\n<p class=\"wp-block-paragraph\">Finalmente,&nbsp;<strong>el impacto de estos comicios fuera de San Juan le dar\u00e1 m\u00e1s tensi\u00f3n a la campa\u00f1a nacional<\/strong>. Como es de prever, el kirchnerismo duro volver\u00e1 a enarbolar la bandera de la proscripci\u00f3n como paraguas justificatorio, para victimizarse.<\/p>\n\n\n\n<p class=\"wp-block-paragraph\">Dos d\u00edas despu\u00e9s de haber sido entronizado como candidato&nbsp;<strong>Sergio Massa<\/strong>,&nbsp;<mark>Cristina Kirchner le baj\u00f3 el precio al decir que la dirigente con m\u00e1s adhesiones es ella<\/mark>, pero que no es candidata porque est\u00e1 proscripta, aunque eso no tenga asidero alguno. El relato sirve para tratar de retener un poder que se le escurre al kirchnerismo, pero tambi\u00e9n implica una&nbsp;<em>capitis diminutio<\/em>&nbsp;para el ministro que aspira a la Presidencia. Un comienzo complicado que la elecci\u00f3n sanjuanina tiende a potenciar.<\/p>\n\n\n\n<h2 class=\"wp-block-heading\">La campa\u00f1a es todo<\/h2>\n\n\n\n<p class=\"wp-block-paragraph\">En tal contexto, se puede afirmar que&nbsp;<mark>la campa\u00f1a electoral para los comicios presidenciales tendr\u00e1 este a\u00f1o un rol absolutamente decisivo. Sin precedente<\/mark>. Con la obvia excepci\u00f3n de las primeras elecciones postdictadura, en 1983. Conviene prepararse y evitar prejuicios para no equivocarse en las previsiones.<\/p>\n\n\n\n<p class=\"wp-block-paragraph\">La&nbsp;<strong>marcada paridad&nbsp;<\/strong>entre los candidatos con la que arranca el proceso despu\u00e9s de la definici\u00f3n de las f\u00f3rmulas, la existencia de<strong>&nbsp;la primera PASO competitiva dentro de una coalici\u00f3n,&nbsp;<\/strong>el&nbsp;<strong>rechazo o el desinter\u00e9s<\/strong>&nbsp;que expresa casi un cuarto del electorado (lo que se sigue registrando en los comicios provinciales) y la&nbsp;<strong>incertidumbre econ\u00f3mica&nbsp;<\/strong>sobre la que se desenvolver\u00e1 permiten prever que los 40 d\u00edas por venir ser\u00e1n de alta tensi\u00f3n p\u00fablica.&nbsp;<mark>Obligar\u00e1n a los postulantes a desenvolverse con una precisi\u00f3n extrema en la construcci\u00f3n de su oferta y en la presentaci\u00f3n de su mensaje, para potenciar atributos o aciertos y evitar o disimular errores.<\/mark>&nbsp;Nada est\u00e1 dado.<\/p>\n\n\n\n<p class=\"wp-block-paragraph\">Durante el segundo y exitoso intento para llevar a la jefatura del gobierno de Espa\u00f1a a<strong>&nbsp;Felipe Gonz\u00e1lez<\/strong>, en las elecciones de 1982, su legendario jefe de campa\u00f1a,&nbsp;<strong>Julio Feo<\/strong>, dec\u00eda, sin temor a la obviedad, que el trabajo en el que deb\u00eda centrarse el equipo del candidato que va ganando, como era el caso del l\u00edder socialista, es en no perder las elecciones. Todo puede depender de un acontecimiento. De un instante.<\/p>\n\n\n\n<figure data-spectra-id=\"spectra-4f3703f8-34cb-4c30-8267-33aa2662e1d4\" class=\"wp-block-image\"><img decoding=\"async\" src=\"https:\/\/resizer.glanacion.com\/resizer\/Lfr1WmBq3lUSueNOGHALOkDDnKg=\/310x0\/filters:format(webp):quality(80)\/cloudfront-us-east-1.images.arcpublishing.com\/lanacionar\/XJ4MVXFZHBBLVOXGKCWFH6LDMY\" alt=\"Felipe Gonz\u00e1lez\" title=\"Un aut\u00e9ntico cambio de signo pol\u00edtico\" \/><figcaption>Felipe Gonz\u00e1lez<\/figcaption><\/figure>\n\n\n\n<p class=\"wp-block-paragraph\">Ahora,&nbsp;<mark>si retrocedemos un a\u00f1o, podemos decir que JxC hizo todo lo contrario en ese per\u00edodo de lo que aconsejaba aquel axioma elemental. No fue Feo. Fue horrible<\/mark>.<\/p>\n\n\n\n<p class=\"wp-block-paragraph\">JxC se mantiene, de todas maneras, como<strong>&nbsp;el espacio m\u00e1s competitivo y encabezaba todas las encuestas<\/strong>&nbsp;m\u00e1s fiables hasta antes del cierre de listas, aunque sus postulantes y dirigentes dilapidaron en los \u00faltimos doce meses la enorme ventaja que llevaban y la coalici\u00f3n sufri\u00f3 un da\u00f1o severo. La primera semana de campa\u00f1a no fue la mejor prueba de ensayo. Dej\u00f3 m\u00e1s lesiones que \u00e9xitos. Anoche, San Juan le dio otra oportunidad para enmendarse. Un acontecimiento. Un instante.<\/p>\n\n\n\n<p class=\"wp-block-paragraph\">Lo cierto es que en esta primera semana Larreta se malquist\u00f3, a\u00fan m\u00e1s, con buena parte de los votantes m\u00e1s fieles (o fan\u00e1ticos) de JxC que no admiten que el gobierno de&nbsp;<strong>Mauricio Macri&nbsp;<\/strong>haya fracasado, aunque, al menos, en lo econ\u00f3mico no haya dudas. Se gan\u00f3 as\u00ed la cr\u00edtica furibunda de sus rivales internos, que no pierden oportunidad de golpearlo sin reparar en da\u00f1os colaterales.<\/p>\n\n\n\n<p class=\"wp-block-paragraph\"><strong>Luego, fue Bullrich la que qued\u00f3 en offside<\/strong>&nbsp;con el manejo superficial (y equivocado) de cifras y datos concretos, esta vez referidos a la educaci\u00f3n universitaria, utilizados para denostar al oficialismo. Ya le hab\u00eda pasado con la econom\u00eda.<\/p>\n\n\n\n<figure data-spectra-id=\"spectra-29dac56c-0010-4eab-a919-309de4880126\" class=\"wp-block-image\"><img decoding=\"async\" src=\"https:\/\/resizer.glanacion.com\/resizer\/19wPLoImFsls3Z3ybEI3wQBeQF0=\/310x0\/filters:format(webp):quality(80)\/cloudfront-us-east-1.images.arcpublishing.com\/lanacionar\/WGB2LZYIHNGE7IDNRCX7IVDOPQ.jpg\" alt=\"Sergio Massa, candidato flamante, habla ante la mirada de Cristina Kirchner el lunes, en Aeroparque\" title=\"Un aut\u00e9ntico cambio de signo pol\u00edtico\" \/><figcaption>Sergio Massa, candidato flamante, habla ante la mirada de Cristina Kirchner el lunes, en Aeroparqueministerio de econom\u00eda<\/figcaption><\/figure>\n\n\n\n<p class=\"wp-block-paragraph\">Solo eso explica que hoy&nbsp;<strong>Sergio Massa arranque la campa\u00f1a con la perspectiva cierta de ser en las PASO el candidato individual m\u00e1s votado y de asomar con chances de llegar al ballottage<\/strong>. Todo eso sin haber empezado casi a hacer campa\u00f1a y arrastrando la mochila de casi haber duplicado como ministro de Econom\u00eda la inflaci\u00f3n que le dej\u00f3 su predecesor. En los 10 meses que lleva de gesti\u00f3n, el \u00edndice general de precios lleg\u00f3 al 114% interanual despu\u00e9s de recibirlo en el 67%, al que hab\u00eda llegado en el per\u00edodo julio de 2021-junio de 2022.<\/p>\n\n\n\n<p class=\"wp-block-paragraph\">La iluminadora biograf\u00eda novelada de Felipe Gonz\u00e1lez (<em>Un tal Gonz\u00e1lez<\/em>) escrita por Sergio del Molino, en la que se narra aquella campa\u00f1a que llev\u00f3 al PSOE a la presidencia y dio paso a 14 a\u00f1os de gobiernos socialistas ininterrumpidos, deber\u00eda ser libro de cabecera de todos los precandidatos y sus jefes de campa\u00f1a. Aun cuando tantas cosas hayan cambiado en 41 a\u00f1os.<\/p>\n\n\n\n<p class=\"wp-block-paragraph\">Felipe Gonz\u00e1lez supo, entonces, sostener la ventaja que llevaba en los sondeos y ampliarla, pero no haciendo la plancha, sino encontrando ejes muy claros que supieron interpretar la demanda de la sociedad espa\u00f1ola de entonces. El&nbsp;<em>momentum&nbsp;<\/em>(ese impulso vital), recuerda Del Molino, se produjo durante una entrevista televisiva cuando le preguntaron al candidato del PSOE qu\u00e9 significaba el \u201ccambio\u201d que \u00e9l propon\u00eda.<\/p>\n\n\n\n<p class=\"wp-block-paragraph\">\u201c<strong>Que Espa\u00f1a funcione<\/strong>\u201d, fue la sencilla y decisiva definici\u00f3n de Gonz\u00e1lez sobre la transformaci\u00f3n que impulsaba. Pero no se qued\u00f3 ah\u00ed. Lo remat\u00f3 con extrema precisi\u00f3n, recordando una an\u00e9cdota de su amigo, el premier sueco Olof Palme.<\/p>\n\n\n\n<p class=\"wp-block-paragraph\">\u201cUnos portugueses le dijeron que deseaban que en Portugal dejase de haber ricos. Y Palme les dijo \u2018yo quiero que en Suecia deje de haber pobres\u2019.&nbsp;<strong>Yo les digo que quiero que en Espa\u00f1a deje de haber miseria. No estoy contra nadie. Quiero que deje de haber marginaci\u00f3n<\/strong>\u201d, concluy\u00f3 el entonces candidato, gan\u00e1ndose ah\u00ed las bancas que le pod\u00edan faltar para llegar al Gobierno. Nadie puede negar que Gonz\u00e1lez consigui\u00f3 lo que se propuso, como que su prop\u00f3sito tiene tanta actualidad para la Argentina de 2023 como la ten\u00eda para la Espa\u00f1a de 1982.<mark>&nbsp;Que la Argentina funcione es hoy un objetivo tan modesto como revolucionario.<\/mark><\/p>\n\n\n\n<figure data-spectra-id=\"spectra-7bee6cae-2450-48eb-9610-ec952a5a4d8e\" class=\"wp-block-image\"><img decoding=\"async\" src=\"https:\/\/resizer.glanacion.com\/resizer\/QxpUQ1c33HxXK0DPq3PcsvTbFQo=\/310x0\/filters:format(webp):quality(80)\/cloudfront-us-east-1.images.arcpublishing.com\/lanacionar\/ETSSVGE7UNDFLBOOOSM6UCST44.jpg\" alt=\"Wado de Pedro y Juan Manzur\" title=\"Un aut\u00e9ntico cambio de signo pol\u00edtico\" \/><figcaption>Wado de Pedro y Juan Manzur<\/figcaption><\/figure>\n\n\n\n<p class=\"wp-block-paragraph\">Curioso resulta ahora que quien hab\u00eda empezado a ensayar la idea de \u201cun pa\u00eds que funcione\u201d fue&nbsp;<strong>Wado de Pedro&nbsp;<\/strong>mientras se ilusionaba con ser candidato, antes de que Massa y los gobernadores peronistas abortaran en menos de 24 horas su lanzamiento. Lo que no funcion\u00f3 fue su candidatura. El \u201cclaim\u201d qued\u00f3 disponible. Ahora, Massa con su hiperquinesis de gesti\u00f3n y su \u201ccampa\u00f1a de proximidad\u201d intenta hacerla propia. Antes debe demostrar que funciona el gobierno del que hoy es la m\u00e1xima figura y quien tiene el mayor poder.<\/p>\n\n\n\n<p class=\"wp-block-paragraph\">En ese terreno es donde jugar\u00e1n su suerte en estos 40 d\u00edas, en primer lugar, Horacio Rodr\u00edguez Larreta y Patricia Bullrich. Uno de los dos quedar\u00e1 fuera de juego el 13 de agosto.<a href=\"https:\/\/www.lanacion.com.ar\/politica\/un-giro-en-la-guerra-bullrich-larreta-y-el-montaje-de-otro-veranito-electoral-nid01072023\/\" target=\"_blank\" rel=\"noreferrer noopener\"><em><\/em>UN GIRO EN LA GUERRA BULLRICH-LARRETA Y EL MONTAJE DE OTRO \u201cVERANITO ELECTORAL\u201d<\/a><\/p>\n\n\n\n<p class=\"wp-block-paragraph\">El jefe de gobierno porte\u00f1o deber\u00e1 demostrar que su tiempismo era acertado y que, como \u00e9l dice, con la campa\u00f1a que arm\u00f3 su equipo volver\u00e1 a erigirse en el principal aspirante opositor. Todo un desaf\u00edo.&nbsp;<strong>Son muchos los que lo han criticado por dejar pasar oportunidades desde 2021<\/strong>, cuando emergi\u00f3 con posibilidades de calzarse el traje de l\u00edder, despu\u00e9s de que&nbsp;<strong>Diego Santilli&nbsp;<\/strong>derrotara al peronismo en el basti\u00f3n bonaerense.<\/p>\n\n\n\n<p class=\"wp-block-paragraph\">Ahora, arranca la campa\u00f1a de atr\u00e1s. Todo el contexto se modific\u00f3 demasiado en un a\u00f1o.&nbsp;<mark>Adem\u00e1s de Bullrich, hay otro aspirante, como Massa, que ocupa una frecuencia bastante similar a la que \u00e9l ten\u00eda asignada, la del centro del dial<\/mark>.<\/p>\n\n\n\n<p class=\"wp-block-paragraph\">Ahora deber\u00e1 encontrar su \u201cmomentum\u201d para atrapar a un electorado agn\u00f3stico u hostil. Lo mismo tendr\u00e1 que hacer Bullrich. Tal vez, su dura nitidez ya sea insuficiente.<\/p>\n\n\n\n<p class=\"wp-block-paragraph\">La derrota del peronismo en San Juan es una nueva oportunidad para relanzarse.<\/p>\n\n\n\n<p class=\"wp-block-paragraph\"><a href=\"https:\/\/www.lanacion.com.ar\/autor\/claudio-jacquelin-100\/\">Claudio Jacquelin<\/a><\/p>\n\n\n\n<p class=\"wp-block-paragraph\">Fuente:<a href=\"https:\/\/www.lanacion.com.ar\/\"> La Naci\u00f3n<\/a><\/p>","protected":false},"excerpt":{"rendered":"<p>Un ciclo de 20 a\u00f1os de hegemon\u00eda acaba de concluir. Esta vez no hay atenuantes posibles para hablar de derrota del oficialismo peronista en una elecci\u00f3n provincial. El triunfo del Frente Unidos por San Juan y de su candidato a gobernador&nbsp;Marcelo Orrego, que pertenecen a Juntos por el Cambio, es&nbsp;una victoria no contaminada por la [&hellip;]<\/p>\n","protected":false},"author":9,"featured_media":0,"comment_status":"open","ping_status":"open","sticky":false,"template":"","format":"standard","meta":{"site-sidebar-layout":"default","site-content-layout":"","ast-site-content-layout":"default","site-content-style":"default","site-sidebar-style":"default","ast-global-header-display":"","ast-banner-title-visibility":"","ast-main-header-display":"","ast-hfb-above-header-display":"","ast-hfb-below-header-display":"","ast-hfb-mobile-header-display":"","site-post-title":"","ast-breadcrumbs-content":"","ast-featured-img":"","footer-sml-layout":"","ast-disable-related-posts":"","theme-transparent-header-meta":"","adv-header-id-meta":"","stick-header-meta":"","header-above-stick-meta":"","header-main-stick-meta":"","header-below-stick-meta":"","astra-migrate-meta-layouts":"default","ast-page-background-enabled":"default","ast-page-background-meta":{"desktop":{"background-color":"","background-image":"","background-repeat":"repeat","background-position":"center center","background-size":"auto","background-attachment":"scroll","background-type":"","background-media":"","overlay-type":"","overlay-color":"","overlay-opacity":"","overlay-gradient":""},"tablet":{"background-color":"","background-image":"","background-repeat":"repeat","background-position":"center center","background-size":"auto","background-attachment":"scroll","background-type":"","background-media":"","overlay-type":"","overlay-color":"","overlay-opacity":"","overlay-gradient":""},"mobile":{"background-color":"","background-image":"","background-repeat":"repeat","background-position":"center center","background-size":"auto","background-attachment":"scroll","background-type":"","background-media":"","overlay-type":"","overlay-color":"","overlay-opacity":"","overlay-gradient":""}},"ast-content-background-meta":{"desktop":{"background-color":"var(--ast-global-color-5)","background-image":"","background-repeat":"repeat","background-position":"center center","background-size":"auto","background-attachment":"scroll","background-type":"","background-media":"","overlay-type":"","overlay-color":"","overlay-opacity":"","overlay-gradient":""},"tablet":{"background-color":"var(--ast-global-color-5)","background-image":"","background-repeat":"repeat","background-position":"center center","background-size":"auto","background-attachment":"scroll","background-type":"","background-media":"","overlay-type":"","overlay-color":"","overlay-opacity":"","overlay-gradient":""},"mobile":{"background-color":"var(--ast-global-color-5)","background-image":"","background-repeat":"repeat","background-position":"center center","background-size":"auto","background-attachment":"scroll","background-type":"","background-media":"","overlay-type":"","overlay-color":"","overlay-opacity":"","overlay-gradient":""}},"footnotes":""},"categories":[12],"tags":[],"class_list":["post-84439","post","type-post","status-publish","format-standard","hentry","category-opinion"],"spectra_blocks_featured_image_url":null,"spectra_blocks_author_info":{"display_name":"Jorge Alfredo Baret","avatar_url":"https:\/\/secure.gravatar.com\/avatar\/31696f5ca83439b642450ec7d3f82f98451a5efacb414343d5478c982b337f26?s=96&d=mm&r=g","author_link":"https:\/\/100xd.com.ar\/es\/author\/jorge\/","description":"Ingeniero Qu\u00edmico UTN - Director Apoderado de Comunicaciones Auditadas SA. Editor Responsable 100xd.com.ar."},"_links":{"self":[{"href":"https:\/\/100xd.com.ar\/es\/wp-json\/wp\/v2\/posts\/84439","targetHints":{"allow":["GET"]}}],"collection":[{"href":"https:\/\/100xd.com.ar\/es\/wp-json\/wp\/v2\/posts"}],"about":[{"href":"https:\/\/100xd.com.ar\/es\/wp-json\/wp\/v2\/types\/post"}],"author":[{"embeddable":true,"href":"https:\/\/100xd.com.ar\/es\/wp-json\/wp\/v2\/users\/9"}],"replies":[{"embeddable":true,"href":"https:\/\/100xd.com.ar\/es\/wp-json\/wp\/v2\/comments?post=84439"}],"version-history":[{"count":1,"href":"https:\/\/100xd.com.ar\/es\/wp-json\/wp\/v2\/posts\/84439\/revisions"}],"predecessor-version":[{"id":84441,"href":"https:\/\/100xd.com.ar\/es\/wp-json\/wp\/v2\/posts\/84439\/revisions\/84441"}],"wp:attachment":[{"href":"https:\/\/100xd.com.ar\/es\/wp-json\/wp\/v2\/media?parent=84439"}],"wp:term":[{"taxonomy":"category","embeddable":true,"href":"https:\/\/100xd.com.ar\/es\/wp-json\/wp\/v2\/categories?post=84439"},{"taxonomy":"post_tag","embeddable":true,"href":"https:\/\/100xd.com.ar\/es\/wp-json\/wp\/v2\/tags?post=84439"}],"curies":[{"name":"wp","href":"https:\/\/api.w.org\/{rel}","templated":true}]}}