{"id":84112,"date":"2023-06-26T12:44:42","date_gmt":"2023-06-26T15:44:42","guid":{"rendered":"https:\/\/100xd.com.ar\/?p=84112"},"modified":"2023-06-26T12:44:42","modified_gmt":"2023-06-26T15:44:42","slug":"delito-condena-y-sufragio","status":"publish","type":"post","link":"https:\/\/100xd.com.ar\/es\/delito-condena-y-sufragio\/","title":{"rendered":"Delito, condena y sufragio"},"content":{"rendered":"<p class=\"wp-block-paragraph\">El dictamen del procurador general de la Naci\u00f3n,&nbsp;<strong>Eduardo Casal,<\/strong>&nbsp;en el que ratifica la constitucionalidad de la prohibici\u00f3n de votar para las personas que se encuentren presas con condenas firmes de tres a\u00f1os o m\u00e1s resulta acertadamente fundamentado y ser\u00e1 la<strong>&nbsp;Corte Suprema de Justicia,<\/strong>&nbsp;en definitiva, la que deber\u00e1 pronunciarse sobre este asunto.<\/p>\n\n\n\n<p class=\"wp-block-paragraph\">La intervenci\u00f3n de Casal tiene su origen en la presentaci\u00f3n judicial realizada por un preso que purga una&nbsp;<mark>condena a seis a\u00f1os de c\u00e1rcel por haber sido considerado autor penalmente responsable del delito de tenencia ileg\u00edtima de estupefacientes con fines de comercializaci\u00f3n<\/mark>, agravado por haber intervenido m\u00e1s de tres personas para cometerlo. Su abogado present\u00f3 la demanda para que se habilite a su representado a votar en los comicios de este a\u00f1o y, paralelamente, que se declare la inconstitucionalidad de art\u00edculos de los c\u00f3digos penal y electoral nacional que determinan aquella prohibici\u00f3n. El Tribunal Oral en lo Criminal Federal de Mar del Plata, a cargo de la ejecuci\u00f3n de la pena, rechaz\u00f3 la denuncia, pero la sala III de la C\u00e1mara Federal de Casaci\u00f3n Penal resolvi\u00f3 por mayor\u00eda que resultan inconstitucionales las normas que impiden el derecho al voto.<\/p>\n\n\n\n<p class=\"wp-block-paragraph\">En rigor, la inhabilitaci\u00f3n para votar no es una pena aut\u00f3noma de la principal, por la cual se dispuso el monto de la condena y finaliza cuando esta concluye.&nbsp;<mark>Se trata de una accesoria del delito cometido, que los legisladores sancionaron en funci\u00f3n de los par\u00e1metros que los jueces toman en cuenta a la hora de determinar la pena.<\/mark>&nbsp;Eso implica que tampoco sea una inhabilitaci\u00f3n id\u00e9ntica en el tiempo para todos los condenados, sino que depender\u00e1 de la gravedad de cada delito.<\/p>\n\n\n\n<p class=\"wp-block-paragraph\">Desde algunas usinas pol\u00edticas defensoras de los derechos humanos se ha intentado establecer un parang\u00f3n entre este caso y lo decidido por la Corte Suprema de Justicia, en 2002, cuando se pronunci\u00f3 en favor de los derechos de los detenidos a no quedar fuera de la n\u00f3mina de electores habilitados para sufragar que integran el padr\u00f3n electoral. Como se ve, no es un hecho para nada asimilable. Aquel pedido hab\u00eda sido realizado mediante la presentaci\u00f3n de un amparo presentado por el Centro de Estudios Legales y Sociales (<strong>CELS<\/strong>) y los detenidos en esas condiciones pudieron sufragar en los comicios de 2007, tras haber reglamentado el Poder Ejecutivo la modificaci\u00f3n legislativa al C\u00f3digo Electoral. El presidente para esa fecha era<strong>&nbsp;N\u00e9stor Kirchner<\/strong>. Antes de 2007 las personas detenidas no votaban.<\/p>\n\n\n\n<p class=\"wp-block-paragraph\">Respecto del cuestionamientos que plantea este nuevo caso, Casal sostiene en su dictamen que, \u201cen efecto, la inhabilitaci\u00f3n electoral priva a quien la sufre del ejercicio del derecho del voto, que es trascendental para la vida democr\u00e1tica\u201d, pero aclara tambi\u00e9n que&nbsp;<mark>el derecho a la libertad, que tiene la misma o incluso mayor trascendencia, admite penas accesorias como, por ejemplo, establecer multas, inhibiciones, decomisos, privaci\u00f3n de la patria potestad o de la administraci\u00f3n de bienes,<\/mark>&nbsp;previstas en el C\u00f3digo Penal. Es decir, no es un hecho novedoso que ello ocurra ni sucede fuera de ning\u00fan marco legal.<\/p>\n\n\n\n<p class=\"wp-block-paragraph\">Por otro lado, recuerda el procurador general, que, cuando se refiere a derechos pol\u00edticos, la propia&nbsp;<strong>Convenci\u00f3n Americana sobre Derechos Humanos<\/strong>, luego de declarar la vigencia del derecho a votar y a ser elegido, aclara expresamente que la ley puede restringir su ejercicio, entre otras razones, precisamente \u201cpor condena, por juez competente, en proceso penal\u201d.<\/p>\n\n\n\n<p class=\"wp-block-paragraph\">Cabe recordar que otros factores admisibles a la hora de establecer restricciones al derecho al voto son<mark>&nbsp;la edad, la capacidad civil o mental, la residencia o el idioma<\/mark>. Ello muestra que la misma Convenci\u00f3n no previ\u00f3 a ese derecho como un absoluto<\/p>\n\n\n\n<p class=\"wp-block-paragraph\">Por lo dem\u00e1s, resulta determinante el dictamen de Casal cuando establece que la \u201cdeclaraci\u00f3n de inconstitucionalidad configura un acto de suma gravedad que debe ser considerado como de \u00faltima raz\u00f3n de orden jur\u00eddico y que solo cabe acudir a ella cuando no existe otro modo de salvaguardar alg\u00fan derecho o garant\u00eda amparado por la Constituci\u00f3n nacional.<\/p>\n\n\n\n<p class=\"wp-block-paragraph\">M\u00e1s all\u00e1 de que lo que se cuestiona en esta nueva presentaci\u00f3n judicial \u2013lo que las propias leyes hoy determinan\u2013, pensar en que, a mayor condena corresponden mayores restricciones, no parece una valoraci\u00f3n desacertada desde el propio sentido com\u00fan.<\/p>\n\n\n\n<p class=\"wp-block-paragraph\">Fuente:<a href=\"https:\/\/www.lanacion.com.ar\/\"> La Naci\u00f3n<\/a><\/p>","protected":false},"excerpt":{"rendered":"<p>El dictamen del procurador general de la Naci\u00f3n,&nbsp;Eduardo Casal,&nbsp;en el que ratifica la constitucionalidad de la prohibici\u00f3n de votar para las personas que se encuentren presas con condenas firmes de tres a\u00f1os o m\u00e1s resulta acertadamente fundamentado y ser\u00e1 la&nbsp;Corte Suprema de Justicia,&nbsp;en definitiva, la que deber\u00e1 pronunciarse sobre este asunto. La intervenci\u00f3n de Casal [&hellip;]<\/p>\n","protected":false},"author":9,"featured_media":0,"comment_status":"open","ping_status":"open","sticky":false,"template":"","format":"standard","meta":{"site-sidebar-layout":"default","site-content-layout":"","ast-site-content-layout":"default","site-content-style":"default","site-sidebar-style":"default","ast-global-header-display":"","ast-banner-title-visibility":"","ast-main-header-display":"","ast-hfb-above-header-display":"","ast-hfb-below-header-display":"","ast-hfb-mobile-header-display":"","site-post-title":"","ast-breadcrumbs-content":"","ast-featured-img":"","footer-sml-layout":"","ast-disable-related-posts":"","theme-transparent-header-meta":"","adv-header-id-meta":"","stick-header-meta":"","header-above-stick-meta":"","header-main-stick-meta":"","header-below-stick-meta":"","astra-migrate-meta-layouts":"default","ast-page-background-enabled":"default","ast-page-background-meta":{"desktop":{"background-color":"","background-image":"","background-repeat":"repeat","background-position":"center center","background-size":"auto","background-attachment":"scroll","background-type":"","background-media":"","overlay-type":"","overlay-color":"","overlay-opacity":"","overlay-gradient":""},"tablet":{"background-color":"","background-image":"","background-repeat":"repeat","background-position":"center center","background-size":"auto","background-attachment":"scroll","background-type":"","background-media":"","overlay-type":"","overlay-color":"","overlay-opacity":"","overlay-gradient":""},"mobile":{"background-color":"","background-image":"","background-repeat":"repeat","background-position":"center center","background-size":"auto","background-attachment":"scroll","background-type":"","background-media":"","overlay-type":"","overlay-color":"","overlay-opacity":"","overlay-gradient":""}},"ast-content-background-meta":{"desktop":{"background-color":"var(--ast-global-color-5)","background-image":"","background-repeat":"repeat","background-position":"center center","background-size":"auto","background-attachment":"scroll","background-type":"","background-media":"","overlay-type":"","overlay-color":"","overlay-opacity":"","overlay-gradient":""},"tablet":{"background-color":"var(--ast-global-color-5)","background-image":"","background-repeat":"repeat","background-position":"center center","background-size":"auto","background-attachment":"scroll","background-type":"","background-media":"","overlay-type":"","overlay-color":"","overlay-opacity":"","overlay-gradient":""},"mobile":{"background-color":"var(--ast-global-color-5)","background-image":"","background-repeat":"repeat","background-position":"center center","background-size":"auto","background-attachment":"scroll","background-type":"","background-media":"","overlay-type":"","overlay-color":"","overlay-opacity":"","overlay-gradient":""}},"footnotes":""},"categories":[149],"tags":[],"class_list":["post-84112","post","type-post","status-publish","format-standard","hentry","category-entrevistas"],"spectra_blocks_featured_image_url":null,"spectra_blocks_author_info":{"display_name":"Jorge Alfredo Baret","avatar_url":"https:\/\/secure.gravatar.com\/avatar\/31696f5ca83439b642450ec7d3f82f98451a5efacb414343d5478c982b337f26?s=96&d=mm&r=g","author_link":"https:\/\/100xd.com.ar\/es\/author\/jorge\/","description":"Ingeniero Qu\u00edmico UTN - Director Apoderado de Comunicaciones Auditadas SA. Editor Responsable 100xd.com.ar."},"_links":{"self":[{"href":"https:\/\/100xd.com.ar\/es\/wp-json\/wp\/v2\/posts\/84112","targetHints":{"allow":["GET"]}}],"collection":[{"href":"https:\/\/100xd.com.ar\/es\/wp-json\/wp\/v2\/posts"}],"about":[{"href":"https:\/\/100xd.com.ar\/es\/wp-json\/wp\/v2\/types\/post"}],"author":[{"embeddable":true,"href":"https:\/\/100xd.com.ar\/es\/wp-json\/wp\/v2\/users\/9"}],"replies":[{"embeddable":true,"href":"https:\/\/100xd.com.ar\/es\/wp-json\/wp\/v2\/comments?post=84112"}],"version-history":[{"count":1,"href":"https:\/\/100xd.com.ar\/es\/wp-json\/wp\/v2\/posts\/84112\/revisions"}],"predecessor-version":[{"id":84114,"href":"https:\/\/100xd.com.ar\/es\/wp-json\/wp\/v2\/posts\/84112\/revisions\/84114"}],"wp:attachment":[{"href":"https:\/\/100xd.com.ar\/es\/wp-json\/wp\/v2\/media?parent=84112"}],"wp:term":[{"taxonomy":"category","embeddable":true,"href":"https:\/\/100xd.com.ar\/es\/wp-json\/wp\/v2\/categories?post=84112"},{"taxonomy":"post_tag","embeddable":true,"href":"https:\/\/100xd.com.ar\/es\/wp-json\/wp\/v2\/tags?post=84112"}],"curies":[{"name":"wp","href":"https:\/\/api.w.org\/{rel}","templated":true}]}}