{"id":83908,"date":"2023-06-23T10:27:50","date_gmt":"2023-06-23T13:27:50","guid":{"rendered":"https:\/\/100xd.com.ar\/?p=83908"},"modified":"2023-06-23T10:27:50","modified_gmt":"2023-06-23T13:27:50","slug":"scioli-confirmo-su-candidatura-y-anuncio-a-hugo-moyano-a-la-cabeza-de-la-lista-de-diputados-por-buenos-aires","status":"publish","type":"post","link":"https:\/\/100xd.com.ar\/es\/scioli-confirmo-su-candidatura-y-anuncio-a-hugo-moyano-a-la-cabeza-de-la-lista-de-diputados-por-buenos-aires\/","title":{"rendered":"Scioli confirm\u00f3 su candidatura y anunci\u00f3 a Hugo Moyano a la cabeza de la lista de diputados por Buenos Aires"},"content":{"rendered":"\n<p class=\"wp-block-paragraph\">El embajador en Brasil,<strong>&nbsp;Daniel Scioli<\/strong>, aprovech\u00f3 esta tarde el acto con la ministra&nbsp;<strong>Victoria Tolosa Paz&nbsp;<\/strong>en el teatro ND para confirmar su precandidatura presidencial por Uni\u00f3n por la Patria. All\u00ed tambi\u00e9n present\u00f3 al hist\u00f3rico sindicalista<strong>&nbsp;Hugo Moyano<\/strong>&nbsp;a la cabeza de la lista de diputados nacionales por la provincia de Buenos Aires. Y al actor&nbsp;<strong>Eugenio \u201cNito\u201d Artaza&nbsp;<\/strong>como su candidato a jefe de gobierno.<\/p>\n\n\n\n<p class=\"wp-block-paragraph\">En el acto, Scioli tambi\u00e9n anticip\u00f3 que&nbsp;<strong>Mayra Arena<\/strong>&nbsp;secundar\u00e1 a Moyano en la lista de diputados. Los dirigentes del gobierno que se acercaron fueron el ministro de Seguridad,&nbsp;<strong>An\u00edbal Fern\u00e1ndez;&nbsp;<\/strong>el canciller,<strong>&nbsp;Santiago Cafiero,<\/strong>&nbsp;y la secretaria de Deportes,<strong>&nbsp;In\u00e9s Arrondo,<\/strong>&nbsp;ubicados en una primera fila que completaron el propio&nbsp;<strong>Moyano<\/strong>, el diputado&nbsp;<strong>Marcelo Casaretto<\/strong>&nbsp;y las esposas de Scioli y Artaza,<strong>&nbsp;Gisela Berger&nbsp;<\/strong>y&nbsp;<strong>Cecilia Milone.<\/strong><\/p>\n\n\n\n<p class=\"wp-block-paragraph\"><mark>\u201cMoyano va a ser candidato y va a estar al frente de la defensa de los derechos de los trabajadores\u201d, afirm\u00f3 Scioli en una conferencia de prensa que brind\u00f3 junto a Tolosa Paz y Artaza, tras el acto de lanzamiento.&nbsp;<\/mark>No adelant\u00f3 qui\u00e9n ser\u00e1 su candidato a vicepresidente y plante\u00f3 que lo anunciar\u00e1 sobre el filo del cierre de listas, el s\u00e1bado. Seg\u00fan pudo saber&nbsp;<strong>LA NACION<\/strong>&nbsp;de fuentes del espacio del exmotonauta, apostar\u00e1 por un nombre del interior del pa\u00eds.<\/p>\n\n\n\n<figure data-spectra-id=\"spectra-7fb4d274-0330-450b-bf56-517110bd0fc4\" class=\"wp-block-image\"><img decoding=\"async\" src=\"https:\/\/resizer.glanacion.com\/resizer\/kGpFS8qPq6TruVL_jpYgA8NKcnc=\/310x0\/filters:format(webp):quality(80)\/cloudfront-us-east-1.images.arcpublishing.com\/lanacionar\/BCKXUAGMDVASBETS32KEE3CAGQ.JPG\" alt=\"Daniel Scioli, Victoria Tolosa Paz y Nito Artaza durante el lanzamiento de la lista para las PASO de Uni\u00f3n por la Patria\" title=\"Scioli confirm\u00f3 su candidatura y anunci\u00f3 a Hugo Moyano a la cabeza de la lista de diputados por Buenos Aires\" \/><figcaption>Daniel Scioli, Victoria Tolosa Paz y Nito Artaza durante el lanzamiento de la lista para las PASO de Uni\u00f3n por la PatriaRodrigo N\u00e9spolo &#8211; LA NACION<\/figcaption><\/figure>\n\n\n\n<p class=\"wp-block-paragraph\">El cierre del acto hab\u00eda dado una pista del lugar que Scioli le otorga a Moyano. Hizo subir al gremialista al escenario y le pidi\u00f3 que se dirija al p\u00fablico. Tras cantar la marcha peronista, Moyano afirm\u00f3:&nbsp;<mark>\u201cEste compromiso con nuestro futuro presidente es de coraz\u00f3n, para construir la Argentina que merecemos, compa\u00f1eros\u201d.<\/mark>&nbsp;Scioli tambi\u00e9n le dio el micr\u00f3fono a Arena en el escenario.<\/p>\n\n\n\n<p class=\"wp-block-paragraph\">El exjefe de Gabinete sciolista&nbsp;<strong>Alberto P\u00e9rez<\/strong>&nbsp;y la esposa de Moyano,&nbsp;<strong>Liliana Zulet<\/strong>, integraron la segunda fila en la sala teatral, que es propiedad de&nbsp;<strong>Enrique<\/strong>&nbsp;\u201c<strong>Pepe\u201d Albistur<\/strong>, el publicista que es el esposo de Tolosa Paz.&nbsp;<strong>Ger\u00f3nimo Moyano<\/strong>, el menor de los hijos del jefe camionero, tambi\u00e9n estuvo presente en la segunda fila. Varias filas m\u00e1s atr\u00e1s hab\u00eda m\u00e1s presencia gremial, vinculada a la Uocra de La Plata:&nbsp;<strong>Cristian \u201cPuly\u201d Medina<\/strong>&nbsp;y&nbsp;<strong>Brian Medina<\/strong>, hijo y nieto de&nbsp;<strong>Juan Pablo \u201cPata\u201d Medina<\/strong>, estuvieron en el teatro, acompa\u00f1ados por trabajadores de AESA, una constructora contratista de YPF.<\/p>\n\n\n\n<figure data-spectra-id=\"spectra-0bdeb436-df8a-4c15-a00c-dfa6c37ded81\" class=\"wp-block-image\"><img decoding=\"async\" src=\"https:\/\/resizer.glanacion.com\/resizer\/grkFAnLHmwssygdgt35hvYQ2n8E=\/310x0\/filters:format(webp):quality(80)\/cloudfront-us-east-1.images.arcpublishing.com\/lanacionar\/BJOV5KSYKBGDRFG6YKQDT5PZRA.JPG\" alt=\"Daniel Scioli y su candidata a gobernadora Victoria Tolosa Paz \" title=\"Scioli confirm\u00f3 su candidatura y anunci\u00f3 a Hugo Moyano a la cabeza de la lista de diputados por Buenos Aires\" \/><figcaption>Daniel Scioli y su candidata a gobernadora Victoria Tolosa PazRodrigo N\u00e9spolo &#8211; LA NACION<\/figcaption><\/figure>\n\n\n\n<p class=\"wp-block-paragraph\">Artaza comenz\u00f3 los discursos con cr\u00edticas al modelo de Juntos por el Cambio en la ciudad de Buenos Aires. Dijo sentir \u201corgullo\u201d de pertenecer a un espacio que condensa \u201clo mejor del yrigoyenismo y del peronismo\u201d, con Scioli y Tolosa a su lado.<\/p>\n\n\n\n<p class=\"wp-block-paragraph\">Tolosa Paz, precandidata a gobernadora de Buenos Aires, destac\u00f3 \u201cllegar a esta instancia con tantas voces desalentando la participaci\u00f3n democr\u00e1tica\u201d. La ministra de Desarrollo Social subray\u00f3 que \u201c<mark>Unidos Triunfaremos [la l\u00ednea interna de Scioli] va a construir la victoria y a dejar al frente [Uni\u00f3n por la Patria] como el frente pol\u00edtico m\u00e1s votado<\/mark>\u201d. Y sostuvo: \u201cNo queremos poner en riesgo nuestro enorme frente pol\u00edtico\u201d.<\/p>\n\n\n\n<p class=\"wp-block-paragraph\">Scioli tuvo problemas con el audio cuando comenz\u00f3 a hablar , y aprovech\u00f3 para hilvanar su primera frase con mensaje interno:&nbsp;<mark>\u201cAunque nos apaguen el audio, aunque nos pidan avales, aunque no quieran las PASO, van a encontrar nuestra boleta el 13 de agosto\u201d.<\/mark><\/p>\n\n\n\n<figure data-spectra-id=\"spectra-f3efe3aa-9575-491d-ac9d-8400bd372865\" class=\"wp-block-image\"><img decoding=\"async\" src=\"https:\/\/resizer.glanacion.com\/resizer\/0jfDFYsCOmRFevAiQuAyDWZlBcY=\/310x0\/filters:format(webp):quality(80)\/cloudfront-us-east-1.images.arcpublishing.com\/lanacionar\/NVQ6AN4TIJHXHPEYRF4SYMEI6Y.JPG\" alt=\"An\u00edbal Fern\u00e1ndez y Santiago Cafiero en el acto de Scioli\" title=\"Scioli confirm\u00f3 su candidatura y anunci\u00f3 a Hugo Moyano a la cabeza de la lista de diputados por Buenos Aires\" \/><figcaption>An\u00edbal Fern\u00e1ndez y Santiago Cafiero en el acto de ScioliRodrigo N\u00e9spolo &#8211; LA NACION<\/figcaption><\/figure>\n\n\n\n<p class=\"wp-block-paragraph\">El embajador en Brasil les agradeci\u00f3 a An\u00edbal Fern\u00e1ndez, a Santiago Cafiero y a Moyano. Dijo que la presencia del camionero \u201ctiene un significado muy grande\u201d y que estar\u00e1 \u201cal frente de esta batalla peronista\u201d. \u201cLa Argentina est\u00e1 en movimiento, hay 20 provincias que tienen pleno empleo. Nuestro presidente ha tenido la tenacidad y la paciencia de mantener nuestro frente unido y atravesar esta carrera de obst\u00e1culos para que sea el voto del pueblo el que decida\u201d, elogi\u00f3 a&nbsp;<strong>Alberto Fern\u00e1ndez<\/strong>.<\/p>\n\n\n\n<p class=\"wp-block-paragraph\">Fern\u00e1ndez, Cafiero y Arrondo fueron las cartas del gabinete nacional que lo acompa\u00f1aron. Moyano fue el otro dirigente nacional que se sum\u00f3. Desde el pullman del teatro, los entrerrianos llegados con Casaretto fueron los m\u00e1s bulliciosos. Pero en gran parte de los asientos se ubicaban dirigentes locales del peronismo de la provincia de Buenos Aires, alejados del kirchnerismo. No se acercaron intendentes al encuentro, mayoritariamente alineados con la candidatura del ministro del Interior, Eduardo \u201cWado\u201d de Pedro.<\/p>\n\n\n\n<p class=\"wp-block-paragraph\">Entre la militancia peronista se ubicaron referentes como el exintendente de Avellaneda\u00a0<strong>Baldomero \u201cCacho\u201d \u00c1lvarez<\/strong>\u00a0o el exdiputado provincial\u00a0<strong>Mario Giacobbe<\/strong>, que fue aliado de\u00a0<strong>Axel Kicillof<\/strong>\u00a0hasta 2021, cuando termin\u00f3 su mandato. Tambi\u00e9n se ubicaron en las butacas dirigentes del peronismo de Quilmes alejados de la intendenta camporista\u00a0<strong>Mayra Mendoza<\/strong>\u00a0y alineados con An\u00edbal Fern\u00e1ndez, que mantiene fuerte influencia en su distrito de origen.<\/p>\n\n\n\n<p class=\"wp-block-paragraph\"><a href=\"https:\/\/www.lanacion.com.ar\/autor\/javier-fuego-simondet-6767\/\">Javier Fuego Simondet<\/a><\/p>\n\n\n\n<p class=\"wp-block-paragraph\">Fuente:<a href=\"https:\/\/www.lanacion.com.ar\/\"> La Naci\u00f3n<\/a><\/p>\n","protected":false},"excerpt":{"rendered":"<p>El embajador en Brasil,&nbsp;Daniel Scioli, aprovech\u00f3 esta tarde el acto con la ministra&nbsp;Victoria Tolosa Paz&nbsp;en el teatro ND para confirmar su precandidatura presidencial por Uni\u00f3n por la Patria. All\u00ed tambi\u00e9n present\u00f3 al hist\u00f3rico sindicalista&nbsp;Hugo Moyano&nbsp;a la cabeza de la lista de diputados nacionales por la provincia de Buenos Aires. Y al actor&nbsp;Eugenio \u201cNito\u201d Artaza&nbsp;como su [&hellip;]<\/p>\n","protected":false},"author":9,"featured_media":0,"comment_status":"open","ping_status":"open","sticky":false,"template":"","format":"standard","meta":{"site-sidebar-layout":"default","site-content-layout":"","ast-site-content-layout":"default","site-content-style":"default","site-sidebar-style":"default","ast-global-header-display":"","ast-banner-title-visibility":"","ast-main-header-display":"","ast-hfb-above-header-display":"","ast-hfb-below-header-display":"","ast-hfb-mobile-header-display":"","site-post-title":"","ast-breadcrumbs-content":"","ast-featured-img":"","footer-sml-layout":"","ast-disable-related-posts":"","theme-transparent-header-meta":"","adv-header-id-meta":"","stick-header-meta":"","header-above-stick-meta":"","header-main-stick-meta":"","header-below-stick-meta":"","astra-migrate-meta-layouts":"default","ast-page-background-enabled":"default","ast-page-background-meta":{"desktop":{"background-color":"","background-image":"","background-repeat":"repeat","background-position":"center center","background-size":"auto","background-attachment":"scroll","background-type":"","background-media":"","overlay-type":"","overlay-color":"","overlay-opacity":"","overlay-gradient":""},"tablet":{"background-color":"","background-image":"","background-repeat":"repeat","background-position":"center center","background-size":"auto","background-attachment":"scroll","background-type":"","background-media":"","overlay-type":"","overlay-color":"","overlay-opacity":"","overlay-gradient":""},"mobile":{"background-color":"","background-image":"","background-repeat":"repeat","background-position":"center center","background-size":"auto","background-attachment":"scroll","background-type":"","background-media":"","overlay-type":"","overlay-color":"","overlay-opacity":"","overlay-gradient":""}},"ast-content-background-meta":{"desktop":{"background-color":"var(--ast-global-color-5)","background-image":"","background-repeat":"repeat","background-position":"center center","background-size":"auto","background-attachment":"scroll","background-type":"","background-media":"","overlay-type":"","overlay-color":"","overlay-opacity":"","overlay-gradient":""},"tablet":{"background-color":"var(--ast-global-color-5)","background-image":"","background-repeat":"repeat","background-position":"center center","background-size":"auto","background-attachment":"scroll","background-type":"","background-media":"","overlay-type":"","overlay-color":"","overlay-opacity":"","overlay-gradient":""},"mobile":{"background-color":"var(--ast-global-color-5)","background-image":"","background-repeat":"repeat","background-position":"center center","background-size":"auto","background-attachment":"scroll","background-type":"","background-media":"","overlay-type":"","overlay-color":"","overlay-opacity":"","overlay-gradient":""}},"footnotes":""},"categories":[25],"tags":[],"class_list":["post-83908","post","type-post","status-publish","format-standard","hentry","category-destacado"],"spectra_blocks_featured_image_url":null,"spectra_blocks_author_info":{"display_name":"Jorge Alfredo Baret","avatar_url":"https:\/\/secure.gravatar.com\/avatar\/31696f5ca83439b642450ec7d3f82f98451a5efacb414343d5478c982b337f26?s=96&d=mm&r=g","author_link":"https:\/\/100xd.com.ar\/es\/author\/jorge\/","description":"Ingeniero Qu\u00edmico UTN - Director Apoderado de Comunicaciones Auditadas SA. Editor Responsable 100xd.com.ar."},"_links":{"self":[{"href":"https:\/\/100xd.com.ar\/es\/wp-json\/wp\/v2\/posts\/83908","targetHints":{"allow":["GET"]}}],"collection":[{"href":"https:\/\/100xd.com.ar\/es\/wp-json\/wp\/v2\/posts"}],"about":[{"href":"https:\/\/100xd.com.ar\/es\/wp-json\/wp\/v2\/types\/post"}],"author":[{"embeddable":true,"href":"https:\/\/100xd.com.ar\/es\/wp-json\/wp\/v2\/users\/9"}],"replies":[{"embeddable":true,"href":"https:\/\/100xd.com.ar\/es\/wp-json\/wp\/v2\/comments?post=83908"}],"version-history":[{"count":1,"href":"https:\/\/100xd.com.ar\/es\/wp-json\/wp\/v2\/posts\/83908\/revisions"}],"predecessor-version":[{"id":83910,"href":"https:\/\/100xd.com.ar\/es\/wp-json\/wp\/v2\/posts\/83908\/revisions\/83910"}],"wp:attachment":[{"href":"https:\/\/100xd.com.ar\/es\/wp-json\/wp\/v2\/media?parent=83908"}],"wp:term":[{"taxonomy":"category","embeddable":true,"href":"https:\/\/100xd.com.ar\/es\/wp-json\/wp\/v2\/categories?post=83908"},{"taxonomy":"post_tag","embeddable":true,"href":"https:\/\/100xd.com.ar\/es\/wp-json\/wp\/v2\/tags?post=83908"}],"curies":[{"name":"wp","href":"https:\/\/api.w.org\/{rel}","templated":true}]}}