{"id":83582,"date":"2023-06-16T11:46:05","date_gmt":"2023-06-16T14:46:05","guid":{"rendered":"https:\/\/100xd.com.ar\/?p=83582"},"modified":"2023-06-16T11:46:05","modified_gmt":"2023-06-16T14:46:05","slug":"horas-decisivas-sin-margen-para-el-error","status":"publish","type":"post","link":"https:\/\/100xd.com.ar\/es\/horas-decisivas-sin-margen-para-el-error\/","title":{"rendered":"Horas decisivas, sin margen para el error"},"content":{"rendered":"\n<p class=\"wp-block-paragraph\">Contra reloj, como nunca antes, sin instrumentos de medici\u00f3n fiables para orientarse, con demasiadas piezas sueltas que pueden desbaratar todo o alinear planetas,&nbsp;<mark>los principales espacios pol\u00edticos transitan casi a ciegas la cuenta regresiva para resolver las f\u00f3rmulas de precandidatos a los cargos mayores<\/mark>. Demasiado en juego que no deja margen para la equivocaci\u00f3n.<\/p>\n\n\n\n<p class=\"wp-block-paragraph\">En el oficialismo, ahora llamado&nbsp;<strong>Uni\u00f3n por la Patria<\/strong>&nbsp;(UxP), y en la oposici\u00f3n, que sigue denomin\u00e1ndose&nbsp;<strong>Juntos por el Cambio<\/strong>, admiten que en las pr\u00f3ximas 48 horas deber\u00edan poder llenar los casilleros m\u00e1s importantes para, luego, ordenar el resto de las listas y asegurar apoyos antes de su presentaci\u00f3n en la medianoche del s\u00e1bado 24.&nbsp;<strong>El objetivo es hacer los anuncios a m\u00e1s tardar el D\u00eda de la Bandera<\/strong>.<\/p>\n\n\n\n<p class=\"wp-block-paragraph\">\u201cNo es f\u00e1cil. Hay&nbsp;<mark>muchos carniceros obligados a ser neurocirujanos<\/mark>, falta un jefe de sala experimentado que ordene y no hay nadie que garantice resultados de la operaci\u00f3n. Por eso sobran las opciones abiertas de los dos lados\u201d, grafica con iron\u00eda y preocupaci\u00f3n un veterano armador pol\u00edtico cambiemita.<a href=\"https:\/\/www.lanacion.com.ar\/politica\/habla-cristina-kirchner-en-rio-gallegos-en-vivo-nid15062023\/\" target=\"_blank\" rel=\"noreferrer noopener\"><em><\/em>CRISTINA ACUS\u00d3 A FERN\u00c1NDEZ DE GENERAR \u201cCONFLICTIVIDAD\u201d CON LA INTERNA OFICIALISTA<\/a><\/p>\n\n\n\n<p class=\"wp-block-paragraph\">El apretado escenario de tres tercios en el que, seg\u00fan los principales encuestadores, se distribuyen las adhesiones a UxP, JxC y Javier Milei, de La Libertad Avanza, o de cuatro cuartos, si se incluye al electorado que es un enigma para los consultores, constituye una dificultad suprema para bajar el martillo de las candidaturas.<\/p>\n\n\n\n<p class=\"wp-block-paragraph\">En el oficialismo, la gran electora est\u00e1 obligada a definir con las cartas tapadas.&nbsp;<strong>Cristina Kirchner mira con obsesi\u00f3n la econom\u00eda y la situaci\u00f3n cambiaria tanto como las encuestas para tomar su decisi\u00f3n. Esas variables hicieron que en las \u00faltimas horas alternaran lugares en la f\u00f3rmula presidencial Eduardo \u201cWado\u201d de Pedro y Sergio Massa<\/strong>&nbsp;al evaluar ventajas y perjuicios, dicen quienes est\u00e1n cerca de ella.<\/p>\n\n\n\n<p class=\"wp-block-paragraph\">\u201c<mark>Su principal preocupaci\u00f3n es qu\u00e9 va a pasar con el Fondo Monetario<\/mark>. Se la pasa monitoreando eso. Quiere saber si habr\u00e1 un acuerdo para disponer de adelantos de fondos, cu\u00e1les ser\u00edan los condicionamientos e implicancias de ese acuerdo, o si no lo habr\u00e1 antes del cierre de listas\u201d, afirma una fuente que la frecuenta.<\/p>\n\n\n\n<p class=\"wp-block-paragraph\">El riesgo de una devaluaci\u00f3n forzada o un fogonazo cambiario m\u00e1s una nueva disparada de los precios son desvelos que la vicepresidenta no puede despejar ahora. Una moneda en el aire que pone en cuesti\u00f3n la suerte de Massa. Cristina Kirchner&nbsp;<strong>deber\u00eda decidir la f\u00f3rmula que ella impulsa apenas d\u00edas u horas antes de que el ministro de Econom\u00eda tenga una respuesta del FMI<\/strong>.<\/p>\n\n\n\n<p class=\"wp-block-paragraph\">Massa hace jugar que es el ancla del Gobierno y que hasta ahora el organismo, con el apoyo de sus amigos del Departamento de Estado de los Estados Unidos, no solo no le ha soltado la mano, sino que, por el contrario, se ha mostrado demasiado ben\u00e9volo ante el incumplimiento de las metas acordadas.<\/p>\n\n\n\n<p class=\"wp-block-paragraph\">El inveterado optimismo de Massa contagia hasta a sus colaboradores m\u00e1s prudentes, que ya lo ven llegando al objetivo que se propuso cuando se sent\u00f3 en la silla el\u00e9ctrica del gabinete: ser precandidato presidencial con el apoyo del cristicamporismo. De todas maneras, ya no ser\u00eda como imagin\u00f3: candidato \u00fanico, sin competencia interna en las PASO.<\/p>\n\n\n\n<h2 class=\"wp-block-heading\">Massa o Wado, Wado o Massa<\/h2>\n\n\n\n<p class=\"wp-block-paragraph\">Para peor, Massa volvi\u00f3 a encontrarse con la fe y el optimismo empedernidos de su enemigo \u00edntimo&nbsp;<strong>Daniel Scioli<\/strong>, que se lanz\u00f3 a las PASO arropado por lo que queda de lo que alguna vez amag\u00f3 con ser el albertismo. A pesar del ninguneo del cristimassismo,&nbsp;<strong>el embajador-precandidato es capaz de provocar berrinches p\u00fablicos y hasta reproches por escrito<\/strong>, como el que firm\u00f3 el hijo&nbsp;<strong>M\u00e1ximo&nbsp;<\/strong>en su rol de presidente del PJ bonaerense a ra\u00edz de&nbsp;<strong>la batalla planteada por el porcentaje para distribuir puestos en las listas<\/strong>. La sangre todav\u00eda puede llegar al r\u00edo.<\/p>\n\n\n\n<p class=\"wp-block-paragraph\">En todos los campos, todo es un poco m\u00e1s complejo para Massa.&nbsp;<mark>Fuentes que conocen la din\u00e1mica del Fondo dudan de que antes del cierre de listas le env\u00ede una lancha de rescate<\/mark>, como necesita el ministro, m\u00e1s que un salvavidas. Una cosa es para Washington evitar un colapso y otra incidir en la campa\u00f1a electoral. Las circunstancias cambiaron y en el Instituto Patria lo saben. Ni liberaci\u00f3n ni independencia.<\/p>\n\n\n\n<p class=\"wp-block-paragraph\">Por eso Massa est\u00e1 en constante alternancia con De Pedro en el subibaja de la f\u00f3rmula. Aunque la marcha y las perspectivas de la econom\u00eda no son lo \u00fanico que se eval\u00faa. Tambi\u00e9n se analizan las probables performances electorales.&nbsp;<strong>Si bien la vicepresidenta puso como elemento decisivo el piso de votos que cada fuerza (y candidato) pueda reunir, tambi\u00e9n juega en el tablero cu\u00e1ntos votos m\u00e1s all\u00e1 del n\u00facleo duro podr\u00eda sumar cada uno. El techo tambi\u00e9n es un dilema<\/strong>. No caerse es tan importante como no quedar a la intemperie o apretado por una losa.<\/p>\n\n\n\n<p class=\"wp-block-paragraph\">\u201cLas chances de Wado mejoraron en las \u00faltimas mediciones que llegaron al Patria. Arrib\u00f3 al piso de los dos d\u00edgitos, que era la base m\u00ednima que deb\u00eda alcanzar para poder seguir en pie. Adem\u00e1s,&nbsp;<strong>retiene el voto de Cristina tanto como Axel [Kicillof], pero en su favor cuenta que tiene m\u00e1s para crecer<\/strong>\u201d, dicen fuentes del cristinismo bonaerense.<\/p>\n\n\n\n<p class=\"wp-block-paragraph\">\u201cA Massa, en tanto, lo favorece que puede conseguir m\u00e1s adhesiones fuera de la pecera, sobre todo si en la primaria de JxC gana&nbsp;<strong>Patricia Bullrich<\/strong>. Pero ponerlo a \u00e9l al frente tambi\u00e9n implica desperfilar la identidad y correr el riesgo de que la econom\u00eda termine hundi\u00e9ndonos\u201d, dicen en el kirchnerismo. Demasiadas inc\u00f3gnitas y muy pocas certezas. Tanto como para que Kicillof vuelva a sonar para ir en la boleta mayor. El hermetismo de Cristina Kirchner deja siempre abierto el margen para la duda.&nbsp;<mark>Cuanto m\u00e1s se achica su espacio, m\u00e1s crece su influencia<\/mark>. Paradojas de la pol\u00edtica nacional.<\/p>\n\n\n\n<h2 class=\"wp-block-heading\">El rompecabezas cambiemita<\/h2>\n\n\n\n<p class=\"wp-block-paragraph\">En el lado cambiemita de la vida, el rompecabezas se advierte a\u00fan m\u00e1s complejo. Despu\u00e9s de la \u00faltima semana de autoflagelaci\u00f3n con el sainete Schiaretti en primer plano, se alcanz\u00f3 una paz precaria. A \u00faltimo momento se lograron, al menos, acuerdos formales para fijar las reglas de juego de la interna, en especial, sobre los porcentajes para la distribuci\u00f3n de cargos.<\/p>\n\n\n\n<p class=\"wp-block-paragraph\">Ahora,&nbsp;<strong>la composici\u00f3n de las f\u00f3rmulas para la presidencia y para la gobernaci\u00f3n bonaerense obliga a un fren\u00e9tico juego de llamados, consultas y construcci\u00f3n de escenarios posibles<\/strong>. Toda pieza que se pone tambi\u00e9n descubre huecos. M\u00e1s que una manta corta y ecuaciones de suma cero.<\/p>\n\n\n\n<p class=\"wp-block-paragraph\">Del lado de&nbsp;<strong>Horacio Rodr\u00edguez Larreta<\/strong>, frustrada la entente con&nbsp;<strong>Juan Schiaretti<\/strong>, para armar una coalici\u00f3n ampliada se analiza ahora si este mantendr\u00e1 la participaci\u00f3n en las PASO de su alianza Hacemos por Nuestro Pa\u00eds. Dif\u00edcil que tenga una respuesta favorable antes de las elecciones de C\u00f3rdoba, que se realizar\u00e1n el d\u00eda despu\u00e9s del cierre de listas nacionales. No se trata de la integraci\u00f3n de una f\u00f3rmula, sino de saber si hay otra amenaza de p\u00e9rdida de votos.<\/p>\n\n\n\n<p class=\"wp-block-paragraph\">Por eso, el larretismo busca soldar la uni\u00f3n transitoria ampliadora que se form\u00f3 contra la cerraz\u00f3n macribullrichista. Con los radicales que lidera el juje\u00f1o<strong>&nbsp;Gerardo Morales, la Coalici\u00f3n C\u00edvica y los peronistas de Miguel Pichetto<\/strong>, pero sobre todo con los primeros. Por eso,&nbsp;<mark>la constituci\u00f3n de una f\u00f3rmula con un radical asoma como prioridad<\/mark>. Y Morales tiene competencia por estas horas. El operativo seducci\u00f3n sobre&nbsp;<strong>Facundo Manes<\/strong>&nbsp;alcanz\u00f3 una intensidad sin precedente.<\/p>\n\n\n\n<p class=\"wp-block-paragraph\">En primer lugar, los operadores de Larreta buscan que el neur\u00f3logo baje su precandidatura presidencial y se sume a este lado de la grieta cambiemita con un men\u00fa de opciones a gusto. Desde precandidato a vicepresidente hasta senador por la provincia de Buenos Aires, sin descartar otro lugar que tiente a Manes. El m\u00e9dico resiste el cortejo por rencores viejos y razones nuevas.<\/p>\n\n\n\n<p class=\"wp-block-paragraph\">\u201cNo hay apuro. No cambia nada adelantar o retrasar la definici\u00f3n unos d\u00edas\u201d, minimizan urgencias al lado del jefe de gobierno porte\u00f1o, aunque sus consejeros electorales muestran m\u00e1s ansiedad.&nbsp;<strong>No se trata de cerrar solo la f\u00f3rmula, sino de hacer frente a lo que ese cierre termine ordenando y desordenando para abajo y para el costado<\/strong>. Aun las encuestas m\u00e1s favorables que maneja el larretismo le muestran que, en el mejor de los casos, la paridad con Bullrich es absoluta. Sin espacio para equivocarse.<\/p>\n\n\n\n<p class=\"wp-block-paragraph\">Por el lado de Bullrich, la situaci\u00f3n asoma no menos compleja, a pesar de que se solazan con encuestas que, dicen, le son muy favorables. El objetivo de sumar en la f\u00f3rmula presidencial a un economista de peso, como por ejemplo C<strong>arlos Melconian<\/strong>, para&nbsp;<strong>compensar las manifiestas flaquezas que en esa materia muestra Bullrich<\/strong>&nbsp;para muchos observadores, sobre todo del mundo empresario, tiene contraindicaciones. No solo depende de la aceptaci\u00f3n del economista.<\/p>\n\n\n\n<p class=\"wp-block-paragraph\">En el comando de campa\u00f1a bullrichista tienen sobre la mesa&nbsp;<strong>la advertencia que recibieron de los radicales&nbsp;<\/strong>que no est\u00e1n con Morales y que podr\u00edan sum\u00e1rsele, menos por afinidad con ella que por la interna partidaria.&nbsp;<strong>\u201cSi Patricia no va con un radical se nos va a hacer muy dif\u00edcil pedirles a nuestros afiliados y adherentes que la voten a ella<\/strong>, sobre todo si Larreta va con Morales o con Manes\u201d, argumentan desde el eje que componen el sanrafaelino&nbsp;<strong>Ernesto Sanz<\/strong>&nbsp;y el bonaerense&nbsp;<strong>Maximiliano Abad<\/strong>. Lo que suma por un lado pude restar por el otro.<\/p>\n\n\n\n<p class=\"wp-block-paragraph\">Abad asoma, por eso, como un probable compa\u00f1ero de f\u00f3rmula de Bullrich, con la oferta de compensar el desconocimiento que tiene su figura a nivel nacional (a diferencia de un economista popular) con el apoyo de los jefes territoriales del radicalismo bonaerense, que le responden. En ese rompecabezas tambi\u00e9n aparece el espacio vac\u00edo de la vicegobernaci\u00f3n bonaerense.<\/p>\n\n\n\n<p class=\"wp-block-paragraph\">El precandidato de Patricia Bullrich,&nbsp;<strong>N\u00e9stor Grindetti<\/strong>, deshoja la margarita con p\u00e9talos que llevan los nombres del propio Abad, de la diputada radical bonaerense&nbsp;<strong>Alejandra Lorden<\/strong>&nbsp;y del intendente de Trenque Lauquen,&nbsp;<strong>Miguel Fern\u00e1ndez<\/strong>, tambi\u00e9n de la UCR.<a href=\"https:\/\/www.lanacion.com.ar\/politica\/el-crimen-que-desnuda-un-sistema-politico-nid14062023\/\" target=\"_blank\" rel=\"noreferrer noopener\"><em><\/em>EL CRIMEN QUE DESNUDA UN SISTEMA POL\u00cdTICO<\/a><\/p>\n\n\n\n<p class=\"wp-block-paragraph\">Pero los radicales no est\u00e1n solos en la g\u00f3ndola bonaerense. La afinidad que el bullrichista<strong>&nbsp;Joaqu\u00edn de la Torre&nbsp;<\/strong>tiene con algunos postulados de&nbsp;<strong>Javier Milei&nbsp;<\/strong>y sus votantes es una carta que tambi\u00e9n se eval\u00faa. M\u00e1s a\u00fan cuando al l\u00edder derechista le est\u00e1 costando llenar los casilleros y su arraigo territorial ha sido puesto seriamente en cuesti\u00f3n por los magros resultados de sus candidatos en las elecciones provinciales.<\/p>\n\n\n\n<p class=\"wp-block-paragraph\">A nadie le sobra nada en las horas decisivas y cualquier equivocaci\u00f3n puede ser fatal. La elecciones pueden definirse antes de llegar a las urnas y la inestabilidad econ\u00f3mica podr\u00eda estar en juego antes de que se definan las PASO. No hay margen para el error.<\/p>\n\n\n\n<p class=\"wp-block-paragraph\"><a href=\"https:\/\/www.lanacion.com.ar\/autor\/claudio-jacquelin-100\/\">Claudio Jacquelin<\/a><\/p>\n\n\n\n<p class=\"wp-block-paragraph\">Fuente:<a href=\"https:\/\/www.lanacion.com.ar\/\"> La Naci\u00f3n<\/a><\/p>\n","protected":false},"excerpt":{"rendered":"<p>Contra reloj, como nunca antes, sin instrumentos de medici\u00f3n fiables para orientarse, con demasiadas piezas sueltas que pueden desbaratar todo o alinear planetas,&nbsp;los principales espacios pol\u00edticos transitan casi a ciegas la cuenta regresiva para resolver las f\u00f3rmulas de precandidatos a los cargos mayores. Demasiado en juego que no deja margen para la equivocaci\u00f3n. En el [&hellip;]<\/p>\n","protected":false},"author":9,"featured_media":0,"comment_status":"open","ping_status":"open","sticky":false,"template":"","format":"standard","meta":{"site-sidebar-layout":"default","site-content-layout":"","ast-site-content-layout":"default","site-content-style":"default","site-sidebar-style":"default","ast-global-header-display":"","ast-banner-title-visibility":"","ast-main-header-display":"","ast-hfb-above-header-display":"","ast-hfb-below-header-display":"","ast-hfb-mobile-header-display":"","site-post-title":"","ast-breadcrumbs-content":"","ast-featured-img":"","footer-sml-layout":"","ast-disable-related-posts":"","theme-transparent-header-meta":"","adv-header-id-meta":"","stick-header-meta":"","header-above-stick-meta":"","header-main-stick-meta":"","header-below-stick-meta":"","astra-migrate-meta-layouts":"default","ast-page-background-enabled":"default","ast-page-background-meta":{"desktop":{"background-color":"","background-image":"","background-repeat":"repeat","background-position":"center center","background-size":"auto","background-attachment":"scroll","background-type":"","background-media":"","overlay-type":"","overlay-color":"","overlay-opacity":"","overlay-gradient":""},"tablet":{"background-color":"","background-image":"","background-repeat":"repeat","background-position":"center center","background-size":"auto","background-attachment":"scroll","background-type":"","background-media":"","overlay-type":"","overlay-color":"","overlay-opacity":"","overlay-gradient":""},"mobile":{"background-color":"","background-image":"","background-repeat":"repeat","background-position":"center center","background-size":"auto","background-attachment":"scroll","background-type":"","background-media":"","overlay-type":"","overlay-color":"","overlay-opacity":"","overlay-gradient":""}},"ast-content-background-meta":{"desktop":{"background-color":"var(--ast-global-color-5)","background-image":"","background-repeat":"repeat","background-position":"center center","background-size":"auto","background-attachment":"scroll","background-type":"","background-media":"","overlay-type":"","overlay-color":"","overlay-opacity":"","overlay-gradient":""},"tablet":{"background-color":"var(--ast-global-color-5)","background-image":"","background-repeat":"repeat","background-position":"center center","background-size":"auto","background-attachment":"scroll","background-type":"","background-media":"","overlay-type":"","overlay-color":"","overlay-opacity":"","overlay-gradient":""},"mobile":{"background-color":"var(--ast-global-color-5)","background-image":"","background-repeat":"repeat","background-position":"center center","background-size":"auto","background-attachment":"scroll","background-type":"","background-media":"","overlay-type":"","overlay-color":"","overlay-opacity":"","overlay-gradient":""}},"footnotes":""},"categories":[12],"tags":[],"class_list":["post-83582","post","type-post","status-publish","format-standard","hentry","category-opinion"],"spectra_blocks_featured_image_url":null,"spectra_blocks_author_info":{"display_name":"Jorge Alfredo Baret","avatar_url":"https:\/\/secure.gravatar.com\/avatar\/31696f5ca83439b642450ec7d3f82f98451a5efacb414343d5478c982b337f26?s=96&d=mm&r=g","author_link":"https:\/\/100xd.com.ar\/es\/author\/jorge\/","description":"Ingeniero Qu\u00edmico UTN - Director Apoderado de Comunicaciones Auditadas SA. Editor Responsable 100xd.com.ar."},"_links":{"self":[{"href":"https:\/\/100xd.com.ar\/es\/wp-json\/wp\/v2\/posts\/83582","targetHints":{"allow":["GET"]}}],"collection":[{"href":"https:\/\/100xd.com.ar\/es\/wp-json\/wp\/v2\/posts"}],"about":[{"href":"https:\/\/100xd.com.ar\/es\/wp-json\/wp\/v2\/types\/post"}],"author":[{"embeddable":true,"href":"https:\/\/100xd.com.ar\/es\/wp-json\/wp\/v2\/users\/9"}],"replies":[{"embeddable":true,"href":"https:\/\/100xd.com.ar\/es\/wp-json\/wp\/v2\/comments?post=83582"}],"version-history":[{"count":1,"href":"https:\/\/100xd.com.ar\/es\/wp-json\/wp\/v2\/posts\/83582\/revisions"}],"predecessor-version":[{"id":83584,"href":"https:\/\/100xd.com.ar\/es\/wp-json\/wp\/v2\/posts\/83582\/revisions\/83584"}],"wp:attachment":[{"href":"https:\/\/100xd.com.ar\/es\/wp-json\/wp\/v2\/media?parent=83582"}],"wp:term":[{"taxonomy":"category","embeddable":true,"href":"https:\/\/100xd.com.ar\/es\/wp-json\/wp\/v2\/categories?post=83582"},{"taxonomy":"post_tag","embeddable":true,"href":"https:\/\/100xd.com.ar\/es\/wp-json\/wp\/v2\/tags?post=83582"}],"curies":[{"name":"wp","href":"https:\/\/api.w.org\/{rel}","templated":true}]}}