{"id":83330,"date":"2023-06-11T13:03:07","date_gmt":"2023-06-11T16:03:07","guid":{"rendered":"https:\/\/100xd.com.ar\/?p=83330"},"modified":"2023-06-11T13:03:07","modified_gmt":"2023-06-11T16:03:07","slug":"ladrones","status":"publish","type":"post","link":"https:\/\/100xd.com.ar\/es\/ladrones\/","title":{"rendered":"Ladrones"},"content":{"rendered":"<p class=\"wp-block-paragraph\">Robar fue el verbo estrella de la semana que pas\u00f3. Muchos ciudadanos indefensos lo conjugaron de la peor manera al comunicar que fueron v\u00edctimas de un delito. Otros, como buena parte de la dirigencia pol\u00edtica,&nbsp;<mark>se dedicaron a practicarlo<\/mark>.<\/p>\n\n\n\n<p class=\"wp-block-paragraph\"><strong>Sergio Berni<\/strong>, ministro de Seguridad del gabinete de&nbsp;<strong>Kicillof<\/strong>, ven\u00eda ya de robarle a&nbsp;<strong>Luis Barrionuevo<\/strong>&nbsp;aquella idea de que se necesitaba&nbsp;<mark>dejar de robar por dos a\u00f1os en el pa\u00eds<\/mark>. No es un chiste. Berni se quej\u00f3 -seg\u00fan dijo hace poco- porque que en la Argentina \u201ces m\u00e1s f\u00e1cil robar que trabajar\u201d. Adem\u00e1s de confirmar que nadie hizo caso del consejo de Luisito, en la provincia donde Berni est\u00e1 encargado de garantizar la seguridad de los ciudadanos, se iniciaron en 2022 casi un mill\u00f3n de causas penales:&nbsp;<mark>9,35% m\u00e1s que el a\u00f1o anterior<\/mark>, lo que equivale a casi una denuncia cada dos minutos. La cifra, claro est\u00e1, no incluye la enorme cantidad de gente que desiste de denunciar por miedo o porque sabe que nada va a cambiar. O sea, a ese 9,35% le falta mucho espesor. Un robo.<\/p>\n\n\n\n<p class=\"wp-block-paragraph\">En la Capital,&nbsp;<strong>Horacio Rodr\u00edguez Larreta<\/strong>&nbsp;est\u00e1 robando desesperadamente pantalla en el convulsionado&nbsp;<strong>Juntos por el Cambio<\/strong>&nbsp;al pretender aliarse con el peronismo de&nbsp;<strong>Juan Schiaretti<\/strong>&nbsp;habiendo sido justamente los diputados de Schiaretti los que&nbsp;<mark>avalaron el robo de parte de la coparticipaci\u00f3n que les corresponde a los porte\u00f1os<\/mark>. Una de las v\u00edctimas principales del robo larretista es el cordob\u00e9s&nbsp;<strong>Luis Juez<\/strong>, que ven\u00eda de robar la gran foto con Macri apoy\u00e1ndolo como candidato a gobernador. \u201c<mark>Yo tengo cara de boludo, pero la uso en beneficio propio<\/mark>\u201d, lanz\u00f3 Juez antes de acusar a un consultor de robarle la plata a Larreta para terminar beneficiando al kirchnerismo y a&nbsp;<strong>Milei<\/strong>.<\/p>\n\n\n\n<p class=\"wp-block-paragraph\">Menos mal que fue una<em>&nbsp;fake news<\/em>&nbsp;lo de la diputada kirchnerista porte\u00f1a&nbsp;<strong>Ofelia Fern\u00e1ndez<\/strong>&nbsp;diciendo que, si tuviera hambre, ella tambi\u00e9n robar\u00eda motos. De haberse confirmado, hubiera sido<em>&nbsp;too much<\/em>, como alguna vez dijo&nbsp;<strong>Cristina Kirchner,<\/strong>&nbsp;a quien el fiscal&nbsp;<strong>Guillermo Marijuan<\/strong>&nbsp;pidi\u00f3 y logr\u00f3 que sobreseyeran despu\u00e9s de haberla imputado por robar fondos p\u00fablicos para lavarlos en la ruta del dinero K.<\/p>\n\n\n\n<p class=\"wp-block-paragraph\">Parecer\u00eda que, si las encuestas esta vez no la pifian, Larreta est\u00e1 siendo v\u00edctima de\u00a0<strong>Patricia Bullrich,<\/strong>\u00a0quien le viene robando intenci\u00f3n de votos en fo\u00f3nrma sostenida, adem\u00e1s de lanzarle sablazos verbales a su acercamiento con pol\u00edticos de otro palo. \u201cSi soy electa presidenta y Milei consigue un bloque de 10 o 12 diputados, podr\u00edamos hacer un acuerdo pol\u00edtico importante.\u00a0<mark>Prefiero el \u2018voto idea\u2019 antes que el \u2018voto canje\u2019<\/mark>\u201d.<\/p>\n\n\n\n<p class=\"wp-block-paragraph\">Que tanta escaramuza pol\u00edtica no nos quite el sue\u00f1o, querido lector. Siempre es mejor un final con susto que un susto sin final.<\/p>\n\n\n\n<p class=\"wp-block-paragraph\"><a href=\"https:\/\/www.lanacion.com.ar\/autor\/graciela-guadalupe-137\/\">Graciela Guadalupe<\/a>\u00f3n<\/p>\n\n\n\n<p class=\"wp-block-paragraph\">Fuente:<a href=\"https:\/\/www.lanacion.com.ar\/\"> La Naci\u00f3n<\/a><\/p>","protected":false},"excerpt":{"rendered":"<p>Robar fue el verbo estrella de la semana que pas\u00f3. Muchos ciudadanos indefensos lo conjugaron de la peor manera al comunicar que fueron v\u00edctimas de un delito. Otros, como buena parte de la dirigencia pol\u00edtica,&nbsp;se dedicaron a practicarlo. Sergio Berni, ministro de Seguridad del gabinete de&nbsp;Kicillof, ven\u00eda ya de robarle a&nbsp;Luis Barrionuevo&nbsp;aquella idea de que [&hellip;]<\/p>\n","protected":false},"author":9,"featured_media":0,"comment_status":"open","ping_status":"open","sticky":false,"template":"","format":"standard","meta":{"site-sidebar-layout":"default","site-content-layout":"","ast-site-content-layout":"default","site-content-style":"default","site-sidebar-style":"default","ast-global-header-display":"","ast-banner-title-visibility":"","ast-main-header-display":"","ast-hfb-above-header-display":"","ast-hfb-below-header-display":"","ast-hfb-mobile-header-display":"","site-post-title":"","ast-breadcrumbs-content":"","ast-featured-img":"","footer-sml-layout":"","ast-disable-related-posts":"","theme-transparent-header-meta":"","adv-header-id-meta":"","stick-header-meta":"","header-above-stick-meta":"","header-main-stick-meta":"","header-below-stick-meta":"","astra-migrate-meta-layouts":"default","ast-page-background-enabled":"default","ast-page-background-meta":{"desktop":{"background-color":"","background-image":"","background-repeat":"repeat","background-position":"center center","background-size":"auto","background-attachment":"scroll","background-type":"","background-media":"","overlay-type":"","overlay-color":"","overlay-opacity":"","overlay-gradient":""},"tablet":{"background-color":"","background-image":"","background-repeat":"repeat","background-position":"center center","background-size":"auto","background-attachment":"scroll","background-type":"","background-media":"","overlay-type":"","overlay-color":"","overlay-opacity":"","overlay-gradient":""},"mobile":{"background-color":"","background-image":"","background-repeat":"repeat","background-position":"center center","background-size":"auto","background-attachment":"scroll","background-type":"","background-media":"","overlay-type":"","overlay-color":"","overlay-opacity":"","overlay-gradient":""}},"ast-content-background-meta":{"desktop":{"background-color":"var(--ast-global-color-5)","background-image":"","background-repeat":"repeat","background-position":"center center","background-size":"auto","background-attachment":"scroll","background-type":"","background-media":"","overlay-type":"","overlay-color":"","overlay-opacity":"","overlay-gradient":""},"tablet":{"background-color":"var(--ast-global-color-5)","background-image":"","background-repeat":"repeat","background-position":"center center","background-size":"auto","background-attachment":"scroll","background-type":"","background-media":"","overlay-type":"","overlay-color":"","overlay-opacity":"","overlay-gradient":""},"mobile":{"background-color":"var(--ast-global-color-5)","background-image":"","background-repeat":"repeat","background-position":"center center","background-size":"auto","background-attachment":"scroll","background-type":"","background-media":"","overlay-type":"","overlay-color":"","overlay-opacity":"","overlay-gradient":""}},"footnotes":""},"categories":[2],"tags":[],"class_list":["post-83330","post","type-post","status-publish","format-standard","hentry","category-politica"],"spectra_blocks_featured_image_url":null,"spectra_blocks_author_info":{"display_name":"Jorge Alfredo Baret","avatar_url":"https:\/\/secure.gravatar.com\/avatar\/31696f5ca83439b642450ec7d3f82f98451a5efacb414343d5478c982b337f26?s=96&d=mm&r=g","author_link":"https:\/\/100xd.com.ar\/es\/author\/jorge\/","description":"Ingeniero Qu\u00edmico UTN - Director Apoderado de Comunicaciones Auditadas SA. Editor Responsable 100xd.com.ar."},"_links":{"self":[{"href":"https:\/\/100xd.com.ar\/es\/wp-json\/wp\/v2\/posts\/83330","targetHints":{"allow":["GET"]}}],"collection":[{"href":"https:\/\/100xd.com.ar\/es\/wp-json\/wp\/v2\/posts"}],"about":[{"href":"https:\/\/100xd.com.ar\/es\/wp-json\/wp\/v2\/types\/post"}],"author":[{"embeddable":true,"href":"https:\/\/100xd.com.ar\/es\/wp-json\/wp\/v2\/users\/9"}],"replies":[{"embeddable":true,"href":"https:\/\/100xd.com.ar\/es\/wp-json\/wp\/v2\/comments?post=83330"}],"version-history":[{"count":1,"href":"https:\/\/100xd.com.ar\/es\/wp-json\/wp\/v2\/posts\/83330\/revisions"}],"predecessor-version":[{"id":83332,"href":"https:\/\/100xd.com.ar\/es\/wp-json\/wp\/v2\/posts\/83330\/revisions\/83332"}],"wp:attachment":[{"href":"https:\/\/100xd.com.ar\/es\/wp-json\/wp\/v2\/media?parent=83330"}],"wp:term":[{"taxonomy":"category","embeddable":true,"href":"https:\/\/100xd.com.ar\/es\/wp-json\/wp\/v2\/categories?post=83330"},{"taxonomy":"post_tag","embeddable":true,"href":"https:\/\/100xd.com.ar\/es\/wp-json\/wp\/v2\/tags?post=83330"}],"curies":[{"name":"wp","href":"https:\/\/api.w.org\/{rel}","templated":true}]}}