{"id":83203,"date":"2023-06-09T11:04:39","date_gmt":"2023-06-09T14:04:39","guid":{"rendered":"https:\/\/100xd.com.ar\/?p=83203"},"modified":"2023-06-09T11:06:03","modified_gmt":"2023-06-09T14:06:03","slug":"cecilia-moreau-hablo-sobre-una-posible-salida-de-sergio-massa-del-ministerio-de-economia","status":"publish","type":"post","link":"https:\/\/100xd.com.ar\/es\/cecilia-moreau-hablo-sobre-una-posible-salida-de-sergio-massa-del-ministerio-de-economia\/","title":{"rendered":"Cecilia Moreau habl\u00f3 sobre una posible salida de Sergio Massa del Ministerio de Econom\u00eda"},"content":{"rendered":"\n<p class=\"wp-block-paragraph\">La presidenta de la C\u00e1mara de Diputados,&nbsp;<strong>Cecilia Moreau<\/strong>, asegur\u00f3 este viernes que&nbsp;<strong>Sergio Massa est\u00e1 \u201cmuy cansado\u201d de la \u201cpresi\u00f3n\u201d&nbsp;<\/strong>que pesa sobre sus hombros como ministro de Econom\u00eda y habl\u00f3 de una posible<strong>&nbsp;\u201creconfiguraci\u00f3n pol\u00edtica del Gobierno\u201d<\/strong>. \u201cLo veo en un nivel de hartazgo importante\u201d, lanz\u00f3 la legisladora, muy cercana al funcionario, y cuestion\u00f3 a quienes no valoran su gesti\u00f3n. Sus dichos tuvieron lugar en la previa del Congreso Nacional del Frente Renovador que tendr\u00e1 lugar ma\u00f1ana y cerrar\u00e1 con la palabra del l\u00edder del espacio.<\/p>\n\n\n\n<p class=\"wp-block-paragraph\">\u201cCreo que es posible que haya una reconfiguraci\u00f3n pol\u00edtica del Gobierno.<strong>&nbsp;Lo veo a Sergio muy cansado de tanta presi\u00f3n, de tanto esfuerzo y de la incomprensi\u00f3n que hay por parte de algunos dirigentes de nuestro espacio pol\u00edtico\u201d<\/strong>, lanz\u00f3 esta ma\u00f1ana Moreau en declaraciones a&nbsp;<em>La Red<\/em>.<\/p>\n\n\n\n<p class=\"wp-block-paragraph\">Tras ello, agreg\u00f3: \u201cSi vos ten\u00e9s a todos los gobernadores e intendentes que junto con Cristina Kirchner y con Sergio constituyen el 90% de la representaci\u00f3n territorial y pol\u00edtica de nuestro espacio pol\u00edtico; ten\u00e9s los movimientos sociales con el mismo planteo de que no hab\u00eda que ir a las PASO; a las centrales sindicales diciendo: \u2018Las PASO son una locura\u201d;&nbsp;<strong>y ten\u00e9s a tres o cuatro muchachos diciendo: \u2018Vamos a las PASO igual\u2019, la verdad es que algo no se est\u00e1 entendiendo\u201d<\/strong>.<\/p>\n\n\n\n<p class=\"wp-block-paragraph\">A ra\u00edz de sus dichos, a la diputada le preguntaron si la mencionada \u201creconfiguraci\u00f3n pol\u00edtica del Gobierno\u201d implicar\u00eda la&nbsp;<strong>salida de Massa del Ministerio de Econom\u00eda<\/strong>. Entonces, respondi\u00f3: \u201c<strong>Yo no lo descarto y tampoco lo quiero afirmar. Lo veo en un nivel de hartazgo importante.&nbsp;<\/strong>Es dif\u00edcil con una econom\u00eda con las dificultades que tiene&#8230; Se sabe que todos los d\u00edas es remar para arriba en dulce de leche y lo est\u00e1 llevando bien\u201d.<\/p>\n\n\n\n<p class=\"wp-block-paragraph\">A continuaci\u00f3n, grafic\u00f3 que \u201cla semana que viene,<strong>&nbsp;cuando se cierren las listas, [Massa] va a tener que estar viendo c\u00f3mo hace para reordenar el problema que dej\u00f3 [Mart\u00edn] Guzm\u00e1n&nbsp;<\/strong>con el acuerdo con el Fondo Monetario Internacional (FMI), que hasta ac\u00e1 no se ha podido estabilizar\u201d. \u201cFue un mal acuerdo, inflacionario, y adem\u00e1s de eso se le vino la sequ\u00eda. A ver&#8230; nos faltan US$20 mil millones de d\u00f3lares de lo que signific\u00f3 la sequ\u00eda y la p\u00e9rdida que tuvimos y nadie habla de eso. Terminan hablando de las PASO, de la interna y otras cosas y vos dec\u00eds, \u00bfpero d\u00f3nde est\u00e1mos, en qu\u00e9 mundo vivimos?\u201d.<\/p>\n\n\n\n<p class=\"wp-block-paragraph\">En ese contexto, a Moreau le preguntaron sobre el contendido de la&nbsp;<strong>charla que el mi\u00e9rcoles mantuvieron el ministro de Econom\u00eda y el presidente Alberto Fern\u00e1ndez<\/strong>, quien insiste con la celebraci\u00f3n de unas PASO.<strong>&nbsp;\u201cNo s\u00e9 qu\u00e9 pas\u00f3 en la charla, lo desconozco&nbsp;<\/strong>(&#8230;)<strong>&nbsp;<\/strong>Creo que Alberto es el presidente de todos, tiene que actuar como tal y est\u00e1 intentando por ah\u00ed hacerlo sin ser parte de esta disputa, como Sergio y Cristina. Entonces, es m\u00e1s enojoso que tres o cuatro sean los que te planteen: \u2018Vamos a las PASO, no nos bajamos\u2019\u201d.<\/p>\n\n\n\n<p class=\"wp-block-paragraph\">En ese contexto, agreg\u00f3: \u201cAyer se lo dije por un tuit a Victoria Tolosa Paz. No se entiende, en el 2019 fue primera candidata a diputada nacional de la Provincia por un pedido de Alberto Fern\u00e1ndez. Pod\u00eda gustar m\u00e1s o menos. Ahora, los sectores que tienen mayor representatividad en la Provincia no dijeron: \u2018Vamos a la PASO contra Alberto\u2019, nos encolumnamos todos a trabajar detr\u00e1s de la candidatura de Victoria (&#8230;). Hace un a\u00f1o y medio hizo campa\u00f1a hablando del mejor gobernador de la provincia de Buenos Aires y hoy plantea que quiere ser candidata a gobernadora en su contra&#8230;. En 2019 y 2021 no hubo PASO y ahora resulta que quieren PASO como si la no PASO fuera restrictiva\u201d.<\/p>\n\n\n\n<p class=\"wp-block-paragraph\"><em>Noticia en desarrollo<\/em><\/p>\n\n\n\n<p class=\"wp-block-paragraph\">Fuente:<a href=\"https:\/\/www.lanacion.com.ar\/\"> La Naci\u00f3n<\/a><\/p>\n","protected":false},"excerpt":{"rendered":"<p>La presidenta de la C\u00e1mara de Diputados,&nbsp;Cecilia Moreau, asegur\u00f3 este viernes que&nbsp;Sergio Massa est\u00e1 \u201cmuy cansado\u201d de la \u201cpresi\u00f3n\u201d&nbsp;que pesa sobre sus hombros como ministro de Econom\u00eda y habl\u00f3 de una posible&nbsp;\u201creconfiguraci\u00f3n pol\u00edtica del Gobierno\u201d. \u201cLo veo en un nivel de hartazgo importante\u201d, lanz\u00f3 la legisladora, muy cercana al funcionario, y cuestion\u00f3 a quienes no [&hellip;]<\/p>\n","protected":false},"author":9,"featured_media":0,"comment_status":"open","ping_status":"open","sticky":false,"template":"","format":"standard","meta":{"site-sidebar-layout":"default","site-content-layout":"","ast-site-content-layout":"default","site-content-style":"default","site-sidebar-style":"default","ast-global-header-display":"","ast-banner-title-visibility":"","ast-main-header-display":"","ast-hfb-above-header-display":"","ast-hfb-below-header-display":"","ast-hfb-mobile-header-display":"","site-post-title":"","ast-breadcrumbs-content":"","ast-featured-img":"","footer-sml-layout":"","ast-disable-related-posts":"","theme-transparent-header-meta":"","adv-header-id-meta":"","stick-header-meta":"","header-above-stick-meta":"","header-main-stick-meta":"","header-below-stick-meta":"","astra-migrate-meta-layouts":"default","ast-page-background-enabled":"default","ast-page-background-meta":{"desktop":{"background-color":"","background-image":"","background-repeat":"repeat","background-position":"center center","background-size":"auto","background-attachment":"scroll","background-type":"","background-media":"","overlay-type":"","overlay-color":"","overlay-opacity":"","overlay-gradient":""},"tablet":{"background-color":"","background-image":"","background-repeat":"repeat","background-position":"center center","background-size":"auto","background-attachment":"scroll","background-type":"","background-media":"","overlay-type":"","overlay-color":"","overlay-opacity":"","overlay-gradient":""},"mobile":{"background-color":"","background-image":"","background-repeat":"repeat","background-position":"center center","background-size":"auto","background-attachment":"scroll","background-type":"","background-media":"","overlay-type":"","overlay-color":"","overlay-opacity":"","overlay-gradient":""}},"ast-content-background-meta":{"desktop":{"background-color":"var(--ast-global-color-5)","background-image":"","background-repeat":"repeat","background-position":"center center","background-size":"auto","background-attachment":"scroll","background-type":"","background-media":"","overlay-type":"","overlay-color":"","overlay-opacity":"","overlay-gradient":""},"tablet":{"background-color":"var(--ast-global-color-5)","background-image":"","background-repeat":"repeat","background-position":"center center","background-size":"auto","background-attachment":"scroll","background-type":"","background-media":"","overlay-type":"","overlay-color":"","overlay-opacity":"","overlay-gradient":""},"mobile":{"background-color":"var(--ast-global-color-5)","background-image":"","background-repeat":"repeat","background-position":"center center","background-size":"auto","background-attachment":"scroll","background-type":"","background-media":"","overlay-type":"","overlay-color":"","overlay-opacity":"","overlay-gradient":""}},"footnotes":""},"categories":[25],"tags":[],"class_list":["post-83203","post","type-post","status-publish","format-standard","hentry","category-destacado"],"spectra_blocks_featured_image_url":null,"spectra_blocks_author_info":{"display_name":"Jorge Alfredo Baret","avatar_url":"https:\/\/secure.gravatar.com\/avatar\/31696f5ca83439b642450ec7d3f82f98451a5efacb414343d5478c982b337f26?s=96&d=mm&r=g","author_link":"https:\/\/100xd.com.ar\/es\/author\/jorge\/","description":"Ingeniero Qu\u00edmico UTN - Director Apoderado de Comunicaciones Auditadas SA. Editor Responsable 100xd.com.ar."},"_links":{"self":[{"href":"https:\/\/100xd.com.ar\/es\/wp-json\/wp\/v2\/posts\/83203","targetHints":{"allow":["GET"]}}],"collection":[{"href":"https:\/\/100xd.com.ar\/es\/wp-json\/wp\/v2\/posts"}],"about":[{"href":"https:\/\/100xd.com.ar\/es\/wp-json\/wp\/v2\/types\/post"}],"author":[{"embeddable":true,"href":"https:\/\/100xd.com.ar\/es\/wp-json\/wp\/v2\/users\/9"}],"replies":[{"embeddable":true,"href":"https:\/\/100xd.com.ar\/es\/wp-json\/wp\/v2\/comments?post=83203"}],"version-history":[{"count":1,"href":"https:\/\/100xd.com.ar\/es\/wp-json\/wp\/v2\/posts\/83203\/revisions"}],"predecessor-version":[{"id":83205,"href":"https:\/\/100xd.com.ar\/es\/wp-json\/wp\/v2\/posts\/83203\/revisions\/83205"}],"wp:attachment":[{"href":"https:\/\/100xd.com.ar\/es\/wp-json\/wp\/v2\/media?parent=83203"}],"wp:term":[{"taxonomy":"category","embeddable":true,"href":"https:\/\/100xd.com.ar\/es\/wp-json\/wp\/v2\/categories?post=83203"},{"taxonomy":"post_tag","embeddable":true,"href":"https:\/\/100xd.com.ar\/es\/wp-json\/wp\/v2\/tags?post=83203"}],"curies":[{"name":"wp","href":"https:\/\/api.w.org\/{rel}","templated":true}]}}