{"id":82727,"date":"2023-05-31T12:55:55","date_gmt":"2023-05-31T15:55:55","guid":{"rendered":"https:\/\/100xd.com.ar\/?p=82727"},"modified":"2023-05-31T12:55:55","modified_gmt":"2023-05-31T15:55:55","slug":"provincia-de-san-juan-la-seciti-se-reunio-con-evaluadores-del-programa-ciencia-y-tecnologia-para-la-economia-popular","status":"publish","type":"post","link":"https:\/\/100xd.com.ar\/es\/provincia-de-san-juan-la-seciti-se-reunio-con-evaluadores-del-programa-ciencia-y-tecnologia-para-la-economia-popular\/","title":{"rendered":"Provincia de San Ju\u00e1n: La SECITI se reuni\u00f3 con evaluadores del Programa Ciencia y Tecnolog\u00eda para la Econom\u00eda Popular"},"content":{"rendered":"<p class=\"wp-block-paragraph\">El objetivo principal de este encuentro fue mejorar las herramientas en pol\u00edticas p\u00fablicas destinadas a beneficiar a los sanjuaninos y sanjuaninas que participan en la econom\u00eda popular y promover sus valores.<\/p>\n\n\n\n<p class=\"wp-block-paragraph\">Durante la reuni\u00f3n, se abordaron diversos temas relacionados con la implementaci\u00f3n y desarrollo del programa. La Secretaria Benavente destac\u00f3 la importancia de fortalecer el v\u00ednculo entre la ciencia, la tecnolog\u00eda y la econom\u00eda popular, reconociendo que estas \u00e1reas son fundamentales para el progreso y la inclusi\u00f3n social en la provincia.<\/p>\n\n\n\n<p class=\"wp-block-paragraph\">&#8220;Estamos comprometidos en impulsar el desarrollo cient\u00edfico y tecnol\u00f3gico como herramientas transformadoras para la econom\u00eda popular en San Juan. Queremos brindarles a los emprendedores y emprendedoras de este sector las mejores oportunidades para que puedan crecer, innovar y generar un impacto positivo en la sociedad&#8221;, afirm\u00f3 Marita Benavente durante la reuni\u00f3n.<\/p>\n\n\n\n<p class=\"wp-block-paragraph\">El Programa CITEP, Ciencia y Tecnolog\u00eda para la Econom\u00eda Popular busca fomentar la aplicaci\u00f3n de conocimientos cient\u00edficos y tecnol\u00f3gicos en emprendimientos, se brindan recursos, capacitaci\u00f3n y asistencia t\u00e9cnica a los emprendedores y emprendedoras para promover la mejora en sus procesos productivos y la incorporaci\u00f3n de tecnolog\u00eda en sus proyectos.<\/p>\n\n\n\n<p class=\"wp-block-paragraph\">Durante el encuentro, los evaluadores y evaluadoras presentaron informes sobre los avances y resultados obtenidos hasta el momento, as\u00ed como tambi\u00e9n propuestas para fortalecer la articulaci\u00f3n entre el programa y los emprendedores locales.<\/p>\n\n\n\n<p class=\"wp-block-paragraph\">La Ingeniera Benavente expres\u00f3 su satisfacci\u00f3n por los proyectos presentados y reafirm\u00f3 el compromiso de su equipo de trabajo en seguir mejorando d\u00eda a d\u00eda las herramientas en pol\u00edticas p\u00fablicas. Adem\u00e1s, destac\u00f3 la importancia de la sinergia entre los sectores p\u00fablico y privado, as\u00ed como tambi\u00e9n la colaboraci\u00f3n con organizaciones de la sociedad civil y entidades acad\u00e9micas, para potenciar el desarrollo cient\u00edfico, tecnol\u00f3gico y productivo en la provincia.<\/p>\n\n\n\n<p class=\"wp-block-paragraph\">El Programa CITEP, Ciencia y Tecnolog\u00eda para la Econom\u00eda Popular se consolida como una iniciativa clave en el impulso de la inclusi\u00f3n y el desarrollo econ\u00f3mico en San Juan. Gracias al aporte de la Secretar\u00eda de Estado de Ciencia, Tecnolog\u00eda e Innovaci\u00f3n a los emprendedores locales, se espera fortalecer la econom\u00eda popular y promover valores como la innovaci\u00f3n, la sostenibilidad y la equidad.<\/p>\n\n\n\n<p class=\"wp-block-paragraph\">Fuente: <a href=\"https:\/\/sisanjuan.gob.ar\/\">Si San Ju\u00e1n<\/a><\/p>","protected":false},"excerpt":{"rendered":"<p>El objetivo principal de este encuentro fue mejorar las herramientas en pol\u00edticas p\u00fablicas destinadas a beneficiar a los sanjuaninos y sanjuaninas que participan en la econom\u00eda popular y promover sus valores. Durante la reuni\u00f3n, se abordaron diversos temas relacionados con la implementaci\u00f3n y desarrollo del programa. La Secretaria Benavente destac\u00f3 la importancia de fortalecer el [&hellip;]<\/p>\n","protected":false},"author":9,"featured_media":0,"comment_status":"open","ping_status":"open","sticky":false,"template":"","format":"standard","meta":{"site-sidebar-layout":"default","site-content-layout":"","ast-site-content-layout":"default","site-content-style":"default","site-sidebar-style":"default","ast-global-header-display":"","ast-banner-title-visibility":"","ast-main-header-display":"","ast-hfb-above-header-display":"","ast-hfb-below-header-display":"","ast-hfb-mobile-header-display":"","site-post-title":"","ast-breadcrumbs-content":"","ast-featured-img":"","footer-sml-layout":"","ast-disable-related-posts":"","theme-transparent-header-meta":"","adv-header-id-meta":"","stick-header-meta":"","header-above-stick-meta":"","header-main-stick-meta":"","header-below-stick-meta":"","astra-migrate-meta-layouts":"default","ast-page-background-enabled":"default","ast-page-background-meta":{"desktop":{"background-color":"","background-image":"","background-repeat":"repeat","background-position":"center center","background-size":"auto","background-attachment":"scroll","background-type":"","background-media":"","overlay-type":"","overlay-color":"","overlay-opacity":"","overlay-gradient":""},"tablet":{"background-color":"","background-image":"","background-repeat":"repeat","background-position":"center center","background-size":"auto","background-attachment":"scroll","background-type":"","background-media":"","overlay-type":"","overlay-color":"","overlay-opacity":"","overlay-gradient":""},"mobile":{"background-color":"","background-image":"","background-repeat":"repeat","background-position":"center center","background-size":"auto","background-attachment":"scroll","background-type":"","background-media":"","overlay-type":"","overlay-color":"","overlay-opacity":"","overlay-gradient":""}},"ast-content-background-meta":{"desktop":{"background-color":"var(--ast-global-color-5)","background-image":"","background-repeat":"repeat","background-position":"center center","background-size":"auto","background-attachment":"scroll","background-type":"","background-media":"","overlay-type":"","overlay-color":"","overlay-opacity":"","overlay-gradient":""},"tablet":{"background-color":"var(--ast-global-color-5)","background-image":"","background-repeat":"repeat","background-position":"center center","background-size":"auto","background-attachment":"scroll","background-type":"","background-media":"","overlay-type":"","overlay-color":"","overlay-opacity":"","overlay-gradient":""},"mobile":{"background-color":"var(--ast-global-color-5)","background-image":"","background-repeat":"repeat","background-position":"center center","background-size":"auto","background-attachment":"scroll","background-type":"","background-media":"","overlay-type":"","overlay-color":"","overlay-opacity":"","overlay-gradient":""}},"footnotes":""},"categories":[8],"tags":[],"class_list":["post-82727","post","type-post","status-publish","format-standard","hentry","category-el-mundo"],"spectra_blocks_featured_image_url":null,"spectra_blocks_author_info":{"display_name":"Jorge Alfredo Baret","avatar_url":"https:\/\/secure.gravatar.com\/avatar\/31696f5ca83439b642450ec7d3f82f98451a5efacb414343d5478c982b337f26?s=96&d=mm&r=g","author_link":"https:\/\/100xd.com.ar\/es\/author\/jorge\/","description":"Ingeniero Qu\u00edmico UTN - Director Apoderado de Comunicaciones Auditadas SA. Editor Responsable 100xd.com.ar."},"_links":{"self":[{"href":"https:\/\/100xd.com.ar\/es\/wp-json\/wp\/v2\/posts\/82727","targetHints":{"allow":["GET"]}}],"collection":[{"href":"https:\/\/100xd.com.ar\/es\/wp-json\/wp\/v2\/posts"}],"about":[{"href":"https:\/\/100xd.com.ar\/es\/wp-json\/wp\/v2\/types\/post"}],"author":[{"embeddable":true,"href":"https:\/\/100xd.com.ar\/es\/wp-json\/wp\/v2\/users\/9"}],"replies":[{"embeddable":true,"href":"https:\/\/100xd.com.ar\/es\/wp-json\/wp\/v2\/comments?post=82727"}],"version-history":[{"count":1,"href":"https:\/\/100xd.com.ar\/es\/wp-json\/wp\/v2\/posts\/82727\/revisions"}],"predecessor-version":[{"id":82729,"href":"https:\/\/100xd.com.ar\/es\/wp-json\/wp\/v2\/posts\/82727\/revisions\/82729"}],"wp:attachment":[{"href":"https:\/\/100xd.com.ar\/es\/wp-json\/wp\/v2\/media?parent=82727"}],"wp:term":[{"taxonomy":"category","embeddable":true,"href":"https:\/\/100xd.com.ar\/es\/wp-json\/wp\/v2\/categories?post=82727"},{"taxonomy":"post_tag","embeddable":true,"href":"https:\/\/100xd.com.ar\/es\/wp-json\/wp\/v2\/tags?post=82727"}],"curies":[{"name":"wp","href":"https:\/\/api.w.org\/{rel}","templated":true}]}}