{"id":82666,"date":"2023-05-30T11:18:31","date_gmt":"2023-05-30T14:18:31","guid":{"rendered":"https:\/\/100xd.com.ar\/?p=82666"},"modified":"2023-05-30T11:18:31","modified_gmt":"2023-05-30T14:18:31","slug":"elecciones-2023-horacio-rodriguez-larreta-anuncio-que-jorge-macri-sera-el-candidato-de-pro-en-la-ciudad","status":"publish","type":"post","link":"https:\/\/100xd.com.ar\/es\/elecciones-2023-horacio-rodriguez-larreta-anuncio-que-jorge-macri-sera-el-candidato-de-pro-en-la-ciudad\/","title":{"rendered":"Elecciones 2023: Horacio Rodr\u00edguez Larreta anunci\u00f3 que Jorge Macri ser\u00e1 el candidato de Pro en la Ciudad"},"content":{"rendered":"<p class=\"wp-block-paragraph\">El jefe de gobierno porte\u00f1o y precandidato presidencial,&nbsp;<strong>Horacio Rodr\u00edguez Larreta<\/strong>, anunci\u00f3 hoy que&nbsp;<a href=\"https:\/\/www.lanacion.com.ar\/politica\/jorge-macri-el-primo-de-mauricio-que-tendra-la-dura-mision-de-retener-el-bastion-porteno-para-pro-nid30052023\/\"><strong>Jorge Macri<\/strong><\/a>&nbsp;ser\u00e1 el candidato de Pro a sucederlo al frente de la Ciudad.<\/p>\n\n\n\n<p class=\"wp-block-paragraph\">Sostuvo que tanto el elegido como<a href=\"https:\/\/www.lanacion.com.ar\/politica\/la-pulseada-portena-quiros-priorizara-la-unidad-de-pro-y-acatara-la-decision-de-larreta-nid29052023\/\">&nbsp;<strong>Fern\u00e1n Quir\u00f3s<\/strong><\/a>, que se hab\u00eda convertido en el contendiente de Jorge Macri en la interna por impulso de Larreta, ten\u00edan \u201csobradas capacidades para afrontar el desaf\u00edo\u201d electoral. \u201cJorge tiene una intenci\u00f3n de voto muy consolidada y Fern\u00e1n una potencialidad muy auspiciosa\u201d, escribi\u00f3 el actual jefe de gobierno porte\u00f1o en la carta que difundi\u00f3 a trav\u00e9s de su cuenta de Twitter.<a href=\"https:\/\/www.lanacion.com.ar\/politica\/la-pulseada-portena-quiros-priorizara-la-unidad-de-pro-y-acatara-la-decision-de-larreta-nid29052023\/\" target=\"_blank\" rel=\"noreferrer noopener\"><em><\/em>LA PULSEADA PORTE\u00d1A: QUIR\u00d3S PRIORIZAR\u00c1 LA UNIDAD DE PRO Y ACATAR\u00c1 LA DECISI\u00d3N DE LARRETA<\/a><\/p>\n\n\n\n<p class=\"wp-block-paragraph\">Larreta relat\u00f3 que en las \u00faltimas semanas estuvieron \u201ctrabajando en equipo dentro del Pro, haciendo estudios y analizando muy a conciencia los distintos perfiles y capacidades de los candidatos\u201d y sostuvo que la decisi\u00f3n de apostar por Jorge Macri no se tom\u00f3 \u201cr\u00e1pido\u201d, sino \u201cbien y a conciencia\u201d.<\/p>\n\n\n\n<p class=\"wp-block-paragraph\">\u201cFrente a esta evidencia es que, en conjunto y con la generosidad de Fern\u00e1n de privilegiar siempre la unidad y la potencialidad del Pro, hemos decidido que para garantizar la continuidad de todos los cambios que hemos llevado adelante en la Ciudad y para trabajar por todos los desaf\u00edos que aun quedan por lograr, Jorge ser\u00e1 el candidato del Pro para competir por la Jefatura de Gobierno de la Ciudad en las pr\u00f3ximas elecciones PASO de agosto\u201d, anunci\u00f3 Larreta en su carta, titulada \u201cEl futuro de la ciudad\u201d.<\/p>\n\n\n\n<p class=\"wp-block-paragraph\">No dio precisiones sobre los estudios que justificaron la decisi\u00f3n (nada dijo sobre las encuestas que hab\u00edan anunciado que ser\u00edan determinantes). Tampoco adelant\u00f3 si Quir\u00f3s tendr\u00e1 alg\u00fan otro lugar en las listas de candidatos para las pr\u00f3ximas elecciones.<\/p>\n\n\n\n<p class=\"wp-block-paragraph\">S\u00ed le agradeci\u00f3 \u201cde todo coraz\u00f3n\u201d y lo defini\u00f3 como \u201cun ser humano con may\u00fasculas, un trabajador incansable y un defensor del bienestar integral de las personas\u201d. Dijo que cuid\u00f3 a los porte\u00f1os y que \u201cmanej\u00f3 la pandemia como nadie\u201d.<\/p>\n\n\n\n<figure data-spectra-id=\"spectra-f4749259-c306-4a27-975d-b6ab5813d65f\" class=\"wp-block-image\"><img decoding=\"async\" src=\"https:\/\/resizer.glanacion.com\/resizer\/tM3EQw6sEsY7XsWN_3zDvnfkK_0=\/310x0\/filters:format(webp):quality(80)\/cloudfront-us-east-1.images.arcpublishing.com\/lanacionar\/QVUMVU45YNBI3F2SAX3HFTCHSU.jpeg\" alt=\"Fern\u00e1n Quir\u00f3s, Horacio Rodr\u00edguez Larreta y Jorge Macri, el d\u00eda que se anunci\u00f3 el acuerdo para ir con un candidato \u00fanico en la ciudad\" title=\"Elecciones 2023: Horacio Rodr\u00edguez Larreta anunci\u00f3 que Jorge Macri ser\u00e1 el candidato de Pro en la Ciudad\" \/><figcaption>Fern\u00e1n Quir\u00f3s, Horacio Rodr\u00edguez Larreta y Jorge Macri, el d\u00eda que se anunci\u00f3 el acuerdo para ir con un candidato \u00fanico en la ciudad<\/figcaption><\/figure>\n\n\n\n<p class=\"wp-block-paragraph\">En cuanto a Jorge Macri, que no era su candidato original, afirm\u00f3: \u201cQuiero manifestarle todo mi apoyo a Jorge. Conf\u00edo en el, y estoy seguro que va a dejar todo para estar a la altura del legado que empez\u00f3 Mauricio en 2007 y que tuve el honor de continuar desde 2015\u2033. Dos veces Larreta cit\u00f3 en su carta a Mauricio Macri, con quien tiene una relaci\u00f3n tensa. Le reconoci\u00f3 haber iniciado el \u201clegado\u201d que \u00e9l continu\u00f3.<\/p>\n\n\n\n<p class=\"wp-block-paragraph\">\u201cJorge es un hombre con una experiencia y capacidad de gesti\u00f3n \u00fanica, que convirti\u00f3 a Vicente L\u00f3pez en uno de los municipios mas desarrollados del pa\u00eds\u201d, elogi\u00f3 Larreta al futuro candidato. El principal rival de Jorge Macri dentro de Juntos por el Cambio ser\u00e1 el radical Mart\u00edn Lousteau (Evoluci\u00f3n Ciudadana).<\/p>\n\n\n\n<p class=\"wp-block-paragraph\">191<em><\/em><em><\/em><em><\/em><em><\/em><em><\/em><em><\/em>ESCUCHAR<\/p>\n\n\n\n<p class=\"wp-block-paragraph\">El jefe de gobierno porte\u00f1o y precandidato presidencial,&nbsp;<strong>Horacio Rodr\u00edguez Larreta<\/strong>, anunci\u00f3 hoy que&nbsp;<a href=\"https:\/\/www.lanacion.com.ar\/politica\/jorge-macri-el-primo-de-mauricio-que-tendra-la-dura-mision-de-retener-el-bastion-porteno-para-pro-nid30052023\/\"><strong>Jorge Macri<\/strong><\/a>&nbsp;ser\u00e1 el candidato de Pro a sucederlo al frente de la Ciudad.<\/p>\n\n\n\n<p class=\"wp-block-paragraph\">Sostuvo que tanto el elegido como<a href=\"https:\/\/www.lanacion.com.ar\/politica\/la-pulseada-portena-quiros-priorizara-la-unidad-de-pro-y-acatara-la-decision-de-larreta-nid29052023\/\">&nbsp;<strong>Fern\u00e1n Quir\u00f3s<\/strong><\/a>, que se hab\u00eda convertido en el contendiente de Jorge Macri en la interna por impulso de Larreta, ten\u00edan \u201csobradas capacidades para afrontar el desaf\u00edo\u201d electoral. \u201cJorge tiene una intenci\u00f3n de voto muy consolidada y Fern\u00e1n una potencialidad muy auspiciosa\u201d, escribi\u00f3 el actual jefe de gobierno porte\u00f1o en la carta que difundi\u00f3 a trav\u00e9s de su cuenta de Twitter.<a href=\"https:\/\/www.lanacion.com.ar\/politica\/la-pulseada-portena-quiros-priorizara-la-unidad-de-pro-y-acatara-la-decision-de-larreta-nid29052023\/\" target=\"_blank\" rel=\"noreferrer noopener\"><em><\/em>LA PULSEADA PORTE\u00d1A: QUIR\u00d3S PRIORIZAR\u00c1 LA UNIDAD DE PRO Y ACATAR\u00c1 LA DECISI\u00d3N DE LARRETA<\/a><\/p>\n\n\n\n<p class=\"wp-block-paragraph\">Larreta relat\u00f3 que en las \u00faltimas semanas estuvieron \u201ctrabajando en equipo dentro del Pro, haciendo estudios y analizando muy a conciencia los distintos perfiles y capacidades de los candidatos\u201d y sostuvo que la decisi\u00f3n de apostar por Jorge Macri no se tom\u00f3 \u201cr\u00e1pido\u201d, sino \u201cbien y a conciencia\u201d.<\/p>\n\n\n\n<p class=\"wp-block-paragraph\">\u201cFrente a esta evidencia es que, en conjunto y con la generosidad de Fern\u00e1n de privilegiar siempre la unidad y la potencialidad del Pro, hemos decidido que para garantizar la continuidad de todos los cambios que hemos llevado adelante en la Ciudad y para trabajar por todos los desaf\u00edos que aun quedan por lograr, Jorge ser\u00e1 el candidato del Pro para competir por la Jefatura de Gobierno de la Ciudad en las pr\u00f3ximas elecciones PASO de agosto\u201d, anunci\u00f3 Larreta en su carta, titulada \u201cEl futuro de la ciudad\u201d.<\/p>\n\n\n\n<p class=\"wp-block-paragraph\">No dio precisiones sobre los estudios que justificaron la decisi\u00f3n (nada dijo sobre las encuestas que hab\u00edan anunciado que ser\u00edan determinantes). Tampoco adelant\u00f3 si Quir\u00f3s tendr\u00e1 alg\u00fan otro lugar en las listas de candidatos para las pr\u00f3ximas elecciones.<\/p>\n\n\n\n<p class=\"wp-block-paragraph\">S\u00ed le agradeci\u00f3 \u201cde todo coraz\u00f3n\u201d y lo defini\u00f3 como \u201cun ser humano con may\u00fasculas, un trabajador incansable y un defensor del bienestar integral de las personas\u201d. Dijo que cuid\u00f3 a los porte\u00f1os y que \u201cmanej\u00f3 la pandemia como nadie\u201d.<\/p>\n\n\n\n<figure data-spectra-id=\"spectra-7c7553a9-758c-4e95-9944-d6e9ac5ec572\" class=\"wp-block-image\"><img decoding=\"async\" src=\"https:\/\/resizer.glanacion.com\/resizer\/tM3EQw6sEsY7XsWN_3zDvnfkK_0=\/310x0\/filters:format(webp):quality(80)\/cloudfront-us-east-1.images.arcpublishing.com\/lanacionar\/QVUMVU45YNBI3F2SAX3HFTCHSU.jpeg\" alt=\"Fern\u00e1n Quir\u00f3s, Horacio Rodr\u00edguez Larreta y Jorge Macri, el d\u00eda que se anunci\u00f3 el acuerdo para ir con un candidato \u00fanico en la ciudad\" title=\"Elecciones 2023: Horacio Rodr\u00edguez Larreta anunci\u00f3 que Jorge Macri ser\u00e1 el candidato de Pro en la Ciudad\" \/><figcaption>Fern\u00e1n Quir\u00f3s, Horacio Rodr\u00edguez Larreta y Jorge Macri, el d\u00eda que se anunci\u00f3 el acuerdo para ir con un candidato \u00fanico en la ciudad<\/figcaption><\/figure>\n\n\n\n<p class=\"wp-block-paragraph\">En cuanto a Jorge Macri, que no era su candidato original, afirm\u00f3: \u201cQuiero manifestarle todo mi apoyo a Jorge. Conf\u00edo en el, y estoy seguro que va a dejar todo para estar a la altura del legado que empez\u00f3 Mauricio en 2007 y que tuve el honor de continuar desde 2015\u2033. Dos veces Larreta cit\u00f3 en su carta a Mauricio Macri, con quien tiene una relaci\u00f3n tensa. Le reconoci\u00f3 haber iniciado el \u201clegado\u201d que \u00e9l continu\u00f3.<\/p>\n\n\n\n<p class=\"wp-block-paragraph\">\u201cJorge es un hombre con una experiencia y capacidad de gesti\u00f3n \u00fanica, que convirti\u00f3 a Vicente L\u00f3pez en uno de los municipios mas desarrollados del pa\u00eds\u201d, elogi\u00f3 Larreta al futuro candidato. El principal rival de Jorge Macri dentro de Juntos por el Cambio ser\u00e1 el radical Mart\u00edn Lousteau (Evoluci\u00f3n Ciudadana).https:\/\/platform.twitter.com\/embed\/Tweet.html?dnt=false&amp;embedId=twitter-widget-0&amp;features=eyJ0ZndfdGltZWxpbmVfbGlzdCI6eyJidWNrZXQiOltdLCJ2ZXJzaW9uIjpudWxsfSwidGZ3X2ZvbGxvd2VyX2NvdW50X3N1bnNldCI6eyJidWNrZXQiOnRydWUsInZlcnNpb24iOm51bGx9LCJ0ZndfdHdlZXRfZWRpdF9iYWNrZW5kIjp7ImJ1Y2tldCI6Im9uIiwidmVyc2lvbiI6bnVsbH0sInRmd19yZWZzcmNfc2Vzc2lvbiI6eyJidWNrZXQiOiJvbiIsInZlcnNpb24iOm51bGx9LCJ0ZndfZm9zbnJfc29mdF9pbnRlcnZlbnRpb25zX2VuYWJsZWQiOnsiYnVja2V0Ijoib24iLCJ2ZXJzaW9uIjpudWxsfSwidGZ3X21peGVkX21lZGlhXzE1ODk3Ijp7ImJ1Y2tldCI6InRyZWF0bWVudCIsInZlcnNpb24iOm51bGx9LCJ0ZndfZXhwZXJpbWVudHNfY29va2llX2V4cGlyYXRpb24iOnsiYnVja2V0IjoxMjA5NjAwLCJ2ZXJzaW9uIjpudWxsfSwidGZ3X3Nob3dfYmlyZHdhdGNoX3Bpdm90c19lbmFibGVkIjp7ImJ1Y2tldCI6Im9uIiwidmVyc2lvbiI6bnVsbH0sInRmd19kdXBsaWNhdGVfc2NyaWJlc190b19zZXR0aW5ncyI6eyJidWNrZXQiOiJvbiIsInZlcnNpb24iOm51bGx9LCJ0ZndfdXNlX3Byb2ZpbGVfaW1hZ2Vfc2hhcGVfZW5hYmxlZCI6eyJidWNrZXQiOiJvbiIsInZlcnNpb24iOm51bGx9LCJ0ZndfdmlkZW9faGxzX2R5bmFtaWNfbWFuaWZlc3RzXzE1MDgyIjp7ImJ1Y2tldCI6InRydWVfYml0cmF0ZSIsInZlcnNpb24iOm51bGx9LCJ0ZndfbGVnYWN5X3RpbWVsaW5lX3N1bnNldCI6eyJidWNrZXQiOnRydWUsInZlcnNpb24iOm51bGx9LCJ0ZndfdHdlZXRfZWRpdF9mcm9udGVuZCI6eyJidWNrZXQiOiJvbiIsInZlcnNpb24iOm51bGx9fQ%3D%3D&amp;frame=false&amp;hideCard=false&amp;hideThread=false&amp;id=1663530719669284868&amp;lang=es&amp;origin=https%3A%2F%2Fwww.lanacion.com.ar%2Fpolitica%2Felecciones-2023-horacio-rodriguez-larreta-anuncio-que-jorge-macri-sera-el-candidato-de-pro-en-la-nid30052023%2F&amp;sessionId=f4ecb94756790d490f7f5435a4394041b7fcbc40&amp;theme=light&amp;widgetsVersion=aaf4084522e3a%3A1674595607486&amp;width=550px<\/p>\n\n\n\n<p class=\"wp-block-paragraph\">La carta completa:<\/p>\n\n\n\n<p class=\"wp-block-paragraph\"><em>\u201cHace 16 a\u00f1os que con el PRO empezamos a transformar la Ciudad. Y no paramos m\u00e1s. Juntos, con los vecinos, hicimos la transformaci\u00f3n mas grande de la historia de Buenos Aires. Y lo hicimos en equipo, dialogando, cerca de cada vecino y produciendo cambios que se sostienen a lo largo del tiempo.<\/em><\/p>\n\n\n\n<p class=\"wp-block-paragraph\"><em>Ese es el legado que queda hoy en la Ciudad. Un legado que empez\u00f3 Mauricio y que yo pude continuar. Hoy, me da una gratificaci\u00f3n enorme andar por Buenos Aires y ver c\u00f3mo fuimos capaces de hacer cambios que parec\u00edan imposibles.<\/em><\/p>\n\n\n\n<p class=\"wp-block-paragraph\"><em>Estas transformaciones tiene que seguir adelante. Tenemos que continuar haciendo de Buenos Aires una ciudad cada vez m\u00e1s moderna, m\u00e1s segura, m\u00e1s inclusiva, m\u00e1s amable y con m\u00e1s oportunidades para todos los que la viven y la visitan. Buenos Aires es una de las capitales del mundo y tiene much\u00edsimo para seguir aportando a la transformaci\u00f3n de nuestra naci\u00f3n.<\/em><\/p>\n\n\n\n<figure data-spectra-id=\"spectra-01eac815-d91c-497d-8dec-11ec54630959\" class=\"wp-block-image\"><img decoding=\"async\" src=\"https:\/\/resizer.glanacion.com\/resizer\/N9E3DavCczVxrGJIRwSh3V4EKWk=\/310x0\/filters:format(webp):quality(80)\/cloudfront-us-east-1.images.arcpublishing.com\/lanacionar\/HVQ2D6VOHVH2XDOBFKP7ZHU46A.png\" alt=\"Jorge Macri y Fern\u00e1n Quir\u00f3s, en la primera fila del Tedeum por el 25 de Mayo. Junto a ellos, la presidenta del Tribunal Superior de Justicia de la Ciudad, In\u00e9s Weinberg de Roca\" title=\"Elecciones 2023: Horacio Rodr\u00edguez Larreta anunci\u00f3 que Jorge Macri ser\u00e1 el candidato de Pro en la Ciudad\" \/><figcaption>Jorge Macri y Fern\u00e1n Quir\u00f3s, en la primera fila del Tedeum por el 25 de Mayo. Junto a ellos, la presidenta del Tribunal Superior de Justicia de la Ciudad, In\u00e9s Weinberg de Roca<\/figcaption><\/figure>\n\n\n\n<p class=\"wp-block-paragraph\"><em>Para ello, en las ultimas semanas estuvimos trabajando en equipo dentro del Pro, haciendo estudios y analizando muy a conciencia los distintos perfiles y capacidades de los candidatos. Esta no es una decisi\u00f3n que se toma r\u00e1pido, sino que es una decisi\u00f3n que se toma bien y a conciencia. Tanto Fern\u00e1n como Jorge tienen sobradas capacidades para afrontar este desaf\u00edo. Jorge tiene una intenci\u00f3n de voto muy consolidada y Fern\u00e1n una potencialidad muy auspiciosa.<\/em><\/p>\n\n\n\n<p class=\"wp-block-paragraph\"><em>Frente a esta evidencia es que, en conjunto y con la generosidad de Fern\u00e1n de privilegiar siempre la unidad y la potencialidad del Pro, hemos decidido que para garantizar la continuidad de todos los cambios que hemos llevado adelante en la Ciudad y para trabajar por todos los desaf\u00edos que aun quedan por lograr, Jorge ser\u00e1 el candidato del Pro para competir por la Jefatura de Gobierno de la Ciudad en las pr\u00f3ximas elecciones PASO de Agosto.<\/em><\/p>\n\n\n\n<p class=\"wp-block-paragraph\"><em>Quiero agradecerle de todo coraz\u00f3n a Fern\u00e1n. Un ser humano con may\u00fasculas, un trabajador incansable y un defensor del bienestar integral de las personas. Manej\u00f3 la pandemia como nadie y nos cuid\u00f3 a todos en la crisis sanitaria m\u00e1s importante de la historia.<\/em><\/p>\n\n\n\n<p class=\"wp-block-paragraph\"><em>Y quiero manifestarle todo mi apoyo a Jorge. Conf\u00edo en el, y estoy seguro que va a dejar todo para estar a la altura del legado que empez\u00f3 Mauricio en 2007 y que tuve el honor de continuar desde 2015. Jorge es un hombre con una experiencia y capacidad de gesti\u00f3n \u00fanica, que convirti\u00f3 a Vicente L\u00f3pez en uno de los municipios mas desarrollados del pa\u00eds. Su visi\u00f3n, su capacidad de gesti\u00f3n y su compromiso con la transformaci\u00f3n van seguir haciendo de Buenos Aires un faro para toda la Argentina y para Latinoam\u00e9rica.<\/em><\/p>\n\n\n\n<p class=\"wp-block-paragraph\"><em>Los argentinos estamos viviendo momentos de mucha angustia y dolor. Pero yo estoy convencido que podemos cambiar. Yo voy a trabajar, trabajar y trabajar para lograrlo. Conf\u00edo en los argentinos y se que cuando trabajamos juntos somos imparables. Llego el momento de animarnos a hacer el cambio de nuestras vidas.\u201d<\/em><\/p>\n\n\n\n<p class=\"wp-block-paragraph\">Fuente:<a href=\"https:\/\/www.lanacion.com.ar\/\"> La Naci\u00f3n<\/a><\/p>","protected":false},"excerpt":{"rendered":"<p>El jefe de gobierno porte\u00f1o y precandidato presidencial,&nbsp;Horacio Rodr\u00edguez Larreta, anunci\u00f3 hoy que&nbsp;Jorge Macri&nbsp;ser\u00e1 el candidato de Pro a sucederlo al frente de la Ciudad. Sostuvo que tanto el elegido como&nbsp;Fern\u00e1n Quir\u00f3s, que se hab\u00eda convertido en el contendiente de Jorge Macri en la interna por impulso de Larreta, ten\u00edan \u201csobradas capacidades para afrontar el [&hellip;]<\/p>\n","protected":false},"author":9,"featured_media":0,"comment_status":"open","ping_status":"open","sticky":false,"template":"","format":"standard","meta":{"site-sidebar-layout":"default","site-content-layout":"","ast-site-content-layout":"default","site-content-style":"default","site-sidebar-style":"default","ast-global-header-display":"","ast-banner-title-visibility":"","ast-main-header-display":"","ast-hfb-above-header-display":"","ast-hfb-below-header-display":"","ast-hfb-mobile-header-display":"","site-post-title":"","ast-breadcrumbs-content":"","ast-featured-img":"","footer-sml-layout":"","ast-disable-related-posts":"","theme-transparent-header-meta":"","adv-header-id-meta":"","stick-header-meta":"","header-above-stick-meta":"","header-main-stick-meta":"","header-below-stick-meta":"","astra-migrate-meta-layouts":"default","ast-page-background-enabled":"default","ast-page-background-meta":{"desktop":{"background-color":"","background-image":"","background-repeat":"repeat","background-position":"center center","background-size":"auto","background-attachment":"scroll","background-type":"","background-media":"","overlay-type":"","overlay-color":"","overlay-opacity":"","overlay-gradient":""},"tablet":{"background-color":"","background-image":"","background-repeat":"repeat","background-position":"center center","background-size":"auto","background-attachment":"scroll","background-type":"","background-media":"","overlay-type":"","overlay-color":"","overlay-opacity":"","overlay-gradient":""},"mobile":{"background-color":"","background-image":"","background-repeat":"repeat","background-position":"center center","background-size":"auto","background-attachment":"scroll","background-type":"","background-media":"","overlay-type":"","overlay-color":"","overlay-opacity":"","overlay-gradient":""}},"ast-content-background-meta":{"desktop":{"background-color":"var(--ast-global-color-5)","background-image":"","background-repeat":"repeat","background-position":"center center","background-size":"auto","background-attachment":"scroll","background-type":"","background-media":"","overlay-type":"","overlay-color":"","overlay-opacity":"","overlay-gradient":""},"tablet":{"background-color":"var(--ast-global-color-5)","background-image":"","background-repeat":"repeat","background-position":"center center","background-size":"auto","background-attachment":"scroll","background-type":"","background-media":"","overlay-type":"","overlay-color":"","overlay-opacity":"","overlay-gradient":""},"mobile":{"background-color":"var(--ast-global-color-5)","background-image":"","background-repeat":"repeat","background-position":"center center","background-size":"auto","background-attachment":"scroll","background-type":"","background-media":"","overlay-type":"","overlay-color":"","overlay-opacity":"","overlay-gradient":""}},"footnotes":""},"categories":[2],"tags":[],"class_list":["post-82666","post","type-post","status-publish","format-standard","hentry","category-politica"],"spectra_blocks_featured_image_url":null,"spectra_blocks_author_info":{"display_name":"Jorge Alfredo Baret","avatar_url":"https:\/\/secure.gravatar.com\/avatar\/31696f5ca83439b642450ec7d3f82f98451a5efacb414343d5478c982b337f26?s=96&d=mm&r=g","author_link":"https:\/\/100xd.com.ar\/es\/author\/jorge\/","description":"Ingeniero Qu\u00edmico UTN - Director Apoderado de Comunicaciones Auditadas SA. Editor Responsable 100xd.com.ar."},"_links":{"self":[{"href":"https:\/\/100xd.com.ar\/es\/wp-json\/wp\/v2\/posts\/82666","targetHints":{"allow":["GET"]}}],"collection":[{"href":"https:\/\/100xd.com.ar\/es\/wp-json\/wp\/v2\/posts"}],"about":[{"href":"https:\/\/100xd.com.ar\/es\/wp-json\/wp\/v2\/types\/post"}],"author":[{"embeddable":true,"href":"https:\/\/100xd.com.ar\/es\/wp-json\/wp\/v2\/users\/9"}],"replies":[{"embeddable":true,"href":"https:\/\/100xd.com.ar\/es\/wp-json\/wp\/v2\/comments?post=82666"}],"version-history":[{"count":1,"href":"https:\/\/100xd.com.ar\/es\/wp-json\/wp\/v2\/posts\/82666\/revisions"}],"predecessor-version":[{"id":82668,"href":"https:\/\/100xd.com.ar\/es\/wp-json\/wp\/v2\/posts\/82666\/revisions\/82668"}],"wp:attachment":[{"href":"https:\/\/100xd.com.ar\/es\/wp-json\/wp\/v2\/media?parent=82666"}],"wp:term":[{"taxonomy":"category","embeddable":true,"href":"https:\/\/100xd.com.ar\/es\/wp-json\/wp\/v2\/categories?post=82666"},{"taxonomy":"post_tag","embeddable":true,"href":"https:\/\/100xd.com.ar\/es\/wp-json\/wp\/v2\/tags?post=82666"}],"curies":[{"name":"wp","href":"https:\/\/api.w.org\/{rel}","templated":true}]}}