{"id":81681,"date":"2023-05-11T13:23:38","date_gmt":"2023-05-11T16:23:38","guid":{"rendered":"https:\/\/100xd.com.ar\/?p=81681"},"modified":"2023-05-11T13:23:38","modified_gmt":"2023-05-11T16:23:38","slug":"tonterias","status":"publish","type":"post","link":"https:\/\/100xd.com.ar\/es\/tonterias\/","title":{"rendered":"Tonter\u00edas"},"content":{"rendered":"<p class=\"wp-block-paragraph\">CARACAS.\u2013 El pasado&nbsp;<strong>D\u00eda Mundial de la Libertad de Prensa<\/strong>, el Colegio Nacional de Periodistas denunci\u00f3&nbsp;<mark>violaciones de derechos fundamentales<\/mark>&nbsp;en cinco casos de profesionales de la comunicaci\u00f3n, presos o en libertad con medidas cautelares. Hace alg\u00fan tiempo se public\u00f3 en la edici\u00f3n impresa de&nbsp;<em>El Nacional<\/em>&nbsp;un editorial sobre las amenazas al derecho humano a manifestar libremente pensamientos, ideas u opiniones de viva voz, por escrito o por cualquier otra forma de expresi\u00f3n, y de hacer uso para ello de cualquier medio de prensa y difusi\u00f3n, sin que pueda establecerse censura, tal como pauta la carta magna vigente, tenida como la mejor Constituci\u00f3n del mundo por&nbsp;<strong>Hugo Ch\u00e1vez,<\/strong>&nbsp;pero denostada y degradada por \u00e9l mismo cuando dej\u00f3 de serle \u00fatil.<\/p>\n\n\n\n<p class=\"wp-block-paragraph\">Aquel editorial contaba un di\u00e1logo sostenido por&nbsp;<strong>Fidel Castro<\/strong>&nbsp;y&nbsp;<strong>Anast\u00e1s Mikoy\u00e1n<\/strong>, viceprimer ministro de la extinta Uni\u00f3n Sovi\u00e9tica, en visita a Cuba para firmar los primeros acuerdos de lo que ser\u00eda una larga relaci\u00f3n entre ambos pa\u00edses. Improvisado int\u00e9rprete del encuentro fue el periodista Mike Rold\u00e1n, quien, alarmado por las opiniones del visitante \u2013\u201d<mark>se debe tener mucho cuidado con la libertad de prensa, porque pone en peligro a la revoluci\u00f3n<\/mark>\u201d\u2013 se limit\u00f3 a decir: \u201c\u00a1<mark>Este tipo est\u00e1 hablando tonter\u00edas<\/mark>!\u201d.<\/p>\n\n\n\n<p class=\"wp-block-paragraph\">Las violaciones de la libertad de expresi\u00f3n son inconcebibles en democracia, pero, para los ismos absolutistas (socialismo, peronismo, chavismo, castrismo), esa prerrogativa es mera tonter\u00eda.<\/p>\n\n\n\n<p class=\"wp-block-paragraph\">Fuente:<a href=\"https:\/\/www.lanacion.com.ar\/\"> La Naci\u00f3n<\/a><\/p>","protected":false},"excerpt":{"rendered":"<p>CARACAS.\u2013 El pasado&nbsp;D\u00eda Mundial de la Libertad de Prensa, el Colegio Nacional de Periodistas denunci\u00f3&nbsp;violaciones de derechos fundamentales&nbsp;en cinco casos de profesionales de la comunicaci\u00f3n, presos o en libertad con medidas cautelares. Hace alg\u00fan tiempo se public\u00f3 en la edici\u00f3n impresa de&nbsp;El Nacional&nbsp;un editorial sobre las amenazas al derecho humano a manifestar libremente pensamientos, ideas [&hellip;]<\/p>\n","protected":false},"author":9,"featured_media":0,"comment_status":"open","ping_status":"open","sticky":false,"template":"","format":"standard","meta":{"site-sidebar-layout":"default","site-content-layout":"","ast-site-content-layout":"default","site-content-style":"default","site-sidebar-style":"default","ast-global-header-display":"","ast-banner-title-visibility":"","ast-main-header-display":"","ast-hfb-above-header-display":"","ast-hfb-below-header-display":"","ast-hfb-mobile-header-display":"","site-post-title":"","ast-breadcrumbs-content":"","ast-featured-img":"","footer-sml-layout":"","ast-disable-related-posts":"","theme-transparent-header-meta":"","adv-header-id-meta":"","stick-header-meta":"","header-above-stick-meta":"","header-main-stick-meta":"","header-below-stick-meta":"","astra-migrate-meta-layouts":"default","ast-page-background-enabled":"default","ast-page-background-meta":{"desktop":{"background-color":"","background-image":"","background-repeat":"repeat","background-position":"center center","background-size":"auto","background-attachment":"scroll","background-type":"","background-media":"","overlay-type":"","overlay-color":"","overlay-opacity":"","overlay-gradient":""},"tablet":{"background-color":"","background-image":"","background-repeat":"repeat","background-position":"center center","background-size":"auto","background-attachment":"scroll","background-type":"","background-media":"","overlay-type":"","overlay-color":"","overlay-opacity":"","overlay-gradient":""},"mobile":{"background-color":"","background-image":"","background-repeat":"repeat","background-position":"center center","background-size":"auto","background-attachment":"scroll","background-type":"","background-media":"","overlay-type":"","overlay-color":"","overlay-opacity":"","overlay-gradient":""}},"ast-content-background-meta":{"desktop":{"background-color":"var(--ast-global-color-5)","background-image":"","background-repeat":"repeat","background-position":"center center","background-size":"auto","background-attachment":"scroll","background-type":"","background-media":"","overlay-type":"","overlay-color":"","overlay-opacity":"","overlay-gradient":""},"tablet":{"background-color":"var(--ast-global-color-5)","background-image":"","background-repeat":"repeat","background-position":"center center","background-size":"auto","background-attachment":"scroll","background-type":"","background-media":"","overlay-type":"","overlay-color":"","overlay-opacity":"","overlay-gradient":""},"mobile":{"background-color":"var(--ast-global-color-5)","background-image":"","background-repeat":"repeat","background-position":"center center","background-size":"auto","background-attachment":"scroll","background-type":"","background-media":"","overlay-type":"","overlay-color":"","overlay-opacity":"","overlay-gradient":""}},"footnotes":""},"categories":[149],"tags":[],"class_list":["post-81681","post","type-post","status-publish","format-standard","hentry","category-entrevistas"],"spectra_blocks_featured_image_url":null,"spectra_blocks_author_info":{"display_name":"Jorge Alfredo Baret","avatar_url":"https:\/\/secure.gravatar.com\/avatar\/31696f5ca83439b642450ec7d3f82f98451a5efacb414343d5478c982b337f26?s=96&d=mm&r=g","author_link":"https:\/\/100xd.com.ar\/es\/author\/jorge\/","description":"Ingeniero Qu\u00edmico UTN - Director Apoderado de Comunicaciones Auditadas SA. Editor Responsable 100xd.com.ar."},"_links":{"self":[{"href":"https:\/\/100xd.com.ar\/es\/wp-json\/wp\/v2\/posts\/81681","targetHints":{"allow":["GET"]}}],"collection":[{"href":"https:\/\/100xd.com.ar\/es\/wp-json\/wp\/v2\/posts"}],"about":[{"href":"https:\/\/100xd.com.ar\/es\/wp-json\/wp\/v2\/types\/post"}],"author":[{"embeddable":true,"href":"https:\/\/100xd.com.ar\/es\/wp-json\/wp\/v2\/users\/9"}],"replies":[{"embeddable":true,"href":"https:\/\/100xd.com.ar\/es\/wp-json\/wp\/v2\/comments?post=81681"}],"version-history":[{"count":1,"href":"https:\/\/100xd.com.ar\/es\/wp-json\/wp\/v2\/posts\/81681\/revisions"}],"predecessor-version":[{"id":81683,"href":"https:\/\/100xd.com.ar\/es\/wp-json\/wp\/v2\/posts\/81681\/revisions\/81683"}],"wp:attachment":[{"href":"https:\/\/100xd.com.ar\/es\/wp-json\/wp\/v2\/media?parent=81681"}],"wp:term":[{"taxonomy":"category","embeddable":true,"href":"https:\/\/100xd.com.ar\/es\/wp-json\/wp\/v2\/categories?post=81681"},{"taxonomy":"post_tag","embeddable":true,"href":"https:\/\/100xd.com.ar\/es\/wp-json\/wp\/v2\/tags?post=81681"}],"curies":[{"name":"wp","href":"https:\/\/api.w.org\/{rel}","templated":true}]}}