{"id":8135,"date":"2015-08-24T09:24:18","date_gmt":"2015-08-24T12:24:18","guid":{"rendered":"http:\/\/www.100xd.com.ar\/?p=8135"},"modified":"2015-08-24T16:32:26","modified_gmt":"2015-08-24T19:32:26","slug":"comienza-el-paro-por-5-dias-del-sector-productivo-rural","status":"publish","type":"post","link":"https:\/\/100xd.com.ar\/es\/comienza-el-paro-por-5-dias-del-sector-productivo-rural\/","title":{"rendered":"Comienza el paro por 5 d\u00edas del sector productivo rural"},"content":{"rendered":"<p>Tres de las entidades que conforman la denominada Mesa de Enlace, la Sociedad Rural Argentina (SRA), Confederaciones Rurales Argentinas (CRA) y Coninagro, llevar\u00e1n adelante a partir de esta medianoche un nuevo lock out patronal que consistir\u00e1 en el cese de comercializaci\u00f3n de granos y animales en pie, que se extender\u00e1 hasta la medianoche del pr\u00f3ximo viernes.<\/p>\n<p>Como ya sucedi\u00f3 en otras protestas llevadas a cabo en lo que va del corriente a\u00f1o, la Federaci\u00f3n Agraria Argentina no formar\u00e1 parte de la convocatoria.\u00a0Del cese de comercializaci\u00f3n quedar\u00e1n excluidas las producciones agropecuarias de las zonas afectadas por las inundaciones, as\u00ed como los productos perecederos.<\/p>\n<p>La protesta de los productores bajo la consigna &#8220;No Maten al Campo&#8221;, consistir\u00e1 en un cese de comercializaci\u00f3n de granos y hacienda en pie que finalizar\u00e1 a la medianoche del viernes 28 de agosto.<\/p>\n<p>El campo reclama, entre otras cuestiones, la eliminaci\u00f3n de retenciones a las exportaciones de granos como trigo y ma\u00edz, y a las econom\u00edas regionales, terminar con el sistema de Roes de permisos de exportaci\u00f3n, y quitar las trabas comerciales sobre las operaciones de venta al exterior, por ejemplo, de la carne.<\/p>\n<p>&#8220;Esta acci\u00f3n gremial busca poner en evidencia la cr\u00edtica situaci\u00f3n econ\u00f3mica que atraviesan todas las producciones agropecuarias del pa\u00eds, que el Gobierno Nacional sigue sin resolver&#8221;, dijeron las entidades en un comunicado.\u00a0Esta medida, que no contar\u00e1 con la adhesi\u00f3n de la Federaci\u00f3n Agraria, es la segunda que realizan CRA, SRA y\u00a0CONINAGRO en lo que va del a\u00f1o.<\/p>\n<p>A su vez desde el sector rural aseguran que no esperan cambios importantes en el sector por parte del gobierno.\u00a0En este sentido, el presidente de Coninagro, Egidio Mailland, admiti\u00f3: &#8220;No nos van a recibir ni van a atender el reclamo. S\u00ed, van a seguir con parchecitos&#8221;.<\/p>","protected":false},"excerpt":{"rendered":"<p>Tres de las entidades que conforman la denominada Mesa de Enlace, la Sociedad Rural Argentina (SRA), Confederaciones Rurales Argentinas (CRA) y Coninagro, llevar\u00e1n adelante a partir de esta medianoche un nuevo lock out patronal que consistir\u00e1 en el cese de comercializaci\u00f3n de granos y animales en pie, que se extender\u00e1 hasta la medianoche del pr\u00f3ximo [&hellip;]<\/p>\n","protected":false},"author":4,"featured_media":0,"comment_status":"open","ping_status":"open","sticky":false,"template":"","format":"standard","meta":{"site-sidebar-layout":"default","site-content-layout":"","ast-site-content-layout":"default","site-content-style":"default","site-sidebar-style":"default","ast-global-header-display":"","ast-banner-title-visibility":"","ast-main-header-display":"","ast-hfb-above-header-display":"","ast-hfb-below-header-display":"","ast-hfb-mobile-header-display":"","site-post-title":"","ast-breadcrumbs-content":"","ast-featured-img":"","footer-sml-layout":"","ast-disable-related-posts":"","theme-transparent-header-meta":"","adv-header-id-meta":"","stick-header-meta":"","header-above-stick-meta":"","header-main-stick-meta":"","header-below-stick-meta":"","astra-migrate-meta-layouts":"default","ast-page-background-enabled":"default","ast-page-background-meta":{"desktop":{"background-color":"","background-image":"","background-repeat":"repeat","background-position":"center center","background-size":"auto","background-attachment":"scroll","background-type":"","background-media":"","overlay-type":"","overlay-color":"","overlay-opacity":"","overlay-gradient":""},"tablet":{"background-color":"","background-image":"","background-repeat":"repeat","background-position":"center center","background-size":"auto","background-attachment":"scroll","background-type":"","background-media":"","overlay-type":"","overlay-color":"","overlay-opacity":"","overlay-gradient":""},"mobile":{"background-color":"","background-image":"","background-repeat":"repeat","background-position":"center center","background-size":"auto","background-attachment":"scroll","background-type":"","background-media":"","overlay-type":"","overlay-color":"","overlay-opacity":"","overlay-gradient":""}},"ast-content-background-meta":{"desktop":{"background-color":"var(--ast-global-color-5)","background-image":"","background-repeat":"repeat","background-position":"center center","background-size":"auto","background-attachment":"scroll","background-type":"","background-media":"","overlay-type":"","overlay-color":"","overlay-opacity":"","overlay-gradient":""},"tablet":{"background-color":"var(--ast-global-color-5)","background-image":"","background-repeat":"repeat","background-position":"center center","background-size":"auto","background-attachment":"scroll","background-type":"","background-media":"","overlay-type":"","overlay-color":"","overlay-opacity":"","overlay-gradient":""},"mobile":{"background-color":"var(--ast-global-color-5)","background-image":"","background-repeat":"repeat","background-position":"center center","background-size":"auto","background-attachment":"scroll","background-type":"","background-media":"","overlay-type":"","overlay-color":"","overlay-opacity":"","overlay-gradient":""}},"footnotes":""},"categories":[2],"tags":[744,2322,513,2323,1667],"class_list":["post-8135","post","type-post","status-publish","format-standard","hentry","category-politica","tag-campo","tag-coninagro","tag-paro","tag-retenciones","tag-sociedad-rural"],"spectra_blocks_featured_image_url":null,"spectra_blocks_author_info":{"display_name":"Facundo Novillo","avatar_url":"https:\/\/secure.gravatar.com\/avatar\/09745bc65ce6bf84291d6515d5f759c04b4fce4f329b8a975a8ac2982b552d3e?s=96&d=mm&r=g","author_link":"https:\/\/100xd.com.ar\/es\/author\/facundo\/","description":""},"_links":{"self":[{"href":"https:\/\/100xd.com.ar\/es\/wp-json\/wp\/v2\/posts\/8135","targetHints":{"allow":["GET"]}}],"collection":[{"href":"https:\/\/100xd.com.ar\/es\/wp-json\/wp\/v2\/posts"}],"about":[{"href":"https:\/\/100xd.com.ar\/es\/wp-json\/wp\/v2\/types\/post"}],"author":[{"embeddable":true,"href":"https:\/\/100xd.com.ar\/es\/wp-json\/wp\/v2\/users\/4"}],"replies":[{"embeddable":true,"href":"https:\/\/100xd.com.ar\/es\/wp-json\/wp\/v2\/comments?post=8135"}],"version-history":[{"count":1,"href":"https:\/\/100xd.com.ar\/es\/wp-json\/wp\/v2\/posts\/8135\/revisions"}],"predecessor-version":[{"id":8137,"href":"https:\/\/100xd.com.ar\/es\/wp-json\/wp\/v2\/posts\/8135\/revisions\/8137"}],"wp:attachment":[{"href":"https:\/\/100xd.com.ar\/es\/wp-json\/wp\/v2\/media?parent=8135"}],"wp:term":[{"taxonomy":"category","embeddable":true,"href":"https:\/\/100xd.com.ar\/es\/wp-json\/wp\/v2\/categories?post=8135"},{"taxonomy":"post_tag","embeddable":true,"href":"https:\/\/100xd.com.ar\/es\/wp-json\/wp\/v2\/tags?post=8135"}],"curies":[{"name":"wp","href":"https:\/\/api.w.org\/{rel}","templated":true}]}}