{"id":81042,"date":"2023-04-29T10:14:26","date_gmt":"2023-04-29T13:14:26","guid":{"rendered":"https:\/\/100xd.com.ar\/?p=81042"},"modified":"2023-04-29T10:14:26","modified_gmt":"2023-04-29T13:14:26","slug":"una-clase-para-condicionar-mas-que-para-liderar-2","status":"publish","type":"post","link":"https:\/\/100xd.com.ar\/es\/una-clase-para-condicionar-mas-que-para-liderar-2\/","title":{"rendered":"Una clase para condicionar, m\u00e1s que para liderar"},"content":{"rendered":"<p class=\"wp-block-paragraph\">Las sorpresas estuvieron ausentes para los que esperaban que los&nbsp;<a href=\"https:\/\/www.lanacion.com.ar\/politica\/cristina-kirchner-habla-en-el-teatro-argentino-de-la-plata-en-vivo-nid27042023\/\">misterios&nbsp;<\/a>sobre las candidaturas oficialistas empezaran a develarse en la tarde-noche de La Plata. No es tiempo ni est\u00e1n dadas las condiciones para hacerlo. La precariedad y la&nbsp;<strong>imprevisibilidad<\/strong>&nbsp;no encuentran un ancla. Como los precios y el&nbsp;<strong>d\u00f3lar<\/strong>.<\/p>\n\n\n\n<p class=\"wp-block-paragraph\">Antes que nada,&nbsp;<strong>Cristina Kirchner<\/strong>&nbsp;hizo, en su \u201cclase magistral\u201d en La Plata, una escenificaci\u00f3n de la centralidad que conserva entre los propios, con el clamor de fondo de una sala de teatro pidiendo por&nbsp;<mark>una candidatura que sigue manteniendo en el misterio<\/mark>. Pero, tambi\u00e9n, fue una reafirmaci\u00f3n de la alianza por necesidad que tienen el cristicamporismo y el massismo, amenazada por un enemigo recargado:&nbsp;<strong>la derecha liberal, a la que le dedic\u00f3 buena parte de su presentaci\u00f3n<\/strong>.<a href=\"https:\/\/www.lanacion.com.ar\/politica\/cristina-kirchner-habla-en-el-teatro-argentino-de-la-plata-en-vivo-nid27042023\/\" target=\"_blank\" rel=\"noreferrer noopener\"><em><\/em>HABLA CRISTINA KIRCHNER EN EL TEATRO ARGENTINO DE LA PLATA, EN VIVO: \u201cYO YA VIV\u00cd, DI TODO LO QUE TEN\u00cdA PARA DAR\u201d<\/a><\/p>\n\n\n\n<p class=\"wp-block-paragraph\">Al mismo tiempo realiz\u00f3 una encendida y extensa reivindicaci\u00f3n y ratificaci\u00f3n de su pensamiento econ\u00f3mico-pol\u00edtico, m\u00e1s en el rol de l\u00edder de una facci\u00f3n que intenta condicionar la construcci\u00f3n electoral de su espacio que como una vicepresidenta en ejercicio. Y fue expl\u00edcita en ese plano al decir dos veces que \u201chace falta construir programas de gobierno\u201d.&nbsp;<strong>Mensaje para Sergio Massa<\/strong>.<\/p>\n\n\n\n<p class=\"wp-block-paragraph\">No pareci\u00f3 importar que esa fijaci\u00f3n de posiciones econ\u00f3micas se contradiga en los hechos con las de sus actuales socios, que alguna vez fueron encarnizados adversarios. En todos los casos, son m\u00e1s expresiones de debilidad que de fortaleza, que solo la urgencia y el temor a la p\u00e9rdida del poder pueden conciliar. Por eso, hubo elogios pero tambi\u00e9n algunas el\u00edpticas cr\u00edticas a \u201cSergio\u201d, como lo llam\u00f3 con familiaridad al ministro de Econom\u00eda.<\/p>\n\n\n\n<p class=\"wp-block-paragraph\">Tampoco esa es una novedad. Las diferencias encuentran un punto de consenso y de paz en el oficialismo cuando la situaci\u00f3n pol\u00edtica y econ\u00f3mica pas\u00f3 de estar&nbsp;<strong>al borde de la cornisa<\/strong>&nbsp;para empezar a planear sobre el abismo. Los adversarios internos dejan de atacarse entre s\u00ed para culpar al un\u00edsono a los enemigos externos por sus desgracias y especialmente, por las desgracias que padecen todos los argentinos<\/p>\n\n\n\n<p class=\"wp-block-paragraph\">As\u00ed, la celebraci\u00f3n del 20\u00b0 aniversario de la derrota triunfal de&nbsp;<strong>N\u00e9stor Kirchner<\/strong>&nbsp;en la primera vuelta de las elecciones presidenciales de 2023 opera de referencia estimulante, no tanto para la esperanza como para alimentar una ilusi\u00f3n que se marchita a diario con la marcha de la econom\u00eda.<\/p>\n\n\n\n<p class=\"wp-block-paragraph\">Aquel 22% de los votos que abri\u00f3 el largo ciclo kirchnerista hoy en su ocaso se asemeja en mucho a los pron\u00f3sticos de votos para el oficialismo que surgen ahora de las encuestas, aunque para utilizarlo como base de lanzamiento haya que olvidar el hito del 54% que lograron Cristina Kirchner-Amado Boudou en 2011<mark>. Desde entonces todo se desliza por un tobog\u00e1n<\/mark>. No hay lugar para m\u00e1s fracturas.<\/p>\n\n\n\n<p class=\"wp-block-paragraph\">Las diferencias con 2003 son hoy demasiadas y la vicepresidenta no pudo ocultarlo aunque intent\u00f3 trazar paralelismos desde el comienzo de su discurso, al afirmar que \u201cel pasado se torna presente\u201d para luego agregar o advertir \u201cy tal vez frustre el futuro\u201d. En esas remembranzas, la referencia hecha al \u201cque se vayan todos\u201d de 2001-2002 no debe haber sonado agradable para&nbsp;<mark>el gran ausente en La Plata, el Presidente que ella construy\u00f3, para quien no hay indulto<\/mark>. Un abismo que se vuelve otra vez amenazante.<\/p>\n\n\n\n<p class=\"wp-block-paragraph\">La necesidad de actualizar consignas se torna as\u00ed perentoria y es indisimulable, como se vio en La Plata. Por eso, acaba de modificarse (o ampliarse) el santo y se\u00f1a utilizado hasta hace nada por funcionarios, dirigentes y militantes de todas las facciones frentetodistas para zafar de las encrucijadas que los obligaban a dar explicaciones por los errores, incumplimientos y tropiezos del Gobierno.<\/p>\n\n\n\n<h2 class=\"wp-block-heading\">\u201cAh, pero la derecha\u201d<\/h2>\n\n\n\n<p class=\"wp-block-paragraph\">Del ya famoso \u201cah pero Macri\u201d se pas\u00f3 ahora a&nbsp;<mark>\u201cla culpa es de la derecha\u201d<\/mark>. Con Juntos por el Cambio como culpables no alcanza y tampoco quieren darle a esa coalici\u00f3n tanta centralidad. Por eso, sumaron a los libertarios antisistema y Cristina Kirchner les dedic\u00f3 a ellos la mayor parte de sus contraargumentos. Como si la emergencia y crecimiento de&nbsp;<strong>Javier Milei<\/strong>&nbsp;y sus seguidores no estuviera relacionado directamente con los fracasos de la actual gesti\u00f3n.<\/p>\n\n\n\n<p class=\"wp-block-paragraph\">La vicepresidenta termin\u00f3 por convalidar la nueva variante del anatema que destina a los enemigos, convirtiendo a la derecha liberal en el contradestinatario dominante de su discurso. Sin importar que los hechos se empe\u00f1en en cuestionar simplificaciones por m\u00e1s que se revistan de extensas argumentaciones.&nbsp;<mark>Las contradicciones internas son inocultables<\/mark>.<\/p>\n\n\n\n<p class=\"wp-block-paragraph\">Tampoco importa que el artilugio no sea novedoso y solo sirva para anestesiar penurias y darles alguna l\u00ednea argumental a los fieles que no dudan, pero padecen la crisis que su gobierno no puede o no sabe resolver y solo ha tendido a agravarse.<\/p>\n\n\n\n<p class=\"wp-block-paragraph\"><strong>Sergio Massa es el \u00faltimo basti\u00f3n que les queda&nbsp;<\/strong>y est\u00e1n condenados a sostenerlo, aunque su performance no arroje \u00e9xitos en las variables que m\u00e1s impactan sobre la sociedad en general y su electorado, como la inflaci\u00f3n y el deterioro constante y acelerado de la moneda.<\/p>\n\n\n\n<p class=\"wp-block-paragraph\">La corrida cambiaria de los \u00faltimos d\u00edas, despu\u00e9s del r\u00e9cord inflacionario del 7,7% de marzo, aport\u00f3 el nuevo pegamento para reforzar la<strong>&nbsp;alianza contranatura&nbsp;<\/strong>(o gracias a la naturaleza del poder) que componen el cristicamporismo y el massimo. Facciones que desde sus or\u00edgenes y hasta no hace tanto se ubicaban en las ant\u00edpodas ideol\u00f3gico-pol\u00edticas y, sobre todo, discursivas del arco frentetodista.<\/p>\n\n\n\n<p class=\"wp-block-paragraph\">Las diatribas antinorteamericanas y antifondomonetaristas que Cristina Kirchner y sus fieles de La C\u00e1mpora siempre han expresado logran ahora en el plano narrativo encontrar atajos para tratar de disimular contradicciones y hallar coincidencias con la hist\u00f3rica y muy actual adscripci\u00f3n y dependencia de Massa con los poderes del norte. La vicepresidenta lo explicit\u00f3.<\/p>\n\n\n\n<p class=\"wp-block-paragraph\">La reformulaci\u00f3n o \u201crebalanceo\u201d (como lo llaman para no hablar de revisi\u00f3n ni de nuevo acuerdo) de lo pactado con el Fondo Monetario en el que avanzan Massa y su equipo para acomodar las metas a la m\u00e1s deteriorada realidad econ\u00f3mica nacional es el hecho que permite la confluencia, junto a la denuncia de la conspiraci\u00f3n de la derecha. El acuerdo que Cristina Kirchner volvi\u00f3 a denostar es el que firm\u00f3&nbsp;<strong>Mart\u00edn Guzm\u00e1n<\/strong>, al que el cristicamporismo condena, y no el que su defendido sucesor \u201cSergio\u201d intent\u00f3 cumplir y ahora se apresta a revisar con el benepl\u00e1cito del organismo.<\/p>\n\n\n\n<p class=\"wp-block-paragraph\">Por eso, unos ya no hablan de romper con el maldito organismo imperial de cr\u00e9dito, sino de hacer un nuevo acuerdo, mientras el otro exagera diferencias. Ambos coinciden en resaltar la&nbsp;<mark>culpabilizaci\u00f3n al macrismo por haber tra\u00eddo de vuelta al FMI<\/mark>: puestas en escenas de un teatro de sombras en el que cada uno desempe\u00f1a su papel.<\/p>\n\n\n\n<p class=\"wp-block-paragraph\">Con esa escenificaci\u00f3n de trasfondo parte del equipo econ\u00f3mico emprende un nuevo viaje a Washington para justificar desviaciones de lo pactado y pedir clemencia y ayuda para salir. Al mismo tiempo, el eficaz equipo de comunicaci\u00f3n de Massa exagera las concesiones que hace el organismo de cr\u00e9dito como si fueran fruto de su rudeza para negociar y no del temor cada vez m\u00e1s palplable de que el sistema colapse con consecuencias imprevisibles.<\/p>\n\n\n\n<p class=\"wp-block-paragraph\">El massismo explota, adem\u00e1s, las preocupaciones geopol\u00edticas de&nbsp;<strong>Washington<\/strong>&nbsp;que radican no solo en que haya m\u00e1s desorden en la regi\u00f3n, sino tambi\u00e9n en la ampliaci\u00f3n de la presencia o dependencia de&nbsp;<strong>China<\/strong>. La efectivizaci\u00f3n del&nbsp;<em>swap<\/em>&nbsp;chino para pagar importaciones desde ese pa\u00eds es parte de esa puesta en escena. Amenazas con balas de fogueo.<\/p>\n\n\n\n<p class=\"wp-block-paragraph\">El comercio con China no es la preocupaci\u00f3n central de Estados Unidos, sino el avance de ese pa\u00eds en cuestiones vinculadas con la&nbsp;<strong>seguridad&nbsp;<\/strong>y la&nbsp;<strong>energ\u00eda<\/strong>. Pero todo sirve para construir escenarios. La activaci\u00f3n del pr\u00e9stamo en yuanes no es un posicionamiento geopol\u00edtico, solo busca evitar que la crisis de reservas genere m\u00e1s estancamiento de la econom\u00eda que el que ya se prev\u00e9 y que se estima en una ca\u00edda del PBI para este a\u00f1o del orden del 4 por ciento.<a href=\"https:\/\/www.lanacion.com.ar\/politica\/el-avion-ruso-que-encendio-las-alarmas-de-la-oposicion-no-pudo-cargar-combustible-en-la-argentina-y-nid27042023\/\" target=\"_blank\" rel=\"noreferrer noopener\"><em><\/em>EL AVI\u00d3N RUSO QUE ENCENDI\u00d3 LAS ALARMAS DE LA OPOSICI\u00d3N NO PUDO CARGAR COMBUSTIBLE EN LA ARGENTINA Y DEBI\u00d3 VOLAR A PARAGUAY<\/a><\/p>\n\n\n\n<p class=\"wp-block-paragraph\">Seg\u00fan c\u00e1lculos de economistas de la oposici\u00f3n que conservan buenas fuentes en el&nbsp;<strong>Banco Central<\/strong>&nbsp;all\u00ed quedar\u00edan apenas 1.500 millones de d\u00f3lares de reservas netas, incluyendo los dep\u00f3sitos especiales de giro, casi la cuarta parte de lo que se necesita mensualmente para afrontar importaciones. As\u00ed de cr\u00edtica es la situaci\u00f3n.<\/p>\n\n\n\n<p class=\"wp-block-paragraph\">Las herramientas con las que cuenta el oficialismo para llegar al fin del actual mandato y encarar con posibilidades el proceso electoral son escasas en lo econ\u00f3mico y en lo pol\u00edtico. Qued\u00f3 expuesto otra vez en La Plata y sus dirigentes se encomiendan al temor a un nuevo fantasma.\u00a0<strong>\u201cAh pero la derecha\u201d<\/strong>, es la consigna.<\/p>\n\n\n\n<p class=\"wp-block-paragraph\"><a href=\"https:\/\/www.lanacion.com.ar\/autor\/claudio-jacquelin-100\/\">Claudio Jacquelin<\/a><\/p>\n\n\n\n<p class=\"wp-block-paragraph\">Fuente:<a href=\"https:\/\/www.lanacion.com.ar\/\"> La Naci\u00f3n<\/a><\/p>","protected":false},"excerpt":{"rendered":"<p>Las sorpresas estuvieron ausentes para los que esperaban que los&nbsp;misterios&nbsp;sobre las candidaturas oficialistas empezaran a develarse en la tarde-noche de La Plata. No es tiempo ni est\u00e1n dadas las condiciones para hacerlo. La precariedad y la&nbsp;imprevisibilidad&nbsp;no encuentran un ancla. Como los precios y el&nbsp;d\u00f3lar. Antes que nada,&nbsp;Cristina Kirchner&nbsp;hizo, en su \u201cclase magistral\u201d en La Plata, [&hellip;]<\/p>\n","protected":false},"author":9,"featured_media":0,"comment_status":"open","ping_status":"open","sticky":false,"template":"","format":"standard","meta":{"site-sidebar-layout":"default","site-content-layout":"","ast-site-content-layout":"default","site-content-style":"default","site-sidebar-style":"default","ast-global-header-display":"","ast-banner-title-visibility":"","ast-main-header-display":"","ast-hfb-above-header-display":"","ast-hfb-below-header-display":"","ast-hfb-mobile-header-display":"","site-post-title":"","ast-breadcrumbs-content":"","ast-featured-img":"","footer-sml-layout":"","ast-disable-related-posts":"","theme-transparent-header-meta":"","adv-header-id-meta":"","stick-header-meta":"","header-above-stick-meta":"","header-main-stick-meta":"","header-below-stick-meta":"","astra-migrate-meta-layouts":"default","ast-page-background-enabled":"default","ast-page-background-meta":{"desktop":{"background-color":"","background-image":"","background-repeat":"repeat","background-position":"center center","background-size":"auto","background-attachment":"scroll","background-type":"","background-media":"","overlay-type":"","overlay-color":"","overlay-opacity":"","overlay-gradient":""},"tablet":{"background-color":"","background-image":"","background-repeat":"repeat","background-position":"center center","background-size":"auto","background-attachment":"scroll","background-type":"","background-media":"","overlay-type":"","overlay-color":"","overlay-opacity":"","overlay-gradient":""},"mobile":{"background-color":"","background-image":"","background-repeat":"repeat","background-position":"center center","background-size":"auto","background-attachment":"scroll","background-type":"","background-media":"","overlay-type":"","overlay-color":"","overlay-opacity":"","overlay-gradient":""}},"ast-content-background-meta":{"desktop":{"background-color":"var(--ast-global-color-5)","background-image":"","background-repeat":"repeat","background-position":"center center","background-size":"auto","background-attachment":"scroll","background-type":"","background-media":"","overlay-type":"","overlay-color":"","overlay-opacity":"","overlay-gradient":""},"tablet":{"background-color":"var(--ast-global-color-5)","background-image":"","background-repeat":"repeat","background-position":"center center","background-size":"auto","background-attachment":"scroll","background-type":"","background-media":"","overlay-type":"","overlay-color":"","overlay-opacity":"","overlay-gradient":""},"mobile":{"background-color":"var(--ast-global-color-5)","background-image":"","background-repeat":"repeat","background-position":"center center","background-size":"auto","background-attachment":"scroll","background-type":"","background-media":"","overlay-type":"","overlay-color":"","overlay-opacity":"","overlay-gradient":""}},"footnotes":""},"categories":[12],"tags":[],"class_list":["post-81042","post","type-post","status-publish","format-standard","hentry","category-opinion"],"spectra_blocks_featured_image_url":null,"spectra_blocks_author_info":{"display_name":"Jorge Alfredo Baret","avatar_url":"https:\/\/secure.gravatar.com\/avatar\/31696f5ca83439b642450ec7d3f82f98451a5efacb414343d5478c982b337f26?s=96&d=mm&r=g","author_link":"https:\/\/100xd.com.ar\/es\/author\/jorge\/","description":"Ingeniero Qu\u00edmico UTN - Director Apoderado de Comunicaciones Auditadas SA. Editor Responsable 100xd.com.ar."},"_links":{"self":[{"href":"https:\/\/100xd.com.ar\/es\/wp-json\/wp\/v2\/posts\/81042","targetHints":{"allow":["GET"]}}],"collection":[{"href":"https:\/\/100xd.com.ar\/es\/wp-json\/wp\/v2\/posts"}],"about":[{"href":"https:\/\/100xd.com.ar\/es\/wp-json\/wp\/v2\/types\/post"}],"author":[{"embeddable":true,"href":"https:\/\/100xd.com.ar\/es\/wp-json\/wp\/v2\/users\/9"}],"replies":[{"embeddable":true,"href":"https:\/\/100xd.com.ar\/es\/wp-json\/wp\/v2\/comments?post=81042"}],"version-history":[{"count":1,"href":"https:\/\/100xd.com.ar\/es\/wp-json\/wp\/v2\/posts\/81042\/revisions"}],"predecessor-version":[{"id":81044,"href":"https:\/\/100xd.com.ar\/es\/wp-json\/wp\/v2\/posts\/81042\/revisions\/81044"}],"wp:attachment":[{"href":"https:\/\/100xd.com.ar\/es\/wp-json\/wp\/v2\/media?parent=81042"}],"wp:term":[{"taxonomy":"category","embeddable":true,"href":"https:\/\/100xd.com.ar\/es\/wp-json\/wp\/v2\/categories?post=81042"},{"taxonomy":"post_tag","embeddable":true,"href":"https:\/\/100xd.com.ar\/es\/wp-json\/wp\/v2\/tags?post=81042"}],"curies":[{"name":"wp","href":"https:\/\/api.w.org\/{rel}","templated":true}]}}